{"id":621683,"date":"2025-12-25T14:20:12","date_gmt":"2025-12-25T14:20:12","guid":{"rendered":"https:\/\/www.europesays.com\/fr\/621683\/"},"modified":"2025-12-25T14:20:12","modified_gmt":"2025-12-25T14:20:12","slug":"echangee-a-la-naissance-il-y-a-23-ans-une-espagnole-indemnisee-a-hauteur-dun-million-deuros","status":"publish","type":"post","link":"https:\/\/www.europesays.com\/fr\/621683\/","title":{"rendered":"\u00e9chang\u00e9e \u00e0 la naissance il y a 23 ans, une Espagnole indemnis\u00e9e \u00e0 hauteur d\u2019un million d\u2019euros"},"content":{"rendered":"<p>\n    \u00c9chang\u00e9e \u00e0 la naissance \u00e0 la suite d\u2019une erreur hospitali\u00e8re, une Espagnole de 23 ans va recevoir 975.000 euros d\u2019indemnisation. Une d\u00e9cision de justice qui reconna\u00eet le pr\u00e9judice moral subi par la jeune femme.<\/p>\n<p class=\"fig-paragraph\">Vingt-trois ans apr\u00e8s une erreur commise \u00e0 la maternit\u00e9, la justice espagnole a reconnu lundi le pr\u00e9judice subi par une jeune femme \u00e9chang\u00e9e \u00e0 la naissance avec\u00a0<a href=\"http:\/\/www.lefigaro.fr\/faits-divers\/bebe-mort-dans-un-centre-de-tri-dans-le-finistere-l-epineuse-question-du-statut-juridique-du-nourrisson-20251211\" target=\"_blank\" data-fig-type=\"NewsFlash\" rel=\"noopener\" data-gtm-custom-categorie=\"navigation\" data-gtm-custom-action=\"crossclick\" data-gtm-custom-label=\"Contextuel\" data-gtm-event=\"customEventSPE\" data-fig-domain=\"LEFIGARO\">un autre nourrisson<\/a>\u00a0dans un h\u00f4pital du nord du pays. La Haute Cour de justice de La Rioja a port\u00e9 \u00e0 975.000 euros l\u2019indemnisation qui lui est due, pour des \u00abdommages moraux\u00bb li\u00e9s \u00e0 une confusion survenue en juin 2002 \u00e0 l\u2019h\u00f4pital San Mill\u00e1n de Logro\u00f1o, rapporte\u00a0<a href=\"https:\/\/elpais.com\/espana\/2025-12-22\/la-justicia-eleva-a-975000-euros-la-indemnizacion-por-el-intercambio-de-dos-bebes-en-logrono-en-2002.html\" target=\"_blank\" rel=\"sponsored noopener\" data-gtm-custom-categorie=\"navigation\" data-gtm-custom-action=\"crossclick\" data-gtm-custom-label=\"Contextuel\" data-gtm-event=\"customEventSPE\">El Pa\u00eds<\/a> .<\/p>\n<p class=\"fig-paragraph\">\u00c0 l\u2019\u00e9poque, deux nouveau-n\u00e9s avaient \u00e9t\u00e9 confi\u00e9s aux mauvais parents \u00e0 leur sortie de maternit\u00e9. L\u2019erreur n\u2019a \u00e9t\u00e9 d\u00e9couverte que quinze ans plus tard, \u00e0 la suite d\u2019un\u00a0<a href=\"http:\/\/madame.lefigaro.fr\/bien-etre\/j-ai-fait-un-test-adn-pour-decouvrir-de-quoi-j-allais-mourir-et-l-eviter-ces-francais-qui-veulent-conjurer-le-temps-20251122\" target=\"_blank\" data-fig-type=\"Article\" rel=\"noopener\" data-gtm-custom-categorie=\"navigation\" data-gtm-custom-action=\"crossclick\" data-gtm-custom-label=\"Contextuel\" data-gtm-event=\"customEventSPE\" data-fig-domain=\"MADAME\">test ADN<\/a>\u00a0r\u00e9alis\u00e9 par l\u2019une des jeunes femmes. Apr\u00e8s plusieurs ann\u00e9es d\u2019enqu\u00eate, les autorit\u00e9s sanitaires ont confirm\u00e9 en 2021 que les deux enfants n\u2019avaient pas grandi au sein de leur famille biologique, \u00e9voquant alors une \u00aberreur humaine dans la gestion des incubateurs\u00bb dans la gestion du service.<\/p>\n<p>                                            <a class=\"fig-a11y-skip\" href=\"#fig-a11y-skip-main-inarticle\" data-module=\"a11y-skip\" data-context=\"was @visible\"><br \/>\n    Passer la publicit\u00e9<br \/>\n<\/a>            <\/p>\n<p>                                            Des circonstances aggravantes<\/p>\n<p class=\"fig-paragraph\">Initialement, en 2022, la r\u00e9gion de La Rioja avait propos\u00e9 une compensation de 850.000 euros \u00e0 chacune des victimes. L\u2019une d\u2019elles, estimant cette somme insuffisante, r\u00e9clamait plus de trois millions d\u2019euros pour des \u00abdommages irr\u00e9parables\u00bb. Le tribunal a finalement d\u00e9cid\u00e9 d\u2019augmenter l\u2019indemnisation de 125.000 euros, en tenant compte de circonstances aggravantes. Selon\u00a0<a href=\"https:\/\/www.eldiario.es\/la-rioja\/justicia-eleva-975-000-euros-indemnizacion-ninas-intercambiadas-nacer-logrono-2002_1_12864561.html\" target=\"_blank\" rel=\"sponsored noopener\" data-gtm-custom-categorie=\"navigation\" data-gtm-custom-action=\"crossclick\" data-gtm-custom-label=\"Contextuel\" data-gtm-event=\"customEventSPE\">El Diario<\/a>, la plaignante n\u2019a jamais pu rencontrer sa m\u00e8re biologique, d\u00e9c\u00e9d\u00e9e en 2018, et a connu une enfance marqu\u00e9e par une situation d\u2019abandon, ayant \u00e9t\u00e9 plac\u00e9e sous la tutelle de sa grand-m\u00e8re.<\/p>\n<p class=\"fig-paragraph\">\u00abLe dommage moral est major\u00e9 en raison de l\u2019impossibilit\u00e9 de r\u00e9tablir le lien avec la m\u00e8re biologique et de la situation d\u2019abandon v\u00e9cue pendant son enfance\u00bb, souligne la d\u00e9cision de justice. La seconde jeune femme, \u00e9galement \u00e9chang\u00e9e \u00e0 la naissance, a elle aussi engag\u00e9 une proc\u00e9dure judiciaire. Elle r\u00e9clame trois millions d\u2019euros de d\u00e9dommagement, auxquels s\u2019ajoutent 1,3 million d\u2019euros demand\u00e9s pour ses parents non biologiques, estimant que l\u2019erreur hospitali\u00e8re a affect\u00e9 durablement l\u2019ensemble du noyau familial.<\/p>\n<p class=\"fig-paragraph\">Leur avocat, Jos\u00e9 S\u00e1ez Morga, cit\u00e9 par la presse espagnole, rappelle que \u00abces femmes ont \u00e9t\u00e9 priv\u00e9es de leur histoire, de leur famille\u00bb et \u00abqu\u2019aucune somme ne pourra effacer cela\u00bb. Le gouvernement r\u00e9gional a annonc\u00e9 accepter ce jugement. \u00abIl est juste de reconna\u00eetre les dommages moraux dans ce genre d\u2019affaires sensibles et d\u00e9licates\u00bb, a reconnu Alfonso Dom\u00ednguez, porte-parole de l\u2019ex\u00e9cutif de La Rioja. La d\u00e9cision reste toutefois susceptible d\u2019un recours devant le Tribunal supr\u00eame.<\/p>\n","protected":false},"excerpt":{"rendered":"\u00c9chang\u00e9e \u00e0 la naissance \u00e0 la suite d\u2019une erreur hospitali\u00e8re, une Espagnole de 23 ans va recevoir 975.000&hellip;\n","protected":false},"author":2,"featured_media":621684,"comment_status":"","ping_status":"","sticky":false,"template":"","format":"standard","meta":{"footnotes":""},"categories":[5],"tags":[11,3493,123,1011,27,14,12,28],"class_list":{"0":"post-621683","1":"post","2":"type-post","3":"status-publish","4":"format-standard","5":"has-post-thumbnail","7":"category-international","8":"tag-actualites","9":"tag-bebe","10":"tag-espagne","11":"tag-fr","12":"tag-france","13":"tag-international","14":"tag-news","15":"tag-world"},"share_on_mastodon":{"url":"https:\/\/pubeurope.com\/@fr\/115780650612671588","error":""},"_links":{"self":[{"href":"https:\/\/www.europesays.com\/fr\/wp-json\/wp\/v2\/posts\/621683","targetHints":{"allow":["GET"]}}],"collection":[{"href":"https:\/\/www.europesays.com\/fr\/wp-json\/wp\/v2\/posts"}],"about":[{"href":"https:\/\/www.europesays.com\/fr\/wp-json\/wp\/v2\/types\/post"}],"author":[{"embeddable":true,"href":"https:\/\/www.europesays.com\/fr\/wp-json\/wp\/v2\/users\/2"}],"replies":[{"embeddable":true,"href":"https:\/\/www.europesays.com\/fr\/wp-json\/wp\/v2\/comments?post=621683"}],"version-history":[{"count":0,"href":"https:\/\/www.europesays.com\/fr\/wp-json\/wp\/v2\/posts\/621683\/revisions"}],"wp:featuredmedia":[{"embeddable":true,"href":"https:\/\/www.europesays.com\/fr\/wp-json\/wp\/v2\/media\/621684"}],"wp:attachment":[{"href":"https:\/\/www.europesays.com\/fr\/wp-json\/wp\/v2\/media?parent=621683"}],"wp:term":[{"taxonomy":"category","embeddable":true,"href":"https:\/\/www.europesays.com\/fr\/wp-json\/wp\/v2\/categories?post=621683"},{"taxonomy":"post_tag","embeddable":true,"href":"https:\/\/www.europesays.com\/fr\/wp-json\/wp\/v2\/tags?post=621683"}],"curies":[{"name":"wp","href":"https:\/\/api.w.org\/{rel}","templated":true}]}}