{"id":621689,"date":"2025-12-25T14:24:14","date_gmt":"2025-12-25T14:24:14","guid":{"rendered":"https:\/\/www.europesays.com\/fr\/621689\/"},"modified":"2025-12-25T14:24:14","modified_gmt":"2025-12-25T14:24:14","slug":"loire-incendie-le-soir-du-reveillon-a-la-talaudiere-un-immeuble-evacue","status":"publish","type":"post","link":"https:\/\/www.europesays.com\/fr\/621689\/","title":{"rendered":"Loire. Incendie le soir du r\u00e9veillon \u00e0 La Talaudi\u00e8re : un immeuble \u00e9vacu\u00e9"},"content":{"rendered":"<p>C\u2019est un r\u00e9veillon qui restera grav\u00e9 dans les m\u00e9moires des Talaudi\u00e9roises et Talaudi\u00e9rois du d\u00e9but de la rue Evrard.<\/p>\n<p>En effet, un garage a pris feu dans la soir\u00e9e du 24\u00a0d\u00e9cembre peu apr\u00e8s 21 heures. Les habitants de l\u2019immeuble jouxtant le garage ont quitt\u00e9 leur logement pr\u00e9cipitamment. Accompagn\u00e9s par la police, les pompiers sont intervenus avec un camion, puis un second \u00e9quip\u00e9 de la grande \u00e9chelle pour \u00e9viter la propagation de l\u2019incendie aux jardins et immeubles d\u2019\u00e0 c\u00f4t\u00e9.<\/p>\n<p>  Des flammes d&rsquo;une vingtaine de m\u00e8tres<\/p>\n<p>Les pompiers ayant circonscrit l\u2019incendie, les habitants de l\u2019immeuble ont pu rentrer chez eux. Mais ils ont \u00ab\u00a0\u00e9t\u00e9 impressionn\u00e9s par la hauteur des flammes d\u2019une vingtaine de m\u00e8tres et qui l\u00e9chaient les murs de l\u2019immeuble\u00a0\u00bb, selon l\u2019un d\u2019eux. Policiers et pompiers sont rest\u00e9s sur place jusqu\u2019\u00e0 minuit pour s\u00e9curiser le site.<\/p>\n<p>Ce jeudi matin, les pompiers sont revenus pour inspecter les lieux et \u00e9viter tout nouveau d\u00e9part de flamme. On ignore \u00e0 cette heure l\u2019origine de cet incendie.<\/p>\n","protected":false},"excerpt":{"rendered":"C\u2019est un r\u00e9veillon qui restera grav\u00e9 dans les m\u00e9moires des Talaudi\u00e9roises et Talaudi\u00e9rois du d\u00e9but de la rue&hellip;\n","protected":false},"author":2,"featured_media":621690,"comment_status":"","ping_status":"","sticky":false,"template":"","format":"standard","meta":{"footnotes":""},"categories":[9653],"tags":[1111,11,2430,7539,1777,674,274,107,1011,27,1310,12053,3367,12,25,4001,9664],"class_list":{"0":"post-621689","1":"post","2":"type-post","3":"status-publish","4":"format-standard","5":"has-post-thumbnail","7":"category-saint-etienne","8":"tag-actu","9":"tag-actualites","10":"tag-auvergne-rhone-alpes","11":"tag-edition-loire-sud","12":"tag-eu","13":"tag-europe","14":"tag-faits-divers-justice","15":"tag-fil-info","16":"tag-fr","17":"tag-france","18":"tag-incendie","19":"tag-la-talaudiere","20":"tag-loire","21":"tag-news","22":"tag-republique-francaise","23":"tag-saint-etienne","24":"tag-saint-etienne-bassin"},"share_on_mastodon":{"url":"","error":""},"_links":{"self":[{"href":"https:\/\/www.europesays.com\/fr\/wp-json\/wp\/v2\/posts\/621689","targetHints":{"allow":["GET"]}}],"collection":[{"href":"https:\/\/www.europesays.com\/fr\/wp-json\/wp\/v2\/posts"}],"about":[{"href":"https:\/\/www.europesays.com\/fr\/wp-json\/wp\/v2\/types\/post"}],"author":[{"embeddable":true,"href":"https:\/\/www.europesays.com\/fr\/wp-json\/wp\/v2\/users\/2"}],"replies":[{"embeddable":true,"href":"https:\/\/www.europesays.com\/fr\/wp-json\/wp\/v2\/comments?post=621689"}],"version-history":[{"count":0,"href":"https:\/\/www.europesays.com\/fr\/wp-json\/wp\/v2\/posts\/621689\/revisions"}],"wp:featuredmedia":[{"embeddable":true,"href":"https:\/\/www.europesays.com\/fr\/wp-json\/wp\/v2\/media\/621690"}],"wp:attachment":[{"href":"https:\/\/www.europesays.com\/fr\/wp-json\/wp\/v2\/media?parent=621689"}],"wp:term":[{"taxonomy":"category","embeddable":true,"href":"https:\/\/www.europesays.com\/fr\/wp-json\/wp\/v2\/categories?post=621689"},{"taxonomy":"post_tag","embeddable":true,"href":"https:\/\/www.europesays.com\/fr\/wp-json\/wp\/v2\/tags?post=621689"}],"curies":[{"name":"wp","href":"https:\/\/api.w.org\/{rel}","templated":true}]}}