{"id":621691,"date":"2025-12-25T14:25:27","date_gmt":"2025-12-25T14:25:27","guid":{"rendered":"https:\/\/www.europesays.com\/fr\/621691\/"},"modified":"2025-12-25T14:25:27","modified_gmt":"2025-12-25T14:25:27","slug":"saint-etienne-bafe-gomis-offre-500-repas-aux-plus-demunis-cest-une-autre-facon-de-marquer-des-buts","status":"publish","type":"post","link":"https:\/\/www.europesays.com\/fr\/621691\/","title":{"rendered":"Saint-\u00c9tienne. Baf\u00e9 Gomis offre 500 repas aux plus d\u00e9munis :\u00a0\u00ab\u00a0C\u2019est une autre fa\u00e7on de marquer des buts \u00bb"},"content":{"rendered":"<p>G\u00e9n\u00e9reux \u00e0 la pointe de l\u2019attaque des Verts, Baf\u00e9 Gomis l\u2019est toujours depuis qu\u2019il a mis un terme \u00e0 sa carri\u00e8re de footballeur professionnel. D\u00e9sormais, c\u2019est sur le terrain associatif qu\u2019il l\u2019exprime.<\/p>\n<p>  \u00ab\u00a0Un jour, il m\u2019a appel\u00e9e, car il voulait faire quelque chose pour Saint-\u00c9tienne et le monde associatif\u00a0\u00bb<\/p>\n<p>Tous les lundis de d\u00e9cembre, l\u2019ancien international a offert au total 500 repas \u00e0 des associations du territoire, par l\u2019interm\u00e9diaire de France B\u00e9n\u00e9volat. L\u2019initiative est n\u00e9e en 2020, quand il a contact\u00e9 Chantal Durieux Terraillon, ancienne pr\u00e9sidente de l\u2019association, qu\u2019il a eue comme professeur au lyc\u00e9e lors de sa formation. Et qu\u2019il appelle maman. \u00ab\u00a0Un jour il m\u2019a appel\u00e9e car il voulait faire quelque chose pour Saint-Etienne et le monde associatif. Et comme il conna\u00eet bien Abdel du Canopy, nous avons mis en place cette op\u00e9ration.\u00a0\u00bb<\/p>\n<p>L\u2019op\u00e9ration, Le plaisir de faire plaisir, c\u2019est une distribution de 125 repas chaque lundi \u00e0 la Croix rouge, au Secours populaire, \u00e0 l\u2019Acars, \u00e0 Un toit c\u2019est tout, \u00e0 Habitat et humanisme et \u00e0 St-Vincent-de-Paul, le tout financ\u00e9 par Baf\u00e9 Gomis. Velout\u00e9 de panais avec huile de truffe et ch\u00e2taignes, blanquette de saumon et fondant au chocolat avec sa cr\u00e8me anglaise ont \u00e9t\u00e9 pr\u00e9par\u00e9s par le cuisinier du Canopy ce lundi 22\u00a0d\u00e9cembre, jour de fermeture hebdomadaire de l\u2019\u00e9tablissement.<\/p>\n<p>  \u00ab\u00a0L\u2019ASSE m\u2019a transmis des valeurs tr\u00e8s fortes, notamment de partage, de reconnaissance\u00a0\u00bb<\/p>\n<p>Les liens d\u2019amiti\u00e9 entre son g\u00e9rant et l\u2019ancien footballeur datent des d\u00e9buts en professionnel de Baf\u00e9 Gomis, d\u00e9j\u00e0 le c\u0153ur sur la main. \u00ab\u00a0J\u2019\u00e9tais responsable d\u2019un McDonald\u2019s o\u00f9 il avait invit\u00e9 \u00e0 manger des jeunes de son quartier d\u2019origine \u00e0 Toulon, avant d\u2019aller assister \u00e0 son match\u00a0\u00bb, explique Abdel. \u00ab\u00a0Baf\u00e9 a toujours \u00e9t\u00e9 extr\u00eamement g\u00e9n\u00e9reux. D\u2019ailleurs, dans toutes les villes o\u00f9 il est pass\u00e9, il m\u00e8ne des actions. C\u2019est dans son fonctionnement et sa fa\u00e7on d\u2019\u00eatre.\u00a0\u00bb<\/p>\n<p>Pour Baf\u00e9 Gomis, toujours \u00e9l\u00e9gant et souriant, cela vient de sa formation st\u00e9phanoise\u00a0: \u00ab\u00a0L\u2019ASSE m\u2019a transmis des valeurs tr\u00e8s fortes, notamment de partage, de reconnaissance. J\u2019ai d\u00e9couvert le S\u00e9n\u00e9gal et rencontr\u00e9 ma grand-m\u00e8re gr\u00e2ce au club. Il m\u2019a accompagn\u00e9 quand j\u2019\u00e9tais adolescent, et j\u2019ai gard\u00e9 tout \u00e7a en moi. Aujourd\u2019hui, aider les associations est devenu une habitude et me fait grandir. J\u2019ai arr\u00eat\u00e9 ma carri\u00e8re de footballeur et ne peux plus marquer de buts, mais j\u2019apporte encore des \u00e9motions. \u00bb<\/p>\n<p>  Un geste appr\u00e9ci\u00e9 \u00e0 sa juste valeur<\/p>\n<p>En plus des repas, ce lundi, Baf\u00e9 Gomis a offert 85 bandes dessin\u00e9es aux enfants , toutes d\u00e9dicac\u00e9es, et des \u00e9charpes, bonnets et gants \u00e0 leurs parents. \u00ab\u00a0C\u2019est une autre fa\u00e7on de marquer des buts\u00a0\u00bb, dit-il dans un grand sourire, avant de donner rendez-vous d\u00e8s \u00e0 pr\u00e9sent \u00e0 l\u2019ann\u00e9e prochaine.<\/p>\n<p>Gr\u00e2ce \u00e0 la relation forte entre Baf\u00e9 Gomis et son ancienne professeure, Chantal Durieux Terraillon, France b\u00e9n\u00e9volat Loire Sud assure depuis 2020 la logistique de l\u2019op\u00e9ration Le plaisir de faire plaisir. Cinq de ses b\u00e9n\u00e9voles sont venus chaque lundi de d\u00e9cembre au Canopy pour accueillir les associations qui viennent en aide aux personnes en difficult\u00e9.<\/p>\n<p>  \u00ab\u00a0Une ann\u00e9e, il n\u2019y avait pas assez de repas. Alors, sans h\u00e9siter, il a financ\u00e9 cent repas de plus\u00a0\u00bb<\/p>\n<p>\u00ab\u00a0Baf\u00e9 a insist\u00e9 pour que l\u2019op\u00e9ration s\u2019adresse \u00e0 des familles\u00a0\u00bb, explique Jean-Michel, copr\u00e9sident, qui pr\u00e9cise qu\u2019\u00ab\u00a0une ann\u00e9e, il n\u2019y avait pas assez de repas. Alors, sans h\u00e9siter, il a financ\u00e9 cent repas de plus.\u00a0\u00bb<\/p>\n<p>Un geste qui semble naturel pour lui, mais appr\u00e9ci\u00e9 \u00e0 sa juste valeur par les associations concern\u00e9es. Pour les deux copr\u00e9sidentes de Un toit pour toutes, bas\u00e9 \u00e0 Saint-Just-Saint-Rambert, \u00ab\u00a0c\u2019est un moment de partage sympathique, qui ne peut que faire plaisir avec la notori\u00e9t\u00e9 qu\u2019ont Le Canopy et Baf\u00e9 Gomis. Cela montre aux familles qu\u2019on ne les oublie pas, que pour une fois, elles existent un petit peu\u00a0\u00bb, disent-elles avant de repartir avec les repas qu\u2019elles allaient distribuer.<\/p>\n<p>Cette semaine, l\u2019ancien attaquant a accompagn\u00e9 les membres de l\u2019Acars, pour partager les repas avec des victimes de violences conjugales. Non sans avoir remerci\u00e9 les b\u00e9n\u00e9voles pr\u00e9sents pour leur travail au quotidien.<\/p>\n","protected":false},"excerpt":{"rendered":"G\u00e9n\u00e9reux \u00e0 la pointe de l\u2019attaque des Verts, Baf\u00e9 Gomis l\u2019est toujours depuis qu\u2019il a mis un terme&hellip;\n","protected":false},"author":2,"featured_media":621692,"comment_status":"","ping_status":"","sticky":false,"template":"","format":"standard","meta":{"footnotes":""},"categories":[9653],"tags":[1111,11,4000,2430,7539,1777,674,107,63,1011,27,3367,12,25,4001,7538,104,1631],"class_list":{"0":"post-621691","1":"post","2":"type-post","3":"status-publish","4":"format-standard","5":"has-post-thumbnail","7":"category-saint-etienne","8":"tag-actu","9":"tag-actualites","10":"tag-asse-as-saint-etienne-football","11":"tag-auvergne-rhone-alpes","12":"tag-edition-loire-sud","13":"tag-eu","14":"tag-europe","15":"tag-fil-info","16":"tag-football","17":"tag-fr","18":"tag-france","19":"tag-loire","20":"tag-news","21":"tag-republique-francaise","22":"tag-saint-etienne","23":"tag-saint-etienne-ville","24":"tag-societe","25":"tag-vie-associative"},"share_on_mastodon":{"url":"https:\/\/pubeurope.com\/@fr\/115780670146659494","error":""},"_links":{"self":[{"href":"https:\/\/www.europesays.com\/fr\/wp-json\/wp\/v2\/posts\/621691","targetHints":{"allow":["GET"]}}],"collection":[{"href":"https:\/\/www.europesays.com\/fr\/wp-json\/wp\/v2\/posts"}],"about":[{"href":"https:\/\/www.europesays.com\/fr\/wp-json\/wp\/v2\/types\/post"}],"author":[{"embeddable":true,"href":"https:\/\/www.europesays.com\/fr\/wp-json\/wp\/v2\/users\/2"}],"replies":[{"embeddable":true,"href":"https:\/\/www.europesays.com\/fr\/wp-json\/wp\/v2\/comments?post=621691"}],"version-history":[{"count":0,"href":"https:\/\/www.europesays.com\/fr\/wp-json\/wp\/v2\/posts\/621691\/revisions"}],"wp:featuredmedia":[{"embeddable":true,"href":"https:\/\/www.europesays.com\/fr\/wp-json\/wp\/v2\/media\/621692"}],"wp:attachment":[{"href":"https:\/\/www.europesays.com\/fr\/wp-json\/wp\/v2\/media?parent=621691"}],"wp:term":[{"taxonomy":"category","embeddable":true,"href":"https:\/\/www.europesays.com\/fr\/wp-json\/wp\/v2\/categories?post=621691"},{"taxonomy":"post_tag","embeddable":true,"href":"https:\/\/www.europesays.com\/fr\/wp-json\/wp\/v2\/tags?post=621691"}],"curies":[{"name":"wp","href":"https:\/\/api.w.org\/{rel}","templated":true}]}}