{"id":621693,"date":"2025-12-25T14:28:05","date_gmt":"2025-12-25T14:28:05","guid":{"rendered":"https:\/\/www.europesays.com\/fr\/621693\/"},"modified":"2025-12-25T14:28:05","modified_gmt":"2025-12-25T14:28:05","slug":"un-lance-de-peluche-avant-le-match","status":"publish","type":"post","link":"https:\/\/www.europesays.com\/fr\/621693\/","title":{"rendered":"un lanc\u00e9 de peluche avant le match"},"content":{"rendered":"\n<p>Apr\u00e8s la d\u00e9faite de ce week-end face \u00e0 Dijon (90-75). Le <strong>SLUC Nancy Basket <\/strong>devra rebondir ce mardi 23 d\u00e9cembre (16h30) face \u00e0 Nanterre.<\/p>\n<p>L\u2019ambiance sera belle pour ce choc \u00e0 Gentilly et comme chaque fin d\u2019ann\u00e9e, les couguars se mobilisent pour le <strong>secours populaire<\/strong>. Avant la rencontre, les spectateurs sont invit\u00e9s \u00e0 <strong>lancer des peluches<\/strong> en tout genre sur le parquet. <\/p>\n<p>L\u2019objectif est de <strong>2.500 peluches<\/strong>. Alors \u00e0 vous de jouer.<\/p>\n","protected":false},"excerpt":{"rendered":"Apr\u00e8s la d\u00e9faite de ce week-end face \u00e0 Dijon (90-75). Le SLUC Nancy Basket devra rebondir ce mardi&hellip;\n","protected":false},"author":2,"featured_media":621694,"comment_status":"","ping_status":"","sticky":false,"template":"","format":"standard","meta":{"footnotes":""},"categories":[9635],"tags":[1111,11,1465,1777,674,1011,27,775,776,5599,1702,12,15830,50721,9666,25,73137,11567,73136],"class_list":{"0":"post-621693","1":"post","2":"type-post","3":"status-publish","4":"format-standard","5":"has-post-thumbnail","7":"category-nancy","8":"tag-actu","9":"tag-actualites","10":"tag-basket","11":"tag-eu","12":"tag-europe","13":"tag-fr","14":"tag-france","15":"tag-grand-est","16":"tag-lorraine","17":"tag-moselle","18":"tag-nancy","19":"tag-news","20":"tag-noel","21":"tag-peluche","22":"tag-plaisir","23":"tag-republique-francaise","24":"tag-secours-poupulaire","25":"tag-sluc","26":"tag-sluc-nancy-basket"},"share_on_mastodon":{"url":"https:\/\/pubeurope.com\/@fr\/115780682024289714","error":""},"_links":{"self":[{"href":"https:\/\/www.europesays.com\/fr\/wp-json\/wp\/v2\/posts\/621693","targetHints":{"allow":["GET"]}}],"collection":[{"href":"https:\/\/www.europesays.com\/fr\/wp-json\/wp\/v2\/posts"}],"about":[{"href":"https:\/\/www.europesays.com\/fr\/wp-json\/wp\/v2\/types\/post"}],"author":[{"embeddable":true,"href":"https:\/\/www.europesays.com\/fr\/wp-json\/wp\/v2\/users\/2"}],"replies":[{"embeddable":true,"href":"https:\/\/www.europesays.com\/fr\/wp-json\/wp\/v2\/comments?post=621693"}],"version-history":[{"count":0,"href":"https:\/\/www.europesays.com\/fr\/wp-json\/wp\/v2\/posts\/621693\/revisions"}],"wp:featuredmedia":[{"embeddable":true,"href":"https:\/\/www.europesays.com\/fr\/wp-json\/wp\/v2\/media\/621694"}],"wp:attachment":[{"href":"https:\/\/www.europesays.com\/fr\/wp-json\/wp\/v2\/media?parent=621693"}],"wp:term":[{"taxonomy":"category","embeddable":true,"href":"https:\/\/www.europesays.com\/fr\/wp-json\/wp\/v2\/categories?post=621693"},{"taxonomy":"post_tag","embeddable":true,"href":"https:\/\/www.europesays.com\/fr\/wp-json\/wp\/v2\/tags?post=621693"}],"curies":[{"name":"wp","href":"https:\/\/api.w.org\/{rel}","templated":true}]}}