{"id":621705,"date":"2025-12-25T14:40:20","date_gmt":"2025-12-25T14:40:20","guid":{"rendered":"https:\/\/www.europesays.com\/fr\/621705\/"},"modified":"2025-12-25T14:40:20","modified_gmt":"2025-12-25T14:40:20","slug":"faute-de-blablacar-et-de-trains-il-passe-noel-chez-des-rennais","status":"publish","type":"post","link":"https:\/\/www.europesays.com\/fr\/621705\/","title":{"rendered":"Faute de BlaBlaCar et de trains, il passe No\u00ebl chez des Rennais"},"content":{"rendered":"<p style=\"text-align: justify;\" data-start=\"198\" data-end=\"446\">\u00c9tudiant en droit, bient\u00f4t avocat, le jeune homme s\u2019est retrouv\u00e9 en rade \u00e0 Rennes \u00e0 l\u2019approche du r\u00e9veillon. \u00ab Mon BlaBlaCar pour Poitiers a \u00e9t\u00e9 annul\u00e9 \u00bb, explique-t-il. Quant au train, il \u00e9tait tout simplement hors de prix : 150 euros pour rentrer dans le Poitou et rejoindre sa propre famille.<\/p>\n<p style=\"text-align: justify;\" data-start=\"198\" data-end=\"446\">Faute de moyen de locomotion, le jeune homme se voyait d\u00e9j\u00e0 passer No\u00ebl seul, dans son petit studio. Mais c\u2019\u00e9tait sans compter sur la bonne \u00e2me d\u2019une amie\u2026 et surtout sur celle de la maman de sa camarade. Par messagerie, cette derni\u00e8re a sond\u00e9 toute sa famille pour savoir si quelqu\u2019un \u00e9tait contre \u00e0 accueillir l\u2019\u00e9tudiant esseul\u00e9.<\/p>\n<p style=\"text-align: justify;\" data-start=\"779\" data-end=\"1121\">\u00c0 une exception pr\u00e8s, l\u2019unanimit\u00e9 a \u00e9t\u00e9 imm\u00e9diate. Un tonton ronchon a bien tent\u00e9 une plaisanterie douteuse \u2014 \u00ab j\u2019ai un copain clodo, il peut venir ! \u00bb \u2014 mais l\u2019\u00e9lan de solidarit\u00e9 a vite balay\u00e9 la sortie maladroite. R\u00e9sultat : le futur homme de Loi s\u2019est retrouv\u00e9 plong\u00e9 au c\u0153ur d\u2019un No\u00ebl breton, entour\u00e9 d\u2019enfants, de parents et de grands-parents.<\/p>\n<p style=\"text-align: justify;\" data-start=\"779\" data-end=\"1121\">Quoi de mieux pour conjurer la solitude ? On ne sait pas s\u2019il a \u00e9t\u00e9 contraint d\u2019assister \u00e0 la messe de No\u00ebl. En revanche, il a eu droit \u00e0 un petit cadeau, au chapon, aux fromages d\u2019un grand fromager et \u00e0 la b\u00fbche de chez Daniel. Ce n\u2019\u00e9tait sans doute pas le plus beau No\u00ebl de sa vie. Mais \u00e0 voir sa mine r\u00e9jouie, c\u2019\u00e9tait s\u00fbrement l\u2019un des plus originaux. Comme quoi, la magie de No\u00ebl tient parfois \u00e0 peu de choses.<\/p>\n","protected":false},"excerpt":{"rendered":"\u00c9tudiant en droit, bient\u00f4t avocat, le jeune homme s\u2019est retrouv\u00e9 en rade \u00e0 Rennes \u00e0 l\u2019approche du r\u00e9veillon.&hellip;\n","protected":false},"author":2,"featured_media":621706,"comment_status":"","ping_status":"","sticky":false,"template":"","format":"standard","meta":{"footnotes":""},"categories":[2821],"tags":[1111,11,829,1777,674,1011,27,12,584,25],"class_list":{"0":"post-621705","1":"post","2":"type-post","3":"status-publish","4":"format-standard","5":"has-post-thumbnail","7":"category-rennes","8":"tag-actu","9":"tag-actualites","10":"tag-bretagne","11":"tag-eu","12":"tag-europe","13":"tag-fr","14":"tag-france","15":"tag-news","16":"tag-rennes","17":"tag-republique-francaise"},"share_on_mastodon":{"url":"https:\/\/pubeurope.com\/@fr\/115780729144603509","error":""},"_links":{"self":[{"href":"https:\/\/www.europesays.com\/fr\/wp-json\/wp\/v2\/posts\/621705","targetHints":{"allow":["GET"]}}],"collection":[{"href":"https:\/\/www.europesays.com\/fr\/wp-json\/wp\/v2\/posts"}],"about":[{"href":"https:\/\/www.europesays.com\/fr\/wp-json\/wp\/v2\/types\/post"}],"author":[{"embeddable":true,"href":"https:\/\/www.europesays.com\/fr\/wp-json\/wp\/v2\/users\/2"}],"replies":[{"embeddable":true,"href":"https:\/\/www.europesays.com\/fr\/wp-json\/wp\/v2\/comments?post=621705"}],"version-history":[{"count":0,"href":"https:\/\/www.europesays.com\/fr\/wp-json\/wp\/v2\/posts\/621705\/revisions"}],"wp:featuredmedia":[{"embeddable":true,"href":"https:\/\/www.europesays.com\/fr\/wp-json\/wp\/v2\/media\/621706"}],"wp:attachment":[{"href":"https:\/\/www.europesays.com\/fr\/wp-json\/wp\/v2\/media?parent=621705"}],"wp:term":[{"taxonomy":"category","embeddable":true,"href":"https:\/\/www.europesays.com\/fr\/wp-json\/wp\/v2\/categories?post=621705"},{"taxonomy":"post_tag","embeddable":true,"href":"https:\/\/www.europesays.com\/fr\/wp-json\/wp\/v2\/tags?post=621705"}],"curies":[{"name":"wp","href":"https:\/\/api.w.org\/{rel}","templated":true}]}}