{"id":62171,"date":"2025-04-29T16:03:09","date_gmt":"2025-04-29T16:03:09","guid":{"rendered":"https:\/\/www.europesays.com\/fr\/62171\/"},"modified":"2025-04-29T16:03:09","modified_gmt":"2025-04-29T16:03:09","slug":"24-heures-deffort-267-kilometres-il-a-couru-le-long-de-toutes-les-lignes-de-metro-de-paris-jusqua-orly","status":"publish","type":"post","link":"https:\/\/www.europesays.com\/fr\/62171\/","title":{"rendered":"24\u00a0heures d\u2019effort, 267 kilom\u00e8tres\u00a0: il a couru le long de toutes les lignes de m\u00e9tro de Paris\u2026 jusqu\u2019\u00e0 Orly"},"content":{"rendered":"<p class=\"paragraph text_align_left\">\u00ab Quand je suis arriv\u00e9, pendant le Covid, j\u2019avais vu quelqu\u2019un courir le long d\u2019une ligne sur Instagram. C\u2019est l\u00e0 que \u00e7a a fait tilt \u00bb, se souvient le natif d\u2019Albi (Tarn), pour qui faire les choses \u00e0 moiti\u00e9 n\u2019a gu\u00e8re de sens. Il \u00e9tait alors d\u00e9cid\u00e9 : il fallait faire toutes les lignes de m\u00e9tro, de la 1 \u00e0 la 14, sans se limiter \u00e0 Paris intra-muros, \u00e0 l\u2019exception des lignes 3 et 7 bis.<\/p>\n","protected":false},"excerpt":{"rendered":"\u00ab Quand je suis arriv\u00e9, pendant le Covid, j\u2019avais vu quelqu\u2019un courir le long d\u2019une ligne sur Instagram.&hellip;\n","protected":false},"author":2,"featured_media":62172,"comment_status":"","ping_status":"","sticky":false,"template":"","format":"standard","meta":{"footnotes":""},"categories":[1888],"tags":[11,1777,674,1011,27,1944,12,626,25,60],"class_list":{"0":"post-62171","1":"post","2":"type-post","3":"status-publish","4":"format-standard","5":"has-post-thumbnail","7":"category-paris","8":"tag-actualites","9":"tag-eu","10":"tag-europe","11":"tag-fr","12":"tag-france","13":"tag-ma-ville","14":"tag-news","15":"tag-paris","16":"tag-republique-francaise","17":"tag-sports"},"share_on_mastodon":{"url":"https:\/\/pubeurope.com\/@fr\/114422101790399147","error":""},"_links":{"self":[{"href":"https:\/\/www.europesays.com\/fr\/wp-json\/wp\/v2\/posts\/62171","targetHints":{"allow":["GET"]}}],"collection":[{"href":"https:\/\/www.europesays.com\/fr\/wp-json\/wp\/v2\/posts"}],"about":[{"href":"https:\/\/www.europesays.com\/fr\/wp-json\/wp\/v2\/types\/post"}],"author":[{"embeddable":true,"href":"https:\/\/www.europesays.com\/fr\/wp-json\/wp\/v2\/users\/2"}],"replies":[{"embeddable":true,"href":"https:\/\/www.europesays.com\/fr\/wp-json\/wp\/v2\/comments?post=62171"}],"version-history":[{"count":0,"href":"https:\/\/www.europesays.com\/fr\/wp-json\/wp\/v2\/posts\/62171\/revisions"}],"wp:featuredmedia":[{"embeddable":true,"href":"https:\/\/www.europesays.com\/fr\/wp-json\/wp\/v2\/media\/62172"}],"wp:attachment":[{"href":"https:\/\/www.europesays.com\/fr\/wp-json\/wp\/v2\/media?parent=62171"}],"wp:term":[{"taxonomy":"category","embeddable":true,"href":"https:\/\/www.europesays.com\/fr\/wp-json\/wp\/v2\/categories?post=62171"},{"taxonomy":"post_tag","embeddable":true,"href":"https:\/\/www.europesays.com\/fr\/wp-json\/wp\/v2\/tags?post=62171"}],"curies":[{"name":"wp","href":"https:\/\/api.w.org\/{rel}","templated":true}]}}