{"id":621719,"date":"2025-12-25T14:54:17","date_gmt":"2025-12-25T14:54:17","guid":{"rendered":"https:\/\/www.europesays.com\/fr\/621719\/"},"modified":"2025-12-25T14:54:17","modified_gmt":"2025-12-25T14:54:17","slug":"bordeaux-previsions-meteo-du-jeudi-25-decembre-2025","status":"publish","type":"post","link":"https:\/\/www.europesays.com\/fr\/621719\/","title":{"rendered":"Bordeaux : pr\u00e9visions m\u00e9t\u00e9o du jeudi 25 d\u00e9cembre 2025"},"content":{"rendered":"<p>\u00c0 Bordeaux, le jeudi 25 d\u00e9cembre 2025, la m\u00e9t\u00e9o reste calme et ensoleill\u00e9e avec des temp\u00e9ratures fra\u00eeches allant de -2 \u00b0C le matin \u00e0 4 \u00b0C l\u2019apr\u00e8s-midi. Aucun risque de pluie n\u2019est attendu, sous un vent l\u00e9ger et un ciel d\u00e9gag\u00e9.<\/p>\n<p>    Alerte en cours<\/p>\n<p>\nLe d\u00e9partement de la Gironde demeure en vigilance <b>Jaune Inondations<\/b> depuis minuit. Aucun d\u00e9bordement majeur n\u2019est signal\u00e9, mais localement, les niveaux d\u2019eau peuvent compliquer les d\u00e9placements ou ralentir les travaux en bord de Garonne.\n<\/p>\n<p>\nAdaptons nos trajets, \u00e9vitons les zones basses et restons inform\u00e9s gr\u00e2ce \u00e0 notre <a href=\"https:\/\/www.meteocity.com\/france\/alertes\" target=\"_blank\" rel=\"noopener\">page d\u00e9di\u00e9e aux alertes m\u00e9t\u00e9orologiques<\/a>. Les services de la pr\u00e9fecture suivent la situation heure par heure.\n<\/p>\n<p>Matin : un No\u00ebl sous le soleil hivernal<\/p>\n<p>\nLe jour se l\u00e8ve \u00e0 08 h 38 sur un ciel parfaitement d\u00e9gag\u00e9. L\u2019air est sec et limpide : un v\u00e9ritable cadeau m\u00e9t\u00e9o pour ce 25 d\u00e9cembre.\n<\/p>\n<ul>\n<li><b>Temp\u00e9rature :<\/b> \u20132 \u00b0C, ressenti \u20134 \u00b0C.<\/li>\n<li><b>Humidit\u00e9 :<\/b> 83 %.<\/li>\n<li><b>Pression :<\/b> 1 018 hPa, signe d\u2019une masse d\u2019air stable.<\/li>\n<li><b>Vent :<\/b> l\u00e9g\u00e8re brise de Nord-Est, 7 km\/h.<\/li>\n<\/ul>\n<p>\nLa fra\u00eecheur matinale invite \u00e0 superposer les couches et \u00e0 veiller sur les plus jeunes lors de l\u2019ouverture des cadeaux. Attention aux chauss\u00e9es possiblement glissantes au lever du jour.\n<\/p>\n<p>Apr\u00e8s-midi : froid sec et lumineux<\/p>\n<p>\nLe soleil s\u2019impose sans partage et le risque de pluie reste nul. Un temps id\u00e9al pour une balade digestive le long des quais.\n<\/p>\n<ul>\n<li><b>Temp\u00e9rature maximale :<\/b> 4 \u00b0C (ressenti 2 \u00b0C).<\/li>\n<li><b>Humidit\u00e9 :<\/b> 53 %, atmosph\u00e8re plus confortable que le matin.<\/li>\n<li><b>Vent :<\/b> est-sud-est, 8 km\/h, toujours discret.<\/li>\n<\/ul>\n<p>\nM\u00eame avec un ensoleillement g\u00e9n\u00e9reux, les temp\u00e9ratures demeurent 5 \u00b0C sous les normales saisonni\u00e8res. On n\u2019oublie pas les gants et le bonnet : l\u2019indice UV reste faible mais la fra\u00eecheur est bien pr\u00e9sente.\n<\/p>\n<p>Soir : ciel \u00e9toil\u00e9 et fra\u00eecheur marqu\u00e9e<\/p>\n<p>\nLe soleil se couche \u00e0 17 h 26. La vo\u00fbte c\u00e9leste reste d\u00e9gag\u00e9e, offrant un beau spectacle \u00e0 celles et ceux qui prolongent les festivit\u00e9s en ext\u00e9rieur.\n<\/p>\n<ul>\n<li><b>Temp\u00e9rature :<\/b> 1 \u00b0C, ressenti \u20131 \u00b0C vers 21 h.<\/li>\n<li><b>Humidit\u00e9 :<\/b> 69 %.<\/li>\n<li><b>Pression :<\/b> 1 020 hPa.<\/li>\n<li><b>Vent :<\/b> brise d\u2019Est, 5 km\/h.<\/li>\n<\/ul>\n<p>\nLe mercure repasse sous le point de cong\u00e9lation apr\u00e8s minuit ; pensez \u00e0 prot\u00e9ger les plantes sensibles et \u00e0 v\u00e9rifier les conduites d\u2019eau ext\u00e9rieures.\n<\/p>\n<p>Tendance g\u00e9n\u00e9rale pour le lendemain<\/p>\n<p>\nVendredi 26 d\u00e9cembre s\u2019annonce lumineux, avec quelques voiles d\u2019altitude. Les mod\u00e8les num\u00e9riques pr\u00e9voient une remont\u00e9e des temp\u00e9ratures.\n<\/p>\n<ul>\n<li><b>Mini attendue :<\/b> 1 \u00b0C.<\/li>\n<li><b>Maxi attendue :<\/b> 12 \u00b0C, ressenti 10 \u00b0C.<\/li>\n<li><b>Vent :<\/b> Est-Nord-Est, 16 km\/h, toujours mod\u00e9r\u00e9.<\/li>\n<li><b>Aucune pluie en vue<\/b>, la pression oscillera autour de 1 021 hPa.<\/li>\n<\/ul>\n<p>\nCette douceur relative annoncera un week-end potentiellement plus nuageux mais sec. Pour organiser vos sorties, consultez aussi <a href=\"https:\/\/www.meteocity.com\/france\/bordeaux-v3031582\/tourisme\" target=\"_blank\" rel=\"noopener\">notre page tourisme<\/a>.\n<\/p>\n<p>\nEn r\u00e9sum\u00e9, ce No\u00ebl bordelais se d\u00e9roule sous un ciel immacul\u00e9, avec un froid sec et peu de vent : des conditions rassurantes malgr\u00e9 la vigilance inondations. Profitons-en prudemment !<\/p>\n","protected":false},"excerpt":{"rendered":"\u00c0 Bordeaux, le jeudi 25 d\u00e9cembre 2025, la m\u00e9t\u00e9o reste calme et ensoleill\u00e9e avec des temp\u00e9ratures fra\u00eeches allant&hellip;\n","protected":false},"author":2,"featured_media":621720,"comment_status":"","ping_status":"","sticky":false,"template":"","format":"standard","meta":{"footnotes":""},"categories":[2817],"tags":[1111,11,1997,1777,674,1011,27,12,2219,25],"class_list":{"0":"post-621719","1":"post","2":"type-post","3":"status-publish","4":"format-standard","5":"has-post-thumbnail","7":"category-bordeaux","8":"tag-actu","9":"tag-actualites","10":"tag-bordeaux","11":"tag-eu","12":"tag-europe","13":"tag-fr","14":"tag-france","15":"tag-news","16":"tag-nouvelle-aquitaine","17":"tag-republique-francaise"},"share_on_mastodon":{"url":"https:\/\/pubeurope.com\/@fr\/115780784291310820","error":""},"_links":{"self":[{"href":"https:\/\/www.europesays.com\/fr\/wp-json\/wp\/v2\/posts\/621719","targetHints":{"allow":["GET"]}}],"collection":[{"href":"https:\/\/www.europesays.com\/fr\/wp-json\/wp\/v2\/posts"}],"about":[{"href":"https:\/\/www.europesays.com\/fr\/wp-json\/wp\/v2\/types\/post"}],"author":[{"embeddable":true,"href":"https:\/\/www.europesays.com\/fr\/wp-json\/wp\/v2\/users\/2"}],"replies":[{"embeddable":true,"href":"https:\/\/www.europesays.com\/fr\/wp-json\/wp\/v2\/comments?post=621719"}],"version-history":[{"count":0,"href":"https:\/\/www.europesays.com\/fr\/wp-json\/wp\/v2\/posts\/621719\/revisions"}],"wp:featuredmedia":[{"embeddable":true,"href":"https:\/\/www.europesays.com\/fr\/wp-json\/wp\/v2\/media\/621720"}],"wp:attachment":[{"href":"https:\/\/www.europesays.com\/fr\/wp-json\/wp\/v2\/media?parent=621719"}],"wp:term":[{"taxonomy":"category","embeddable":true,"href":"https:\/\/www.europesays.com\/fr\/wp-json\/wp\/v2\/categories?post=621719"},{"taxonomy":"post_tag","embeddable":true,"href":"https:\/\/www.europesays.com\/fr\/wp-json\/wp\/v2\/tags?post=621719"}],"curies":[{"name":"wp","href":"https:\/\/api.w.org\/{rel}","templated":true}]}}