{"id":621723,"date":"2025-12-25T14:56:11","date_gmt":"2025-12-25T14:56:11","guid":{"rendered":"https:\/\/www.europesays.com\/fr\/621723\/"},"modified":"2025-12-25T14:56:11","modified_gmt":"2025-12-25T14:56:11","slug":"apres-noel-ou-jeter-son-sapin-a-toulouse-et-dans-la-metropole","status":"publish","type":"post","link":"https:\/\/www.europesays.com\/fr\/621723\/","title":{"rendered":"Apr\u00e8s No\u00ebl, o\u00f9 jeter son sapin \u00e0 Toulouse et dans la m\u00e9tropole\u00a0?"},"content":{"rendered":"<p>                    Par<br \/>\n        <strong><br \/>\n            <a href=\"https:\/\/actu.fr\/auteur\/lea-afonso\" title=\"Consulter tous les articles de L\u00e9a Afonso\" target=\"_blank\" rel=\"noopener\">L\u00e9a Afonso<\/a><br \/>\n                    <\/strong><\/p>\n<p>        Publi\u00e9 le<\/p>\n<p>            25 d\u00e9c. 2025 \u00e0 15h02        <\/p>\n<p>Il tr\u00f4ne dans les salons depuis plusieurs jours d\u00e9j\u00e0. D\u00e9cor\u00e9 de boules scintillantes et de guirlandes multicolores, entour\u00e9 de dizaines de cadeaux en ce jeudi 25 d\u00e9cembre 2025, il \u00e9merveille petits et grands. Parfois grignot\u00e9 par les animaux domestiques, souvent admir\u00e9 par les enfants, le <strong>sapin de No\u00ebl<\/strong> a une place \u00e0 part en cette fin d\u2019ann\u00e9e. Mais une fois les festivit\u00e9s termin\u00e9es, vient le moment de lui dire au revoir\u2026 jusqu\u2019\u00e0 l\u2019an prochain. Alors<strong>, que faire de son sapin naturel apr\u00e8s No\u00ebl ?<\/strong> \u00c0 <a href=\"https:\/\/actu.fr\/toulouse\/\" target=\"_blank\" rel=\"noopener\">Toulouse<\/a> et dans la m\u00e9tropole, plusieurs <strong>solutions<\/strong> existent pour<strong> s\u2019en d\u00e9faire correctement.<\/strong><\/p>\n<p>La d\u00e9chetterie, une solution classique<\/p>\n<p class=\" wall-content\">M\u00eame si le jour de No\u00ebl est encore en cours et que les vacances de fin d\u2019ann\u00e9e battent leur plein, certains commencent d\u00e9j\u00e0 \u00e0 penser \u00e0 l\u2019apr\u00e8s-f\u00eates. Pour les plus press\u00e9s \u2013 ou les moins nostalgiques \u2013 il est possible d\u2019<strong>emmener son sapin directement en d\u00e9chetterie<\/strong>.<\/p>\n<p class=\" wall-content\">Une solution individuelle, qui n\u00e9cessite de prendre sa voiture, et qui s\u2019av\u00e8re souvent plus commode pour les habitants de la p\u00e9riph\u00e9rie toulousaine. Attention toutefois \u00e0 retirer toutes les d\u00e9corations avant le d\u00e9p\u00f4t.<\/p>\n<p>Les points de collecte, pratiques pour les citadins<\/p>\n<p class=\" wall-content\">Pour les Toulousains vivant en centre-ville ou ne disposant pas de v\u00e9hicule, la m\u00e9tropole met \u00e9galement en place des <strong>points de collecte<\/strong> sp\u00e9cifiques. Install\u00e9s dans diff\u00e9rents quartiers \u2014 et communes \u2014, ces espaces temporaires, mat\u00e9rialis\u00e9s par des<strong> zones barri\u00e9r\u00e9es,<\/strong> permettent de d\u00e9poser facilement son sapin \u00e0 proximit\u00e9 de chez soi.<\/p>\n<p class=\" wall-content\">Ces arbres seront ensuite r\u00e9cup\u00e9r\u00e9s et valoris\u00e9s, notamment par broyage, afin d\u2019\u00eatre transform\u00e9s en compost ou en paillage.<\/p>\n<p>Vid\u00e9os : en ce moment sur ActuVoici la liste des points de collecte par quartier \u00e0 Toulouse :<\/p>\n<ul class=\" wall-content\">\n<li><strong>Capitole \/ Arnaud Bernard \/ Carmes<\/strong><br \/>\u2013 Descente Henri Martin<br \/>\u2013 Angle boulevard Lascrosses\/boulevard Armand Duportal<br \/>\u2013 Place Yitzhak Rabin<br \/>\u2013 Place du Salin<\/li>\n<li><strong>Amidonniers \/ Compans-Caffarelli<\/strong><br \/>\u2013 Angle rue des Amidonniers\/rue Debat Ponsan<br \/>\u2013 7 all\u00e9e du Niger<br \/>\u2013 Angle boulevard Armand Duportal\/all\u00e9e de Barcelone<br \/>\u2013 Angle boulevard de la Marquette\/rue Brouardel<br \/>\u2013 Place H\u00e9racl\u00e8s<br \/>\u2013 Place de l\u2019Europe<\/li>\n<li><strong>Les Chalets \/\u00a0Bayard\u00a0\/ Belfort \/ Saint-Aubin \/\u00a0Dupuy<\/strong><br \/>\u2013 Angle rue Matabiau \/ rue E Chevreul<br \/>\u2013 88 all\u00e9e Jean Jaur\u00e8s \/ angle rue Riquet<br \/>\u2013 1 boulevard Jules Michelet<br \/>\u2013 50 boulevard d\u2019Arcole\/angle rue de la Balance<br \/>\u2013 Angle rue de la Balance\/rue des Chalets<\/li>\n<li><strong>Saint-Cyprien<\/strong><br \/>\u2013 Angle all\u00e9e Charles de Fitte\/rue R\u00e9clusane<br \/>\u2013 Place de la Patte d\u2019Oie<br \/>\u2013 Place Laganne<\/li>\n<li><strong>Croix-de-Pierre \/ Route d\u2019Espagne<\/strong><br \/>\u2013 Place de la Croix de Pierre (rond-point P Bourthoumieux)<br \/>\u2013 Fontaine-Lestang\/Bagatelle\/Papus\/Tabar\/Bordelongue\/Mermoz \/La Faourette<br \/>\u2013 Place Emile Male<br \/>\u2013 Rond-point L Schwartzenberg (route de St Simon)<br \/>\u2013 Place Anthonioz de Gaulle<\/li>\n<li><strong>Casselardit\u00a0\/ Fontaine-Bayonne \/ Cartoucherie<\/strong><br \/>\u2013 Rue Luce Boyals (face 4 ter)<br \/>\u2013 Angle avenue de Grande-Bretagne\/rue V Scotto<br \/>\u2013 Angle avenue de Grande-Bretagne\/passage I Nemirovsky<br \/>\u2013 Minimes \/ Barri\u00e8re de Paris \/ Ponts-Jumeaux<br \/>\u2013 Avenue des Mazades angle rue Negreneys<br \/>\u2013 Rue C Brunschvicg (mail central)<br \/>\u2013 152 avenue des Minimes<br \/>\u2013 29 avenue des Minimes<br \/>\u2013 Angle rue E Dewoitine\/avenue Parmentier<br \/>\u2013 Angle rue E Caffort\/rue Negreneys<br \/>\u2013 Rue Paul Verlaine (angle rue Fran\u00e7ois Villon)<\/li>\n<li><strong>Sept-Deniers \/\u00a0Ginestous\u00a0\/ Lalande<\/strong><br \/>\u2013 Angle route de Launaguet\/rue de l\u2019Abb\u00e9 G Latour<br \/>\u2013 105 route de Blagnac (esplanade Piscine Job)<br \/>\u2013 Place Ferdinand Lou\u00ebt (Rue des Tro\u00e8nes angle chemin des Sept Deniers)<br \/>\u2013 Place P Riche (Mairie de quartier Lalande)<\/li>\n<li><strong>Trois Cocus \/\u00a0Borderouge\u00a0\/ Croix-Daurade \/\u00a0Paleficat\u00a0\/ Grand Selve<\/strong><br \/>\u2013 Rue Henri Ebelot (angle rue du G\u00e9n\u00e9ral Giraud)<br \/>\u2013 1 rue Tristan<br \/>\u2013 Angle rue Reine\/route d\u2019Albi<br \/>\u2013 Place A Froidure<br \/>\u2013 Place de la Maourine<\/li>\n<li><strong>Lapujade\u00a0\/\u00a0Bonnefoy\u00a0\/\u00a0P\u00e9riole\u00a0\/ Marengo \/ La Colonne<\/strong><br \/>\u2013 Angle rue de P\u00e9riole \/ rue des Cheminots<br \/>\u2013 Angle rue des Flandres \/ chemin de Lapujade<br \/>\u2013 Angle rue des Redoutes \/ avenue L\u00e9on Blum<\/li>\n<li><strong>Jolimont \/ Soupetard \/ Roseraie \/ Gloire \/ Gramont \/ Amouroux<\/strong><br \/>\u2013 Rue Dinetard Face au Food Truck<br \/>\u2013 Place Rosine Bet<\/li>\n<li><strong>Bonhoure\u00a0\/\u00a0Guilhem\u00e9ry\u00a0\/ Ch\u00e2teau de\u00a0l\u2019Hers\u00a0\/\u00a0Limayrac\u00a0\/ C\u00f4te Pav\u00e9e<\/strong><br \/>\u2013 Place Pinel<br \/>\u2013 Place Victor Basch<\/li>\n<li><strong>Pont des Demoiselles \/ Ormeau\/\u00a0Montaudran\u00a0\/ La Terrasse \/\u00a0Malep\u00e8re<\/strong><br \/>\u2013 Place Lespinet<br \/>\u2013 Angle rue de Martini \/ rue du Mont Aigoual<br \/>\u2013 68 route de Revel<br \/>\u2013 Place Roger Arnaud<\/li>\n<li><strong>Rangueil\u00a0\/\u00a0Sauzelong\u00a0\/\u00a0Pech-David\u00a0\/\u00a0Pouvourville<\/strong><br \/>\u2013 Parking \u00e9cole maternelle Saouzelong (passage entre la rue J Marvig et la rue Bonnat)<br \/>\u2013 Face au 11 rue Herg\u00e9 (au niveau de l\u2019espace vert)<\/li>\n<li><strong>Saint-Michel \/ Le\u00a0Busca\u00a0\/\u00a0Empalot\u00a0\/\u00a0Saint-Agne\u00a0\/ Ile du Ramier<\/strong><br \/>\u2013 40 rue du Japon\/angle boulevard Monplaisir<br \/>\u2013 18 bis grande-rue St Michel (devant prison)<br \/>\u2013 Rue Achille Viadieu angle rue des Gallois<br \/>\u2013 Place Lazare Ponticelli (Grand Rond)<br \/>\u2013 Angle all\u00e9e des Demoiselles\/all\u00e9e F Mistral<\/li>\n<li><strong>Lardenne\u00a0\/\u00a0Pradettes\u00a0\/\u00a0Basso-Cambo<\/strong><br \/>\u2013 280 avenue de Lardenne<\/li>\n<li><strong>Saint-Simon \/\u00a0Lafourguette\u00a0\/\u00a0Oncopole<\/strong><br \/>\u2013 Place de l\u2019\u00e9glise de St Simon<\/li>\n<\/ul>\n<p>Et les lieux de collecte dans les communes de la m\u00e9tropole :\u00a0<\/p>\n<ul class=\" wall-content\">\n<li><strong>Aigrefeuille<\/strong><br \/>\u2013 Mairie<\/li>\n<li><strong>Balma<\/strong><br \/>\u2013 Mairie (avenue Fran\u00e7ois Mitterrand)<br \/>\u2013 Espace Cypri\u00e9 (avenue Henri Dunant)<br \/>\u2013 19 rue Paul C\u00e9zanne (\u00e0 c\u00f4t\u00e9 de la maison de quartier)<br \/>\u2013 Parc de Vidailhan (c\u00f4t\u00e9 avenue de Galil\u00e9e)<\/li>\n<li><strong>Beauzelle<\/strong><br \/>\u2013 Rue des \u00e9coles (parking cimeti\u00e8re)<\/li>\n<li><strong>Blagnac<\/strong><br \/>\u2013 Place Alain Savary (parking Lyc\u00e9e St Exup\u00e9ry )<br \/>\u2013 Rue Pablo Picasso (parking patinoire)<br \/>\u2013 Brax<br \/>\u2013 Rue du Stade au niveau du stade<\/li>\n<li><strong>Colomiers<\/strong><br \/>\u2013 Place du Languedoc (\u00e0 proximit\u00e9 du parking Rouergue)<br \/>\u2013 All\u00e9e des Baronnies (parking)<br \/>\u2013 Rue de l\u2019Aspin \/angle boulevard de Gaulle<br \/>\u2013 Rue des Sports (parking du stade)<\/li>\n<li><strong>Cornebarrieu<\/strong><br \/>\u2013 Quartier Monges \u2013 travers\u00e9e entre avenue Guillaumet\/Mermoz<br \/>\u2013 Parking \u00e9cole Saint Exup\u00e9ry<\/li>\n<li><strong>Cugnaux<\/strong><br \/>\u2013 Rue du Pr\u00e9 Vicinal (Face lac du Vivier)<br \/>\u2013 Parking la Coupe d\u2019or<br \/>\u2013 Boulevard de Maurens<br \/>\u2013 Rond Point du Stade<br \/>\u2013 Avenue du Comminges (angle avenue de Francazal)<br \/>\u2013 Avenue de Toulouse (angle rue du Petit Barry)<br \/>\u2013 Route de Toulouse (angle rue P De Fermat)<br \/>\u2013 Chemin de la Cassagn\u00e8re (angle chemin des Bourdettes)<br \/>\u2013 Chemin du Petit Barry (angle route de Tournefeuille)<br \/>\u2013 Gratentour<br \/>\u2013 Parking H\u00f4tel du Barry<br \/>\u2013 2, rue L\u00e9o Ferr\u00e9 (parking commerces)<\/li>\n<li><strong>Launaguet<\/strong><br \/>\u2013 Place No\u00ebl Fourcade<br \/>\u2013 Gymnase de la Palcanque<\/li>\n<li><strong>L\u2019Union<\/strong><br \/>\u2013 Rue Ang\u00e8le Bettini Del Rio<br \/>\u2013 Parking de la Grande Halle (Acc\u00e8s par la rue du Vignemale et la rue du Somport)<\/li>\n<li><strong>Mondonville<\/strong><br \/>\u2013 Parking Mairie<br \/>\u2013 All\u00e9e des Amandiers<br \/>\u2013 Parking Orion<br \/>\u2013 Impasse de la Cornague<br \/>\u2013 Mons<br \/>\u2013 Mairie (Parking)<br \/>\u2013 Rue de Monac<\/li>\n<li><strong>Montrab\u00e9<\/strong><br \/>\u2013 All\u00e9e Antoine Candela (\u00e0 c\u00f4t\u00e9 du broyat)<\/li>\n<li><strong>Quint Fonsegrives<\/strong><br \/>\u2013 Route de la Saune (pr\u00e8s des ateliers municipaux et du parking relais Tisseo du coll\u00e8ge)<\/li>\n<li><strong>Pibrac<\/strong><br \/>\u2013 Avenue du Balardou (Parking du cimeti\u00e8re )<br \/>\u2013 Route de L\u00e9guevin (parking du stade Migliore)<\/li>\n<li><strong>Quint-Fonsegrives<\/strong><br \/>\u2013 Route de la Saune (pr\u00e8s des ateliers municipaux et du parking relais Tisseo du coll\u00e8ge)<\/li>\n<li><strong>Saint-Jory<\/strong><br \/>\u2013 Chemin de la Plaine (espace vert entre la maison situ\u00e9e au n\u00b02 et l\u2019\u00e9cole au n\u00b04)<\/li>\n<li><strong>Saint-Orens<\/strong><br \/>\u2013 Place B\u00e9li\u00e8res (petit parking proche r\u00e9cup verre)<br \/>\u2013 Avenue de la Marqueille<\/li>\n<li><strong>Tournefeuille<\/strong><br \/>\u2013 Impasse Baylac (parking)<br \/>\u2013 Face au N\u00b032 Rue de la Paderne \u00e0 c\u00f4t\u00e9 du parc (angle de rue sur z\u00e9bra)<br \/>\u2013 Chemin de Pahin sur le parking du coll\u00e8ge L\u00e9onard de Vinci<br \/>\u2013 Quartier Quefets parking du Lyc\u00e9e marie Louise Dissard<\/li>\n<li><strong>Villeneuve-Tolosane<\/strong><br \/>\u2013 Route de Portet (parking coll\u00e8ge Jacqueline Auriol)<\/li>\n<\/ul>\n<p>Votre r\u00e9gion, votre actu !<\/p>\n<p>Recevez chaque jour les infos qui comptent pour vous.<\/p>\n<p>\t<a href=\"https:\/\/actu.fr\/newsletter\" class=\"ac-btn ac-btn--corner ac-btn--medium ac-btn--blue800\" target=\"_blank\" rel=\"noopener\">S&rsquo;incrire<\/a><\/p>\n<p class=\" wall-content\">Personnalisez votre actualit\u00e9 en ajoutant vos villes et m\u00e9dias en favori avec <a href=\"https:\/\/moncompte.actu.fr\" title=\"D\u00e9couvez Mon Actu\" rel=\"nofollow noopener\" data-trk=\"{&quot;cta&quot;:{&quot;action&quot;:&quot;https:\\\/\\\/moncompte.actu.fr&quot;,&quot;category&quot;:&quot;mon compte&quot;,&quot;from&quot;:&quot;article footer&quot;,&quot;name&quot;:&quot;Mon actu&quot;,&quot;type&quot;:&quot;cta&quot;}}\" target=\"_blank\">Mon Actu<\/a>.<\/p>\n","protected":false},"excerpt":{"rendered":"Par L\u00e9a Afonso Publi\u00e9 le 25 d\u00e9c. 2025 \u00e0 15h02 Il tr\u00f4ne dans les salons depuis plusieurs jours&hellip;\n","protected":false},"author":2,"featured_media":621724,"comment_status":"","ping_status":"","sticky":false,"template":"","format":"standard","meta":{"footnotes":""},"categories":[2816],"tags":[1111,11,1777,674,1011,27,12,15830,2680,25,104,2312],"class_list":{"0":"post-621723","1":"post","2":"type-post","3":"status-publish","4":"format-standard","5":"has-post-thumbnail","7":"category-toulouse","8":"tag-actu","9":"tag-actualites","10":"tag-eu","11":"tag-europe","12":"tag-fr","13":"tag-france","14":"tag-news","15":"tag-noel","16":"tag-occitanie","17":"tag-republique-francaise","18":"tag-societe","19":"tag-toulouse"},"share_on_mastodon":{"url":"https:\/\/pubeurope.com\/@fr\/115780792255594194","error":""},"_links":{"self":[{"href":"https:\/\/www.europesays.com\/fr\/wp-json\/wp\/v2\/posts\/621723","targetHints":{"allow":["GET"]}}],"collection":[{"href":"https:\/\/www.europesays.com\/fr\/wp-json\/wp\/v2\/posts"}],"about":[{"href":"https:\/\/www.europesays.com\/fr\/wp-json\/wp\/v2\/types\/post"}],"author":[{"embeddable":true,"href":"https:\/\/www.europesays.com\/fr\/wp-json\/wp\/v2\/users\/2"}],"replies":[{"embeddable":true,"href":"https:\/\/www.europesays.com\/fr\/wp-json\/wp\/v2\/comments?post=621723"}],"version-history":[{"count":0,"href":"https:\/\/www.europesays.com\/fr\/wp-json\/wp\/v2\/posts\/621723\/revisions"}],"wp:featuredmedia":[{"embeddable":true,"href":"https:\/\/www.europesays.com\/fr\/wp-json\/wp\/v2\/media\/621724"}],"wp:attachment":[{"href":"https:\/\/www.europesays.com\/fr\/wp-json\/wp\/v2\/media?parent=621723"}],"wp:term":[{"taxonomy":"category","embeddable":true,"href":"https:\/\/www.europesays.com\/fr\/wp-json\/wp\/v2\/categories?post=621723"},{"taxonomy":"post_tag","embeddable":true,"href":"https:\/\/www.europesays.com\/fr\/wp-json\/wp\/v2\/tags?post=621723"}],"curies":[{"name":"wp","href":"https:\/\/api.w.org\/{rel}","templated":true}]}}