{"id":621734,"date":"2025-12-25T15:04:28","date_gmt":"2025-12-25T15:04:28","guid":{"rendered":"https:\/\/www.europesays.com\/fr\/621734\/"},"modified":"2025-12-25T15:04:28","modified_gmt":"2025-12-25T15:04:28","slug":"huit-idees-de-sorties-sympas-a-lyon-et-dans-la-metropole-pour-finir-lannee-en-beaute","status":"publish","type":"post","link":"https:\/\/www.europesays.com\/fr\/621734\/","title":{"rendered":"huit id\u00e9es de sorties sympas \u00e0 Lyon et dans la M\u00e9tropole pour finir l\u2019ann\u00e9e en beaut\u00e9"},"content":{"rendered":"<p>1<\/p>\n<p>Lyon. Le th\u00e9\u00e2tre des C\u00e9lestins garde le cap<\/p>\n<p>  &#13;<br \/>\n      <a href=\"https:\/\/cdn-s-www.leprogres.fr\/images\/86cea72e-a559-41b1-afea-58ece76f79fa\/NW_raw\/ka-in-par-le-groupe-acrobatique-de-tanger-photo-pierre-planchenault-1766671256.jpg\" title=\"Ka-In, par le groupe acrobatique de Tanger. Photo Pierre Planchenault\" class=\"chocolat-image GA-tracking\" data-ga_type=\"click\" data-ga_category=\"D\u00e9tail\" data-ga_action=\"zoomer\" data-ga_label=\"agrandir image\" target=\"_blank\" rel=\"noopener\">&#13;<br \/>\n          <img loading=\"lazy\" decoding=\"async\" src=\"https:\/\/www.europesays.com\/fr\/wp-content\/uploads\/2025\/12\/ka-in-par-le-groupe-acrobatique-de-tanger-photo-pierre-planchenault-1766671256.jpg\" data-mobile=\"NW_listC_M|1766671256\" data-base=\"NW_listC|1766671256\" alt=\"Ka-In, par le groupe acrobatique de Tanger. Photo Pierre Planchenault\"\/>&#13;<br \/>\n      <\/a>&#13;<\/p>\n<p>Ka-In, par le groupe acrobatique de Tanger. Photo Pierre Planchenault<\/p>\n<p>&#13;<\/p>\n<p>Les C\u00e9lestins ne baissent pas de r\u00e9gime pendant une p\u00e9riode des f\u00eates de fin d\u2019ann\u00e9e o\u00f9 la majeure partie des th\u00e9\u00e2tres ferment leurs portes.<br \/>La salle lyonnaise accueille ainsi jusqu\u2019au 31\u00a0d\u00e9cembre le spectacle Ka-In du groupe acrobatique de Tanger. Les circassiens et danseurs marocains ont travaill\u00e9 avec la metteure en sc\u00e8ne Rapha\u00eblle Boitel qui aborde cette nouvelle cr\u00e9ation comme un \u00ab\u200acirque dans\u00e9, \u00e9lan de vie organique, puissant et dr\u00f4le\u200a\u00bb.<\/p>\n<p>Le spectacle est \u00e0 voir en famille, \u00e0 partir de 8 ans, tout comme l\u2019autre cr\u00e9ation programm\u00e9e dans La C\u00e9lestine, la plus petite salle du th\u00e9\u00e2tre, jusqu\u2019au 27\u00a0d\u00e9cembre. Il s\u2019agit de Santa Park, o\u00f9 l\u2019artiste Ambre Kahan explore la figure du monstre et leurs peurs li\u00e9es \u00e0 l\u2019enfance en embarquant le public au c\u0153ur d\u2019une ancienne f\u00eate foraine abandonn\u00e9e.<\/p>\n<p class=\"note\">Ka-In\u200a: les 26, 27 et du 29 au 31\u00a0d\u00e9cembre. https:\/\/www.theatredescelestins.com\/<\/p>\n<p>2<\/p>\n<p>Lyon. Le spectacle Flow m\u00e9tamorphose le Palais de la Bourse<\/p>\n<p>  &#13;<br \/>\n      <a href=\"https:\/\/cdn-s-www.leprogres.fr\/images\/be2e56eb-2d95-40a7-8985-86f065dc7844\/NW_raw\/flow-nouveau-spectacle-son-et-lumieres-au-palais-de-la-bourse-photo-joel-philippon-1765537419.jpg\" title=\"Flow, nouveau spectacle son et lumi\u00e8res au Palais de la Bourse. Photo Jo\u00ebl Philippon\" class=\"chocolat-image GA-tracking\" data-ga_type=\"click\" data-ga_category=\"D\u00e9tail\" data-ga_action=\"zoomer\" data-ga_label=\"agrandir image\" target=\"_blank\" rel=\"noopener\">&#13;<br \/>\n          <img loading=\"lazy\" decoding=\"async\" src=\"https:\/\/www.europesays.com\/fr\/wp-content\/uploads\/2025\/12\/flow-nouveau-spectacle-son-et-lumieres-au-palais-de-la-bourse-photo-joel-philippon-1765537419.jpg\" data-mobile=\"NW_listC_M|1765537419\" data-base=\"NW_listC|1765537419\" alt=\"Flow, nouveau spectacle son et lumi\u00e8res au Palais de la Bourse. Photo Jo\u00ebl Philippon\"\/>&#13;<br \/>\n      <\/a>&#13;<\/p>\n<p>Flow, nouveau spectacle son et lumi\u00e8res au Palais de la Bourse. Photo Jo\u00ebl Philippon<\/p>\n<p>&#13;<\/p>\n<p>Le cours d\u2019une rivi\u00e8re, La Moldau, est au c\u0153ur de l\u2019\u0153uvre symphonique du m\u00eame nom de Bed\u0159ich Smetana. La musique du compositeur tch\u00e8que est aussi le fil conducteur du <a href=\"https:\/\/www.leprogres.fr\/culture-loisirs\/2025\/12\/13\/i-flow-i-le-spectacle-son-et-lumiere-a-la-fois-paisible-et-tumultueux-au-palais-de-la-bourse\" target=\"_blank\" rel=\"noopener\">spectacle son et lumi\u00e8re Flow,<\/a> accueilli au Palais de la Bourse de Lyon pendant plusieurs mois. L\u2019architecture de la salle principale du monument se pr\u00eate parfaitement \u00e0 ses cr\u00e9ations lumineuses, qui \u00e9pousent ici les diff\u00e9rents climats musicaux, entre qui\u00e9tude aquatique et d\u00e9bits plus torrentiels.<\/p>\n<p class=\"note\">Flow, tous les jours sauf le 1er\u00a0janvier pendant les vacances scolaires, puis jusqu\u2019en mars. Tarifs de 6,90 \u00e0 18,90\u00a0\u20ac. https:\/\/eonariumexperiences.com\/lyon\/flow\/<\/p>\n<p>3<\/p>\n<p>La Mulati\u00e8re. Un Aquarium agrandi pour mieux d\u00e9couvrir la vie subaquatique<\/p>\n<p>  &#13;<br \/>\n      <a href=\"https:\/\/cdn-s-www.leprogres.fr\/images\/77fed50c-2c30-44bc-9b3b-bc58aae23290\/NW_raw\/la-nouvelle-salle-ocean-360-a-l-aquarium-de-lyon-a-la-mulatiere-photo-maxime-jegat-1766672888.jpg\" title=\"La nouvelle salle Oc\u00e9an 360 \u00e0 l&#039;aquarium de Lyon \u00e0 La Mulati\u00e8re. Photo Maxime Jegat\" class=\"chocolat-image GA-tracking\" data-ga_type=\"click\" data-ga_category=\"D\u00e9tail\" data-ga_action=\"zoomer\" data-ga_label=\"agrandir image\" target=\"_blank\" rel=\"noopener\">&#13;<br \/>\n          <img loading=\"lazy\" decoding=\"async\" src=\"https:\/\/www.europesays.com\/fr\/wp-content\/uploads\/2025\/12\/la-nouvelle-salle-ocean-360-a-l-aquarium-de-lyon-a-la-mulatiere-photo-maxime-jegat-1766672888.jpg\" data-mobile=\"NW_listC_M|1766672888\" data-base=\"NW_listC|1766672888\" alt=\"La nouvelle salle Oc\u00e9an 360 \u00e0 l'aquarium de Lyon \u00e0 La Mulati\u00e8re. Photo Maxime Jegat\"\/>&#13;<br \/>\n      <\/a>&#13;<\/p>\n<p>La nouvelle salle Oc\u00e9an 360 \u00e0 l&rsquo;aquarium de Lyon \u00e0 La Mulati\u00e8re. Photo Maxime Jegat<\/p>\n<p>&#13;<\/p>\n<p>C\u2019est une extension majeure de plus de 1\u200a000 m2\u00a0et une sc\u00e9nographie repens\u00e9e qui attendent les visiteurs \u00e0 l\u2019Aquarium de Lyon.<br \/>Le site permet de d\u00e9couvrir, sur 3\u200a500 m2\u00a0d\u00e9sormais, quelque 310 esp\u00e8ces, 3\u200a500\u00a0sp\u00e9cimens, 42 \u00e9cosyst\u00e8mes et il dispose d\u2019un cin\u00e9ma de 190 places avec un programme de documentaires. De quoi faire le bonheur des petits et des grands int\u00e9ress\u00e9s par les myst\u00e8res et la magie sous-marine.<\/p>\n<p>Une immersion num\u00e9rique et sensorielle dans les profondeurs<\/p>\n<p>Le nouvel espace \u201cOc\u00e9an\u00a0360\u201d permet une immersion num\u00e9rique et sensorielle dans les profondeurs, alors qu\u2019un nouvel univers appel\u00e9 \u201cLueurs marines\u201d nous entra\u00eene dans le r\u00e9cif corallien de Bali, les secrets de la mer du Japon ou encore une for\u00eat de kelps bretonnes.<br \/>Le tout en cheminant entre \u0153uvres artistiques sur la th\u00e9matique aquatique et animations ludiques pour les enfants.<\/p>\n<p class=\"note\">Aquarium de Lyon (7, rue St\u00e9phane-Dechant, La Mulati\u00e8re). Ouvert tous les jours (sauf le 1er\u00a0janvier) de 10\u200ah\u200a30 \u00e0 18\u200ah\u200a30 (derni\u00e8re entr\u00e9e 1\u00a0heure avant la fermeture). Tarifs\u200a: 19,50\u00a0\u20ac sur place (r\u00e9servation via le site 17\u00a0\u20ac), 15\u00a0\u20ac pour les 5 \u00e0 10\u00a0ans (12,50\u00a0\u20ac), 9\u00a0\u20ac pour les 3-4 ans (7\u00a0\u20ac), gratuit -3ans. T\u00e9l.\u200a: 04\u200a72\u200a66\u200a65\u200a66 Site\u200a: www.aquariumlyon.fr\/<\/p>\n<p>4<\/p>\n<p>Lyon. Passer la fin de l\u2019ann\u00e9e avec Guignol<\/p>\n<p>  &#13;<br \/>\n      <a href=\"https:\/\/cdn-s-www.leprogres.fr\/images\/33304518-f1cf-455a-bb11-4022bde05c2f\/NW_raw\/dans-le-spectacle-y-a-t-il-un-yeti-dans-la-ville-madelon-vendeuse-dans-une-chocolaterie-est-confrontee-a-un-abominable-amateur-de-chocolat-blanc-photo-theatre-le-guignol-de-lyon-compa-1766671714.jpg\" title=\"Dans le spectacle Y\u2019a t\u2019il un Y\u00e9ti dans la ville\u200a? Madelon, vendeuse dans une chocolaterie, est confront\u00e9e \u00e0 un abominable amateur de chocolat blanc.Photo Th\u00e9\u00e2tre Le Guignol de Lyon\/Compa\" class=\"chocolat-image GA-tracking\" data-ga_type=\"click\" data-ga_category=\"D\u00e9tail\" data-ga_action=\"zoomer\" data-ga_label=\"agrandir image\" target=\"_blank\" rel=\"noopener\">&#13;<br \/>\n          <img loading=\"lazy\" decoding=\"async\" src=\"https:\/\/www.europesays.com\/fr\/wp-content\/uploads\/2025\/12\/dans-le-spectacle-y-a-t-il-un-yeti-dans-la-ville-madelon-vendeuse-dans-une-chocolaterie-est-confront.jpeg\" data-mobile=\"NW_listC_M|1766671714\" data-base=\"NW_listC|1766671714\" alt=\"Dans le spectacle Y\u2019a t\u2019il un Y\u00e9ti dans la ville\u200a? Madelon, vendeuse dans une chocolaterie, est confront\u00e9e \u00e0 un abominable amateur de chocolat blanc.Photo Th\u00e9\u00e2tre Le Guignol de Lyon\/Compa\"\/>&#13;<br \/>\n      <\/a>&#13;<\/p>\n<p>Dans le spectacle Y\u2019a t\u2019il un Y\u00e9ti dans la ville\u200a? Madelon, vendeuse dans une chocolaterie, est confront\u00e9e \u00e0 un abominable amateur de chocolat blanc.<br \/>Photo Th\u00e9\u00e2tre Le Guignol de Lyon\/Compa<\/p>\n<p>&#13;<\/p>\n<p>Pas de tr\u00eave des confiseurs pour <a href=\"https:\/\/www.leprogres.fr\/sortir\/guignol-marionnette-lyon\" target=\"_blank\" rel=\"noopener\">Guignol<\/a>. Encore moins dans le spectacle Y\u2019a-t-il un Y\u00e9ti dans la ville\u200a?, o\u00f9 Madelon, vendeuse dans une chocolaterie, est confront\u00e9e \u00e0 un abominable amateur de chocolat blanc\u2026<\/p>\n<p>Accessible \u00e0 partir de 3 ans<\/p>\n<p>Dans son th\u00e9\u00e2tre du quartier Saint-Paul, Le Guignol de Lyon, la compagnie MA\u2019r\u00e9gale avec ce spectacle de 50 minutes plein de fantaisie, accessible \u00e0 partir de 3\u00a0ans.<br \/>Les autres artisans de la fameuse marionnette lyonnaise ne sont pas en reste pendant les vacances. Le th\u00e9\u00e2tre La Maison de Guignol (place de la\u00a0Trinit\u00e9 dans le 5e) programme trois spectacles en lien avec No\u00ebl alors que le Th\u00e9\u00e2tre Guignol de la Croix-Rousse propose de passer un No\u00ebl chez Guignol avec un invit\u00e9 surprise.<\/p>\n<p class=\"note\">Y\u2019a-t-il un Y\u00e9ti dans la ville\u200a? Jusqu\u2019au 31\u00a0d\u00e9cembre et les 2 et 3\u00a0janvier au 2, rue Louis-Carrand (Lyon 5e). Tarifs de 9 \u00e0 13\u00a0euros. www.theatreleguignoldelyon.fr\u200a; th\u00e9\u00e2tre La Maison de Guignol\u200a: https:\/\/lamaisondeguignol.mapado.com\/\u200a; Guignol de la Croix-Rousse\u200a: www.guignolcroixrousse.fr<\/p>\n<p>5<\/p>\n<p>Lyon. Derniers jours pour d\u00e9couvrir de nouveaux horizons au MAC<\/p>\n<p>  &#13;<br \/>\n      <a href=\"https:\/\/cdn-s-www.leprogres.fr\/images\/1efbfb2e-3780-4d7b-b3f5-6d9ddcbba3d2\/NW_raw\/ici-la-piece-que-marigold-santos-et-rajni-perera-ont-concue-ensemble-et-qui-a-donne-le-nom-a-l-exposition-efflorescence-tel-est-notre-eveil-photo-joel-philippon-1766672030.jpg\" title=\"Ici la pi\u00e8ce que Marigold Santos et Rajni Perera ont con\u00e7ue ensemble et qui a donn\u00e9 le nom \u00e0 l\u2019exposition Efflorescence \/ Tel est notre \u00e9veil. Photo Jo\u00ebl Philippon\" class=\"chocolat-image GA-tracking\" data-ga_type=\"click\" data-ga_category=\"D\u00e9tail\" data-ga_action=\"zoomer\" data-ga_label=\"agrandir image\" target=\"_blank\" rel=\"noopener\">&#13;<br \/>\n          <img loading=\"lazy\" decoding=\"async\" src=\"https:\/\/www.europesays.com\/fr\/wp-content\/uploads\/2025\/12\/ici-la-piece-que-marigold-santos-et-rajni-perera-ont-concue-ensemble-et-qui-a-donne-le-nom-a-l-expos.jpeg\" data-mobile=\"NW_listC_M|1766672030\" data-base=\"NW_listC|1766672030\" alt=\"Ici la pi\u00e8ce que Marigold Santos et Rajni Perera ont con\u00e7ue ensemble et qui a donn\u00e9 le nom \u00e0 l\u2019exposition Efflorescence \/ Tel est notre \u00e9veil. Photo Jo\u00ebl Philippon\"\/>&#13;<br \/>\n      <\/a>&#13;<\/p>\n<p>Ici la pi\u00e8ce que Marigold Santos et Rajni Perera ont con\u00e7ue ensemble et qui a donn\u00e9 le nom \u00e0 l\u2019exposition Efflorescence \/ Tel est notre \u00e9veil. Photo Jo\u00ebl Philippon<\/p>\n<p>&#13;<\/p>\n<p>Le <a href=\"https:\/\/www.leprogres.fr\/culture-loisirs\/2025\/09\/18\/la-nouvelle-exposition-du-mac-assure-la-liaison-lyon-belgrade\" target=\"_blank\" rel=\"noopener\">Mus\u00e9e d\u2019art contemporain <\/a>(Mac) de Lyon accueille encore pendant quelques jours une double exposition temporaire.<br \/>Une premi\u00e8re partie instaure un dialogue fructueux entre les collections du Mac et celles du Mus\u00e9e d\u2019art contemporain de Belgrade (Serbie) et favorise la d\u00e9couverte d\u2019artistes issus d\u2019une sph\u00e8re, l\u2019ex-Yougoslavie, peu repr\u00e9sent\u00e9e dans les collections fran\u00e7aises.<br \/>Au 3e\u00a0\u00e9tage, le mus\u00e9e abrite aussi les \u0153uvres vives et teint\u00e9es de fantastique de deux artistes canadiennes, Rajni Perera et Marigold Santos, qui explorent leurs racines (le Sri Lanka et les Philippines).<br \/>Pendant les vacances, le mus\u00e9e programme par ailleurs des activit\u00e9s, notamment pour les plus jeunes. Les\u00a026, 27, 28 et 31\u00a0d\u00e9cembre, les enfants pourront par exemple fabriquer un masque extraordinaire ou une armure magique (entre 11\u200ah\u200a30 et 13\u200ah\u200a30 dans l\u2019espace atelier).<\/p>\n<p class=\"note\">Jusqu\u2019au 4\u00a0janvier, du mercredi au dimanche, de 11\u200ah \u00e0 18\u200ah (17\u200ah le 31\u00a0d\u00e9cembre), fermeture exceptionnelle le 1er\u00a0janvier. Tarifs\u200a: 9\/6 euros. https:\/\/www.mac-lyon.com\/<\/p>\n<p>6<\/p>\n<p>Lyon. Entre expositions et ateliers pour les enfants, le large choix du mus\u00e9e des Confluences<\/p>\n<p>  &#13;<br \/>\n      <a href=\"https:\/\/cdn-s-www.leprogres.fr\/images\/7159fe94-3cab-486d-821f-2d6ed1fa9f3a\/NW_raw\/lors-d-un-atelier-jeune-public-au-musee-des-confluences-photo-paul-bourdrel-1766672030.jpg\" title=\"Lors d&#039;un atelier jeune public au mus\u00e9e des Confluences. Photo Paul Bourdrel\" class=\"chocolat-image GA-tracking\" data-ga_type=\"click\" data-ga_category=\"D\u00e9tail\" data-ga_action=\"zoomer\" data-ga_label=\"agrandir image\" target=\"_blank\" rel=\"noopener\">&#13;<br \/>\n          <img loading=\"lazy\" decoding=\"async\" src=\"https:\/\/www.europesays.com\/fr\/wp-content\/uploads\/2025\/12\/lors-d-un-atelier-jeune-public-au-musee-des-confluences-photo-paul-bourdrel-1766672030.jpg\" data-mobile=\"NW_listC_M|1766672030\" data-base=\"NW_listC|1766672030\" alt=\"Lors d'un atelier jeune public au mus\u00e9e des Confluences. Photo Paul Bourdrel\"\/>&#13;<br \/>\n      <\/a>&#13;<\/p>\n<p>Lors d&rsquo;un atelier jeune public au mus\u00e9e des Confluences. Photo Paul Bourdrel<\/p>\n<p>&#13;<\/p>\n<p>Pendant les vacances, le <a href=\"https:\/\/www.leprogres.fr\/rhone\/musee-des-confluences\" target=\"_blank\" rel=\"noopener\">mus\u00e9e des Confluences<\/a> peut miser sur son parcours permanent et sur ses quatre expositions temporaires (en ce moment sur les Zombis ou l\u2019Amazonie notamment) pour attirer le public.<br \/>Mais le site fait aussi le plein d\u2019animations pour les enfants. Pour les 3-5 ans, les \u201ccontes \u00e0 gigoter\u201d s\u2019articulent par exemple en deux temps\u200a: il y a d\u2019abord des histoires racont\u00e9es, du Grand Nord \u00e0 la for\u00eat br\u00e9silienne, puis la visite dans les collections du mus\u00e9e pour retrouver les personnages ainsi \u00e9voqu\u00e9s.<\/p>\n<p>Les 8-12 ans enferm\u00e9s dans une r\u00e9serve du mus\u00e9e<\/p>\n<p>L\u2019aventure Chrono\u2019lab\u200a! s\u2019adresse quant \u00e0 elle aux 8-12 ans qui se retrouvent, lors de cet atelier, enferm\u00e9s dans une r\u00e9serve du mus\u00e9e et sont charg\u00e9s d\u2019en sauver tous les objets.<br \/>Depuis le mois de juin, le mus\u00e9e accueille aussi au 3e\u00a0\u00e9tage \u201cLe nuage des petits\u201d, un espace permanent d\u00e9di\u00e9 aux 2-6 ans qui est ouvert du lundi au dimanche de 10\u200ah\u200a45 \u00e0 17\u200ah pendant ces vacances scolaires (hormis le 1er\u00a0janvier).<\/p>\n<p class=\"note\">Le mus\u00e9e est ouvert 7 jours sur 7 pendant les vacances de No\u00ebl (sauf le 1er\u00a0janvier). Programmes, horaires et tarifs des ateliers\u200a: https:\/\/museedesconfluences.fr\/<\/p>\n<p>7<\/p>\n<p>Lyon. D\u00e9couvrir les belles coulisses de l\u2019Op\u00e9ra<\/p>\n<p>  &#13;<br \/>\n      <a href=\"https:\/\/cdn-s-www.leprogres.fr\/images\/0cb58225-ac93-48d6-a3b2-2e789852fc83\/NW_raw\/l-opera-de-lyon-inaugure-en-1993-doit-sa-renovation-a-l-architecte-jean-nouvel-photo-joel-philippon-1745873304.jpg\" title=\"L&#039;Op\u00e9ra de Lyon inaugur\u00e9 en 1993 doit sa r\u00e9novation \u00e0 l\u2019architecte Jean Nouvel. Photo Jo\u00ebl Philippon\" class=\"chocolat-image GA-tracking\" data-ga_type=\"click\" data-ga_category=\"D\u00e9tail\" data-ga_action=\"zoomer\" data-ga_label=\"agrandir image\" target=\"_blank\" rel=\"noopener\">&#13;<br \/>\n          <img loading=\"lazy\" decoding=\"async\" src=\"https:\/\/www.europesays.com\/fr\/wp-content\/uploads\/2025\/12\/l-opera-de-lyon-inaugure-en-1993-doit-sa-renovation-a-l-architecte-jean-nouvel-photo-joel-philippon-.jpeg\" data-mobile=\"NW_listC_M|1745873304\" data-base=\"NW_listC|1745873304\" alt=\"L'Op\u00e9ra de Lyon inaugur\u00e9 en 1993 doit sa r\u00e9novation \u00e0 l\u2019architecte Jean Nouvel. Photo Jo\u00ebl Philippon\"\/>&#13;<br \/>\n      <\/a>&#13;<\/p>\n<p>L&rsquo;Op\u00e9ra de Lyon inaugur\u00e9 en 1993 doit sa r\u00e9novation \u00e0 l\u2019architecte Jean Nouvel. Photo Jo\u00ebl Philippon<\/p>\n<p>&#13;<\/p>\n<p>Le b\u00e2timent de l\u2019Op\u00e9ra de Lyon est une attraction \u00e0 lui seul, depuis sa r\u00e9novation par l\u2019architecte Jean Nouvel et son inauguration en 1993. Il b\u00e9n\u00e9ficie d\u2019ailleurs de visites guid\u00e9es pendant une bonne partie de l\u2019ann\u00e9e, qui s\u2019adressent aux passionn\u00e9es d\u2019architecture, d\u2019art, mais aussi \u00e0 ceux qui veulent d\u00e9couvrir les coulisses d\u2019un \u00e9difice plein de ressources.<br \/>Particularit\u00e9s sc\u00e9niques <br \/>L<a href=\"https:\/\/www.leprogres.fr\/magazine-lifestyle\/2025\/06\/01\/autrefois-grand-theatre-l-opera-de-lyon-a-traverse-le-temps\" target=\"_blank\" rel=\"noopener\">\u2019ancien th\u00e9\u00e2tre du XVIIIe\u00a0si\u00e8cle<\/a>, d\u00e9sormais identifiable gr\u00e2ce \u00e0 son d\u00f4me de verre, d\u00e9voile ici ses particularit\u00e9s sc\u00e9niques, ses espaces de r\u00e9p\u00e9tition et ses lieux o\u00f9 se croise le public.<\/p>\n<p class=\"note\">Les 27 et 28\u00a0d\u00e9cembre et 3 et 4\u00a0janvier \u00e0 13\u200ah\u200a30, entr\u00e9e 16\u00a0euros (gratuit pour les moins de 8\u00a0ans). R\u00e9servation obligatoire\u200a: https:\/\/www.visiterlyon.com\/<\/p>\n<p>8<\/p>\n<p>Vaulx-en-Velin. Num\u00e9ros spectaculaires et po\u00e9sie avec le Cirque Imagine<\/p>\n<p>  &#13;<br \/>\n      <a href=\"https:\/\/cdn-s-www.leprogres.fr\/images\/513a7ed7-7637-4256-bbe2-5f93f40c38c7\/NW_raw\/repetition-generale-du-spectacle-cirquassien-noel-au-cirque-imagine-sous-le-chapiteau-du-cirque-imagine-a-vaulx-en-velin-photo-maxime-jegat-1766672261.jpg\" title=\"R\u00e9p\u00e9tition g\u00e9n\u00e9rale du spectacle cirquassien &quot;No\u00ebl au cirque Imagine&quot; sous le chapiteau du cirque Imagine \u00e0 Vaulx-en-Velin. Photo Maxime Jegat\" class=\"chocolat-image GA-tracking\" data-ga_type=\"click\" data-ga_category=\"D\u00e9tail\" data-ga_action=\"zoomer\" data-ga_label=\"agrandir image\" target=\"_blank\" rel=\"noopener\">&#13;<br \/>\n          <img loading=\"lazy\" decoding=\"async\" src=\"https:\/\/www.europesays.com\/fr\/wp-content\/uploads\/2025\/12\/repetition-generale-du-spectacle-cirquassien-noel-au-cirque-imagine-sous-le-chapiteau-du-cirque-imag.jpeg\" data-mobile=\"NW_listC_M|1766672261\" data-base=\"NW_listC|1766672261\" alt=\"R\u00e9p\u00e9tition g\u00e9n\u00e9rale du spectacle cirquassien &quot;No\u00ebl au cirque Imagine&quot; sous le chapiteau du cirque Imagine \u00e0 Vaulx-en-Velin. Photo Maxime Jegat\"\/>&#13;<br \/>\n      <\/a>&#13;<\/p>\n<p>R\u00e9p\u00e9tition g\u00e9n\u00e9rale du spectacle cirquassien \u00ab\u00a0No\u00ebl au cirque Imagine\u00a0\u00bb sous le chapiteau du cirque Imagine \u00e0 Vaulx-en-Velin. Photo Maxime Jegat<\/p>\n<p>&#13;<\/p>\n<p>Venus des quatre coins du monde (Mexique, Finlande, Ukraine, Italie, Bi\u00e9lorussie, Kazakhstan, France\u2026), une vingtaine d\u2019artistes a \u00e9t\u00e9 appel\u00e9e pour ce spectacle de fin d\u2019ann\u00e9e. Ils \u00e9voluent sous le grand chapiteau \u00e0 Vaulx-en-Velin (le second est d\u00e9volu aux soir\u00e9es cabaret\u00a0et \u00e0 leurs num\u00e9ros sp\u00e9cifiques), dans un spectacle con\u00e7u par Anastasiya Massot, cofondatrice du <a href=\"https:\/\/www.leprogres.fr\/culture-loisirs\/2025\/12\/20\/des-numeros-epoustouflants-pour-le-noel-du-cirque-imagine-nous-voulons-transmettre-une-vision-poetique\" target=\"_blank\" rel=\"noopener\">Cirque Imagine<\/a> avec son \u00e9poux David.<\/p>\n<p>Clowns, jongleurs, acrobates, \u00e9quilibristes, trap\u00e9zistes\u2026 Les circassiens se fondent, avec leurs num\u00e9ros amusants, spectaculaires, donnant le frisson, dans un fil conducteur o\u00f9 ils arrivent avec des cartons pleins de surprises, dont celle r\u00e9v\u00e9l\u00e9e en toute fin de repr\u00e9sentation. \u00ab\u200aNous avons voulu faire quelque chose qui tient du partage et transmettre une vision po\u00e9tique\u200a\u00bb, indique Anastasiya Massot.<\/p>\n<p class=\"note\">Cirque Imagine (5 avenue des Canuts, Vaulx-en-Velin), jusqu\u2019au 4\u00a0janvier (rel\u00e2che les 25\u00a0d\u00e9cembre et 1er\u00a0janvier). Deux s\u00e9ances par jour \u00e0 14\u200ah et 17\u200ah. Dur\u00e9e\u200a: 2\u00a0heures (avec entracte de 20 minutes). Tarif\u200a: d\u00e8s 17\u00a0\u20ac. https:\/\/cirqueimagine.com\/T\u00e9l\u200a: 04\u200a78\u200a24\u200a32\u200a43<\/p>\n","protected":false},"excerpt":{"rendered":"1 Lyon. Le th\u00e9\u00e2tre des C\u00e9lestins garde le cap &#13; &#13; &#13; &#13; Ka-In, par le groupe acrobatique&hellip;\n","protected":false},"author":2,"featured_media":30227,"comment_status":"","ping_status":"","sticky":false,"template":"","format":"standard","meta":{"footnotes":""},"categories":[1889],"tags":[1111,11,2430,1687,3152,2757,3153,3154,3155,3156,1777,674,2271,1011,27,17973,2428,12,25,2429,3140,5070],"class_list":{"0":"post-621734","1":"post","2":"type-post","3":"status-publish","4":"format-standard","5":"has-post-thumbnail","7":"category-lyon","8":"tag-actu","9":"tag-actualites","10":"tag-auvergne-rhone-alpes","11":"tag-culture-loisirs","12":"tag-edition-est-lyonnais","13":"tag-edition-lyon-villeurbanne","14":"tag-edition-ouest-lyonnais","15":"tag-edition-sud-lyonnais","16":"tag-edition-tarare","17":"tag-edition-villefranche","18":"tag-eu","19":"tag-europe","20":"tag-exposition-arts-plastiques","21":"tag-fr","22":"tag-france","23":"tag-la-mulatiere","24":"tag-lyon","25":"tag-news","26":"tag-republique-francaise","27":"tag-rhone","28":"tag-spectacle","29":"tag-vaulx-en-velin"},"share_on_mastodon":{"url":"https:\/\/pubeurope.com\/@fr\/115780824977003971","error":""},"_links":{"self":[{"href":"https:\/\/www.europesays.com\/fr\/wp-json\/wp\/v2\/posts\/621734","targetHints":{"allow":["GET"]}}],"collection":[{"href":"https:\/\/www.europesays.com\/fr\/wp-json\/wp\/v2\/posts"}],"about":[{"href":"https:\/\/www.europesays.com\/fr\/wp-json\/wp\/v2\/types\/post"}],"author":[{"embeddable":true,"href":"https:\/\/www.europesays.com\/fr\/wp-json\/wp\/v2\/users\/2"}],"replies":[{"embeddable":true,"href":"https:\/\/www.europesays.com\/fr\/wp-json\/wp\/v2\/comments?post=621734"}],"version-history":[{"count":0,"href":"https:\/\/www.europesays.com\/fr\/wp-json\/wp\/v2\/posts\/621734\/revisions"}],"wp:featuredmedia":[{"embeddable":true,"href":"https:\/\/www.europesays.com\/fr\/wp-json\/wp\/v2\/media\/30227"}],"wp:attachment":[{"href":"https:\/\/www.europesays.com\/fr\/wp-json\/wp\/v2\/media?parent=621734"}],"wp:term":[{"taxonomy":"category","embeddable":true,"href":"https:\/\/www.europesays.com\/fr\/wp-json\/wp\/v2\/categories?post=621734"},{"taxonomy":"post_tag","embeddable":true,"href":"https:\/\/www.europesays.com\/fr\/wp-json\/wp\/v2\/tags?post=621734"}],"curies":[{"name":"wp","href":"https:\/\/api.w.org\/{rel}","templated":true}]}}