{"id":621737,"date":"2025-12-25T15:07:15","date_gmt":"2025-12-25T15:07:15","guid":{"rendered":"https:\/\/www.europesays.com\/fr\/621737\/"},"modified":"2025-12-25T15:07:15","modified_gmt":"2025-12-25T15:07:15","slug":"il-gele-a-paris-le-jour-de-noel-une-premiere-dans-la-capitale-depuis-2010","status":"publish","type":"post","link":"https:\/\/www.europesays.com\/fr\/621737\/","title":{"rendered":"Il g\u00e8le \u00e0 Paris le jour de No\u00ebl, une premi\u00e8re dans la capitale depuis 2010"},"content":{"rendered":"<p class=\"\">C\u2019est une des cons\u00e9quences du <a href=\"https:\/\/www.leparisien.fr\/environnement\/cop30-cest-quoi-le-rechauffement-climatique-25-questions-reponses-pour-tout-comprendre-10-11-2025-KOZFYIP425FN7L2FI2BQ3Z6OHU.php\" target=\"_blank\" rel=\"noreferrer noopener\">changement climatique<\/a>. Il en devient notable de constater qu\u2019il g\u00e8le \u00e0 Paris un 25 d\u00e9cembre alors que l\u2019hiver calendaire a d\u00e9j\u00e0 commenc\u00e9 et que, d\u2019un point de vue m\u00e9t\u00e9orologique, <a href=\"https:\/\/www.leparisien.fr\/meteo\/2c-a-paris-gelees-du-centre-au-nord-est-lhiver-meteorologique-commence-bien-ce-1er-decembre-01-12-2025-UWKSP7KDQFF2VCRUFY6YGPRWHI.php\" target=\"_blank\" rel=\"noreferrer noopener\">la saison froide<\/a> est d\u00e9j\u00e0 bien entam\u00e9e.<\/p>\n<p class=\"\">Le thermom\u00e8tre est en tout cas pass\u00e9 sous la barre de 0 \u00b0C ce jeudi de No\u00ebl dans la capitale. La situation s\u2019est produite pendant la nuit et au lever du jour. C\u2019est une premi\u00e8re depuis 2010.<\/p>\n<p class=\"\">Vers 4 heures, le niveau est descendu jusqu\u2019\u00e0 -0,3 \u00b0C \u00e0 la station officielle et de r\u00e9f\u00e9rence de M\u00e9t\u00e9o France, <a href=\"https:\/\/www.meteociel.fr\/temps-reel\/obs_villes.php?code2=7156&amp;affint=1\" target=\"_blank\" rel=\"noreferrer noopener\">situ\u00e9e dans le parc Montsouris<\/a>. Cette gel\u00e9e tr\u00e8s mod\u00e9r\u00e9e n\u2019a pas dur\u00e9 puisque le thermom\u00e8tre \u00e9tait de nouveau positif \u00e0 4h40. Mais il est repass\u00e9 dans le n\u00e9gatif un tout petit peu avant 8 heures, cette fois de mani\u00e8re plus durable et en descendant un peu plus bas. Le compteur affichait -0,6 \u00b0C \u00e0 9 heures et pointait encore autour de -0,5 \u00b0C apr\u00e8s 10 heures. En prenant en compte le vent, r\u00e9guli\u00e8rement entre 30 km\/h et 40 km\/h, la temp\u00e9rature ressentie est plus basse, autour de -5 \u00b0C.<\/p>\n<p>Une premi\u00e8re sous 0 \u00b0C en d\u00e9cembre cette ann\u00e9e<\/p>\n<p class=\"\">En 2010, le point bas \u00e9tait de -2 \u00b0C. Surtout, avant le jour de No\u00ebl, <a href=\"https:\/\/www.infoclimat.fr\/climatologie-mensuelle\/07156\/decembre\/2010\/paris-montsouris.html\" target=\"_blank\" rel=\"noreferrer noopener\">treize autres journ\u00e9es<\/a> avaient vu le thermom\u00e8tre afficher une valeur n\u00e9gative. Cette ann\u00e9e, il s\u2019agit tout simplement\u2026 De la premi\u00e8re gel\u00e9e du mois. No\u00ebl 2025 succ\u00e8de \u00e0 quatre 25 d\u00e9cembre remarquablement chauds.<\/p>\n<p class=\"\">De 2021 \u00e0 2024 il n\u2019a jamais fait moins de 8 \u00b0C alors que <a href=\"https:\/\/meteofrance.com\/climat\/normales\/france\" target=\"_blank\" rel=\"noreferrer noopener\">la minimale moyenne<\/a> est normalement inf\u00e9rieure \u00e0 4 \u00b0C \u00e0 Paris en d\u00e9cembre. Durant ces quatre ann\u00e9es pr\u00e9c\u00e9dentes, il a de plus fait jusqu\u2019\u00e0 12 \u00b0C en 2023 et 11,8 \u00b0C et 2022, faisant de ces deux No\u00ebl les plus chauds de l\u2019histoire des relev\u00e9s \u00e0 Paris.<\/p>\n<p>Seules deux vagues de froid depuis 2010<\/p>\n<p class=\"\">Ce jeudi, \u00e0 l\u2019\u00e9chelle, de la France, la journ\u00e9e devrait \u00eatre la plus froide pour un 25 d\u00e9cembre, l\u00e0 aussi depuis 2010. Une temp\u00e9rature finale moyenne entre 2 \u00b0C et 3 \u00b0C est attendue.<\/p>\n<p class=\"\">Comme le rappelle <a href=\"https:\/\/www.facebook.com\/lameilleureinfometeo\/?locale=fr_FR\" target=\"_blank\" rel=\"noreferrer noopener\">La cha\u00eene m\u00e9t\u00e9o<\/a>, No\u00ebl 2025 restera cependant diff\u00e9rent d\u2019autres bien plus froids. En 1962, la moyenne est ainsi descendue \u00e0 -7,5 \u00b0C. En 1970 elle \u00e9tait de -2,8 \u00b0C.<\/p>\n<p class=\"\">Le pays sera par ailleurs tr\u00e8s loin ce jeudi des conditions permettant de parler d\u2019une vague de froid. Ce ph\u00e9nom\u00e8ne se rar\u00e9fie de mani\u00e8re exponentielle, l\u00e0 aussi en raison du changement climatique. 46 ont eu lieu de 1946 \u00e0 2025, selon les donn\u00e9es de <a href=\"https:\/\/meteofrance.com\/le-changement-climatique\/quel-climat-futur\/changement-climatique-des-vagues-de-froid-peuvent-elles-encore-se-produire#&amp;gid=1&amp;pid=1\" target=\"_blank\" rel=\"noreferrer noopener\">M\u00e9t\u00e9o France<\/a>. Mais seules deux ont eu lieu depuis 2010, la derni\u00e8re en 2018, br\u00e8ve et de faible intensit\u00e9.<\/p>\n","protected":false},"excerpt":{"rendered":"C\u2019est une des cons\u00e9quences du changement climatique. Il en devient notable de constater qu\u2019il g\u00e8le \u00e0 Paris un&hellip;\n","protected":false},"author":2,"featured_media":621738,"comment_status":"","ping_status":"","sticky":false,"template":"","format":"standard","meta":{"footnotes":""},"categories":[1888],"tags":[1111,1928,11,1927,1777,674,1011,27,3746,2487,12,1926,626,1925,25],"class_list":{"0":"post-621737","1":"post","2":"type-post","3":"status-publish","4":"format-standard","5":"has-post-thumbnail","7":"category-paris","8":"tag-actu","9":"tag-actu-paris","10":"tag-actualites","11":"tag-actualites-paris","12":"tag-eu","13":"tag-europe","14":"tag-fr","15":"tag-france","16":"tag-futurs","17":"tag-meteo","18":"tag-news","19":"tag-news-paris","20":"tag-paris","21":"tag-paris-news","22":"tag-republique-francaise"},"share_on_mastodon":{"url":"https:\/\/pubeurope.com\/@fr\/115780835330652631","error":""},"_links":{"self":[{"href":"https:\/\/www.europesays.com\/fr\/wp-json\/wp\/v2\/posts\/621737","targetHints":{"allow":["GET"]}}],"collection":[{"href":"https:\/\/www.europesays.com\/fr\/wp-json\/wp\/v2\/posts"}],"about":[{"href":"https:\/\/www.europesays.com\/fr\/wp-json\/wp\/v2\/types\/post"}],"author":[{"embeddable":true,"href":"https:\/\/www.europesays.com\/fr\/wp-json\/wp\/v2\/users\/2"}],"replies":[{"embeddable":true,"href":"https:\/\/www.europesays.com\/fr\/wp-json\/wp\/v2\/comments?post=621737"}],"version-history":[{"count":0,"href":"https:\/\/www.europesays.com\/fr\/wp-json\/wp\/v2\/posts\/621737\/revisions"}],"wp:featuredmedia":[{"embeddable":true,"href":"https:\/\/www.europesays.com\/fr\/wp-json\/wp\/v2\/media\/621738"}],"wp:attachment":[{"href":"https:\/\/www.europesays.com\/fr\/wp-json\/wp\/v2\/media?parent=621737"}],"wp:term":[{"taxonomy":"category","embeddable":true,"href":"https:\/\/www.europesays.com\/fr\/wp-json\/wp\/v2\/categories?post=621737"},{"taxonomy":"post_tag","embeddable":true,"href":"https:\/\/www.europesays.com\/fr\/wp-json\/wp\/v2\/tags?post=621737"}],"curies":[{"name":"wp","href":"https:\/\/api.w.org\/{rel}","templated":true}]}}