{"id":621739,"date":"2025-12-25T15:08:15","date_gmt":"2025-12-25T15:08:15","guid":{"rendered":"https:\/\/www.europesays.com\/fr\/621739\/"},"modified":"2025-12-25T15:08:15","modified_gmt":"2025-12-25T15:08:15","slug":"paris-le-corps-dune-femme-a-moitie-nue-retrouve-dans-la-cour-dun-immeuble-2","status":"publish","type":"post","link":"https:\/\/www.europesays.com\/fr\/621739\/","title":{"rendered":"Paris. Le corps d&rsquo;une femme \u00e0 moiti\u00e9 nue retrouv\u00e9 dans la cour d&rsquo;un immeuble"},"content":{"rendered":"<p>Une enqu\u00eate pour meurtre a \u00e9t\u00e9 ouverte apr\u00e8s la d\u00e9couverte dans la cour int\u00e9rieure d&rsquo;un immeuble du 18e arrondissement de Paris du corps d&rsquo;une trentenaire, qui a fait une chute de plusieurs \u00e9tages depuis un appartement, a-t-on appris ce jeudi de sources concordantes.<\/p>\n<p>\u00ab Aucune piste n&rsquo;est privil\u00e9gi\u00e9e \u00e0 ce stade \u00bb et la qualification d&rsquo;homicide volontaire \u00ab pourra \u00eatre r\u00e9interrog\u00e9e au terme des investigations (qui) tendront \u00e0 faire la lumi\u00e8re sur les circonstances de la chute \u00bb, a pr\u00e9cis\u00e9 le parquet de Paris.<\/p>\n<p>Une autre femme, locataire d&rsquo;un appartement au 5e \u00e9tage de cet immeuble, a expliqu\u00e9 aux policiers avoir rencontr\u00e9 la veille un homme et une femme pr\u00e8s de la gare Saint-Lazare et les avoir invit\u00e9s chez elle, a pr\u00e9cis\u00e9 une source polici\u00e8re. Elle a \u00e9galement racont\u00e9 de mani\u00e8re confuse avoir consomm\u00e9 avec eux de l&rsquo;alcool et de la drogue, du LSD, dans la nuit, a indiqu\u00e9 la source polici\u00e8re, ajoutant que la victime avait \u00e9t\u00e9 retrouv\u00e9e en partie d\u00e9v\u00eatue.<\/p>\n<p>C&rsquo;est au moment o\u00f9 l&rsquo;homme a quitt\u00e9 son appartement vers 8h20 que le corps a \u00e9t\u00e9 d\u00e9couvert dans la cour int\u00e9rieure de l&rsquo;immeuble, selon la source polici\u00e8re. Dans la nuit, vers 2h du matin, la police avait re\u00e7u un appel leur signalant des hurlements de femme dans cet immeuble. Des policiers s&rsquo;\u00e9taient rendus sur place, mais n&rsquo;avaient pas pu identifier d&rsquo;o\u00f9 avaient pu provenir les cris. L&rsquo;enqu\u00eate a \u00e9t\u00e9 confi\u00e9e au commissariat du 18e arrondissement.<\/p>\n","protected":false},"excerpt":{"rendered":"Une enqu\u00eate pour meurtre a \u00e9t\u00e9 ouverte apr\u00e8s la d\u00e9couverte dans la cour int\u00e9rieure d&rsquo;un immeuble du 18e&hellip;\n","protected":false},"author":2,"featured_media":621296,"comment_status":"","ping_status":"","sticky":false,"template":"","format":"standard","meta":{"footnotes":""},"categories":[1888],"tags":[1111,1928,11,1927,1777,674,274,107,1011,27,329,12,1926,626,1925,25],"class_list":{"0":"post-621739","1":"post","2":"type-post","3":"status-publish","4":"format-standard","5":"has-post-thumbnail","7":"category-paris","8":"tag-actu","9":"tag-actu-paris","10":"tag-actualites","11":"tag-actualites-paris","12":"tag-eu","13":"tag-europe","14":"tag-faits-divers-justice","15":"tag-fil-info","16":"tag-fr","17":"tag-france","18":"tag-france-monde","19":"tag-news","20":"tag-news-paris","21":"tag-paris","22":"tag-paris-news","23":"tag-republique-francaise"},"share_on_mastodon":{"url":"https:\/\/pubeurope.com\/@fr\/115780839360977612","error":""},"_links":{"self":[{"href":"https:\/\/www.europesays.com\/fr\/wp-json\/wp\/v2\/posts\/621739","targetHints":{"allow":["GET"]}}],"collection":[{"href":"https:\/\/www.europesays.com\/fr\/wp-json\/wp\/v2\/posts"}],"about":[{"href":"https:\/\/www.europesays.com\/fr\/wp-json\/wp\/v2\/types\/post"}],"author":[{"embeddable":true,"href":"https:\/\/www.europesays.com\/fr\/wp-json\/wp\/v2\/users\/2"}],"replies":[{"embeddable":true,"href":"https:\/\/www.europesays.com\/fr\/wp-json\/wp\/v2\/comments?post=621739"}],"version-history":[{"count":0,"href":"https:\/\/www.europesays.com\/fr\/wp-json\/wp\/v2\/posts\/621739\/revisions"}],"wp:featuredmedia":[{"embeddable":true,"href":"https:\/\/www.europesays.com\/fr\/wp-json\/wp\/v2\/media\/621296"}],"wp:attachment":[{"href":"https:\/\/www.europesays.com\/fr\/wp-json\/wp\/v2\/media?parent=621739"}],"wp:term":[{"taxonomy":"category","embeddable":true,"href":"https:\/\/www.europesays.com\/fr\/wp-json\/wp\/v2\/categories?post=621739"},{"taxonomy":"post_tag","embeddable":true,"href":"https:\/\/www.europesays.com\/fr\/wp-json\/wp\/v2\/tags?post=621739"}],"curies":[{"name":"wp","href":"https:\/\/api.w.org\/{rel}","templated":true}]}}