{"id":621740,"date":"2025-12-25T15:09:20","date_gmt":"2025-12-25T15:09:20","guid":{"rendered":"https:\/\/www.europesays.com\/fr\/621740\/"},"modified":"2025-12-25T15:09:20","modified_gmt":"2025-12-25T15:09:20","slug":"ou-deposer-votre-sapin-de-noel-a-paris-apres-les-fetes-186-points-de-collecte-mis-a-disposition","status":"publish","type":"post","link":"https:\/\/www.europesays.com\/fr\/621740\/","title":{"rendered":"O\u00f9 d\u00e9poser votre sapin de No\u00ebl \u00e0 Paris apr\u00e8s les f\u00eates\u00a0? 186 points de collecte mis \u00e0 disposition"},"content":{"rendered":"<p class=\"paragraph text_align_left lp-f-body-02\">Il aura tr\u00f4n\u00e9 chez vous pendant plusieurs jours, voire plusieurs semaines. Mais il est l\u2019heure d\u00e9sormais de lui dire au revoir. <a href=\"https:\/\/www.leparisien.fr\/paris-75\/cest-toujours-assez-cher-entre-grande-surface-et-fleuriste-la-quete-du-sapin-parfait-a-paris-10-12-2025-M7YCYOBQBBAYLID75KMLWOPGHE.php\" target=\"_self\" rel=\"noopener\">Votre sapin de No\u00ebl<\/a> \u00e9dition 2025 quittera bient\u00f4t votre foyer, apr\u00e8s avoir \u00e9t\u00e9 d\u00e9cor\u00e9, chouchout\u00e9 et avoir veill\u00e9 sur de nombreux cadeaux.<\/p>\n<p class=\"\">Maintenant, que faire de cet arbre ? Le jeter \u00e0 la poubelle ? Certainement pas. Comme chaque ann\u00e9e depuis 2007, des points de collecte sont install\u00e9s aux quatre coins de la capitale par la Ville de <a href=\"https:\/\/www.leparisien.fr\/paris-75\/\" target=\"_self\" rel=\"noopener\">Paris<\/a>. Cette ann\u00e9e, 186 seront mis \u00e0 votre disposition, et ce jusqu\u2019au 20 janvier.<\/p>\n<p>Des sapins utilis\u00e9s comme broyat<\/p>\n<p class=\"\">Tous ces sapins seront ensuite broy\u00e9s et leur broyat sera utilis\u00e9 sous la forme d\u2019un paillage qui sera r\u00e9pandu dans les espaces verts et jardins parisiens. \u00ab Il est utilis\u00e9 comme d\u00e9sherbant naturel, permet de limiter l\u2019\u00e9vaporation de l\u2019eau et favorise le d\u00e9veloppement des micro-organismes souterrains qui am\u00e9liorent la vie du sol \u00bb, explique la Ville de Paris, qui indique que l\u2019an dernier, 110 000 sapins ont \u00e9t\u00e9 collect\u00e9s l\u2019an dernier dans la capitale.<\/p>\n<p class=\"\">Par ailleurs, notez que seuls les sapins sans d\u00e9coration seront accept\u00e9s. Ils doivent \u00eatre naturels (sans peinture ni flocage), sans sac, ni pied ou support m\u00e9tallique. Et si vous jetez votre sapin apr\u00e8s le 20 janvier, vous pouvez toujours le sortir en m\u00eame temps que vos bas \u00e0 ordures m\u00e9nag\u00e8res. Attention, s\u2019il mesure plus de 2,50 m, il faudra le couper en deux.<\/p>\n<p class=\"\">Voici arrondissement par arrondissement, les adresses o\u00f9 vous pourrez d\u00e9poser votre sapin. Certains points de collecte se trouvent \u00e0 l\u2019int\u00e9rieur d\u2019un parc, d\u2019un jardin ou d\u2019un square et sont donc soumis \u00e0 leurs horaires d\u2019ouverture. Les autres seront accessibles 24 heures sur 24.<\/p>\n<p class=\"\"><b>Ier arrondissement<\/b><\/p>\n<ol class=\"margin_bottom_md fs_18_26 fs_20_28_ad blue-number\">\n<li class=\"mb_150 pl_325\">Jardin Nelson Mandela\u00a0: All\u00e9e Jules Supervielle (en face de l\u2019\u00e9glise Saint-Eustache), accessible 24h\/24<\/li>\n<\/ol>\n<p class=\"\"><b>IIe arrondissement<\/b><\/p>\n<ol class=\"margin_bottom_md fs_18_26 fs_20_28_ad blue-number\">\n<li class=\"mb_150 pl_325\">Square Louvois\u00a0: 69 bis, rue de Richelieu<\/li>\n<\/ol>\n<p class=\"\"><b>IIIe arrondissement<\/b><\/p>\n<ol class=\"margin_bottom_md fs_18_26 fs_20_28_ad blue-number\">\n<li class=\"mb_150 pl_325\">Square \u00c9mile Chautemps\u00a0: 98 bis, boulevard de S\u00e9bastopol<\/li>\n<li class=\"mb_150 pl_325\">Square du Temple &#8211; \u00c9lie Wiesel\u00a0: 64,\u00a0rue de Bretagne<\/li>\n<li class=\"mb_150 pl_325\">Square L\u00e9opold Achille\u00a0: 5,\u00a0rue du Parc-Royal<\/li>\n<\/ol>\n<p class=\"\"><b>IVe arrondissement<\/b><\/p>\n<ol class=\"margin_bottom_md fs_18_26 fs_20_28_ad blue-number\">\n<li class=\"mb_150 pl_325\">Square Louis\u00a0XIII\u00a0: 1,\u00a0place des Vosges<\/li>\n<li class=\"mb_150 pl_325\">Square Henri Galli\u00a0: 9,\u00a0boulevard Henri-IV, accessible 24h\/24<\/li>\n<li class=\"mb_150 pl_325\">Square Barye\u00a0: 2,\u00a0boulevard Henri-IV, accessible 24h\/24<\/li>\n<li class=\"mb_150 pl_325\">Square Albert Schweitzer\u00a0: 10,\u00a0rue de l\u2019H\u00f4tel-de-Ville<\/li>\n<li class=\"mb_150 pl_325\">Square de la Tour Saint-Jacques\u00a0: 1 bis, rue Saint-Martin<\/li>\n<\/ol>\n<p class=\"\"><b>Ve arrondissement<\/b><\/p>\n<ol class=\"margin_bottom_md fs_18_26 fs_20_28_ad blue-number\">\n<li class=\"mb_150 pl_325\">Square Ren\u00e9 Viviani\u00a0: 2,\u00a0rue du Fouarre<\/li>\n<li class=\"mb_150 pl_325\">Jardin Tino Rossi\u00a0: angle quai Saint-Bernard et pont de Sully, accessible 24h\/24<\/li>\n<li class=\"mb_150 pl_325\">Square Paul Langevin\u00a0: 20,\u00a0rue Monge<\/li>\n<li class=\"mb_150 pl_325\">Squares Capitan et des Ar\u00e8nes de Lut\u00e8ce\u00a0: 4,\u00a0rue des Ar\u00e8nes<\/li>\n<li class=\"mb_150 pl_325\">Square Saint-M\u00e9dard\u00a0: 32,\u00a0rue Censier<\/li>\n<\/ol>\n<p class=\"\"><b>VIe arrondissement<\/b><\/p>\n<ol class=\"margin_bottom_md fs_18_26 fs_20_28_ad blue-number\">\n<li class=\"mb_150 pl_325\">Esplanade Gaston Monnerville\u00a0: 7,\u00a0place Andr\u00e9 Honnorat<\/li>\n<li class=\"mb_150 pl_325\">Square F\u00e9lix Desruelles\u00a0: 168 bis, boulevard Saint-Germain<\/li>\n<li class=\"mb_150 pl_325\">Square Gabriel Piern\u00e9\u00a0: 9,\u00a0rue de Seine<\/li>\n<li class=\"mb_150 pl_325\">Angle du boulevard Raspail et de l\u2019avenue de Rennes\u00a0: accessible 24h\/24<\/li>\n<\/ol>\n<p class=\"\"><b>VIIe arrondissement<\/b><\/p>\n<ol class=\"margin_bottom_md fs_18_26 fs_20_28_ad blue-number\">\n<li class=\"mb_150 pl_325\">Square Boucicaut\u00a0: 1,\u00a0rue de Babylone<\/li>\n<li class=\"mb_150 pl_325\">Square Samuel Rousseau\u00a0: 2,\u00a0rue Casimir-Perier<\/li>\n<li class=\"mb_150 pl_325\">Square Santiago du Chili\u00a0: 1,\u00a0avenue de La\u00a0Motte-Picquet<\/li>\n<li class=\"mb_150 pl_325\">Avenue de Breteuil \u2013 Parc \u00e0 sapins 1 : 1, avenue de Breteuil, accessible 24h\/24<\/li>\n<li class=\"mb_150 pl_325\">Avenue de Breteuil \u2013 Parc \u00e0 sapins 2\u00a0: 76,\u00a0avenue de Breteuil, accessible 24h\/24<\/li>\n<li class=\"mb_150 pl_325\">Champ de Mars \u2013 Parc \u00e0 sapins 1\u00a0: avenue Gustave-Eiffel, accessible 24h\/24<\/li>\n<li class=\"mb_150 pl_325\">Champ de Mars \u2013 Parc \u00e0 sapins 2\u00a0: place Jacques-Rueff, accessible 24h\/24<\/li>\n<li class=\"mb_150 pl_325\">Champ de Mars \u2013 Parc \u00e0 sapins 3\u00a0: avenue Charles Risler, accessible 24h\/24<\/li>\n<\/ol>\n<p class=\"\"><b>VIIIe arrondissement<\/b><\/p>\n<ol class=\"margin_bottom_md fs_18_26 fs_20_28_ad blue-number\">\n<li class=\"mb_150 pl_325\">Jardins des Champs-\u00c9lys\u00e9es \u2013 Parc \u00e0 sapins 1 : 41, avenue Gabriel, accessible 24h\/24<\/li>\n<li class=\"mb_150 pl_325\">Jardins des Champs-\u00c9lys\u00e9es \u2013 Parc \u00e0 sapins 2 : 13, avenue des Champs-\u00c9lys\u00e9es, accessible 24h\/24<\/li>\n<li class=\"mb_150 pl_325\">Parc Monceau \u2013 Parc \u00e0 sapins 1\u00a0: avenue Velasquez<\/li>\n<li class=\"mb_150 pl_325\">Parc Monceau \u2013 Parc \u00e0 sapins 2\u00a0: avenue Van Dyck<\/li>\n<li class=\"mb_150 pl_325\">Square Louis-XVI\u00a0: 29,\u00a0rue Pasquier<\/li>\n<li class=\"mb_150 pl_325\">Square Marcel Pagnol\u00a0: 1,\u00a0place Henri-Bergson<\/li>\n<li class=\"mb_150 pl_325\">Terre-plein central (sortie m\u00e9tro \u00ab\u00a0Europe\u00a0\u00bb)\u00a0: rue de Madrid, accessible 24h\/24<\/li>\n<\/ol>\n<p class=\"\"><b>IXe arrondissement<\/b><\/p>\n<ol class=\"margin_bottom_md fs_18_26 fs_20_28_ad blue-number\">\n<li class=\"mb_150 pl_325\">Square d\u2019Estienne d\u2019Orves\u00a0: 1,\u00a0place d\u2019Estienne d\u2019Orves<\/li>\n<li class=\"mb_150 pl_325\">Square d\u2019Anvers\u00a0: 3,\u00a0place d\u2019Anvers<\/li>\n<li class=\"mb_150 pl_325\">Square Alex Biscarre\u00a0: 31, rue Notre-Dame-de-Lorette<\/li>\n<li class=\"mb_150 pl_325\">Place Adolphe Max\u00a0: place Adolphe Max, accessible 24h\/24<\/li>\n<li class=\"mb_150 pl_325\">Square Montholon\u00a0: 2,\u00a0rue Mayran<\/li>\n<\/ol>\n<p class=\"\"><b>Xe arrondissement<\/b><\/p>\n<ol class=\"margin_bottom_md fs_18_26 fs_20_28_ad blue-number\">\n<li class=\"mb_150 pl_325\">Jardin Villemin \u2013 Mahsa J\u00eena Amini\u00a0: 14,\u00a0rue des R\u00e9collets<\/li>\n<li class=\"mb_150 pl_325\">Square Amadou Hampate Ba\u00a0: 19,\u00a0rue Boy-Zelenski<\/li>\n<li class=\"mb_150 pl_325\">Square Eug\u00e8ne Varlin\u00a0: 154,\u00a0quai de Valmy<\/li>\n<li class=\"mb_150 pl_325\">Square Juliette Dodu\u00a0: entr\u00e9e Juliette Dodu<\/li>\n<li class=\"mb_150 pl_325\">Square Madeleine Tribolati\u00a0: 127,\u00a0quai de Valmy<\/li>\n<li class=\"mb_150 pl_325\">Place Franz Liszt\u00a0: devant le square Aristide Cavaill\u00e9-Coll<\/li>\n<li class=\"mb_150 pl_325\">Square Alban Satragne\u00a0: entr\u00e9e rue du Faubourg Saint-Denis<\/li>\n<li class=\"mb_150 pl_325\">Jardin Y\u0131lmaz G\u00fcney\u00a0: 27,\u00a0rue de l\u2019\u00c9chiquier<\/li>\n<\/ol>\n<p class=\"\"><b>XIe arrondissement<\/b><\/p>\n<ol class=\"margin_bottom_md fs_18_26 fs_20_28_ad blue-number\">\n<li class=\"mb_150 pl_325\">Square Maurice Gardette\u00a0: 2,\u00a0rue du G\u00e9n\u00e9ral-Blaise<\/li>\n<li class=\"mb_150 pl_325\">Square de la Roquette\u00a0: 147,\u00a0rue de la Roquette<\/li>\n<li class=\"mb_150 pl_325\">Square Richard Lenoir\u00a0: 54,\u00a0boulevard Richard-Lenoir, accessible 24h\/24<\/li>\n<li class=\"mb_150 pl_325\">Square Dominique Bernard\u00a0: 12, boulevard Jules Ferry<\/li>\n<li class=\"mb_150 pl_325\">Place L\u00e9on Blum\u00a0: devant la mairie du 11e, accessible 24h\/24<\/li>\n<li class=\"mb_150 pl_325\">Place Marie-Jos\u00e9 Nicoli<\/li>\n<li class=\"mb_150 pl_325\">Esplanade Ren\u00e9 Lebas\u00a0: rue Saint-Bernard<\/li>\n<li class=\"mb_150 pl_325\">Rue Titon\u00a0: 31,\u00a0rue Titon<\/li>\n<li class=\"mb_150 pl_325\">Place Marek Edelman\u00a0: sur la place<\/li>\n<li class=\"mb_150 pl_325\">Square de la place Pasdeloup\u00a0: place Pasdeloup<\/li>\n<\/ol>\n<p class=\"\"><b>XIIe arrondissement<\/b><\/p>\n<ol class=\"margin_bottom_md fs_18_26 fs_20_28_ad blue-number\">\n<li class=\"mb_150 pl_325\">Jardin du Port de l\u2019Arsenal\u00a0: 53,\u00a0boulevard de la Bastille, accessible 24h\/24<\/li>\n<li class=\"mb_150 pl_325\">Square Saint-\u00c9loi\u00a0: face au 6,\u00a0rue Sainte-Claire Deville<\/li>\n<li class=\"mb_150 pl_325\">Jardin de Reuilly \u2013 Paul Pernin\u00a0: 15,\u00a0rue Albinoni<\/li>\n<li class=\"mb_150 pl_325\">Parc de Bercy \u2013 Ouest\u00a0: 10,\u00a0place Leonard Bernstein, dans la partie cl\u00f4tur\u00e9e du parc<\/li>\n<li class=\"mb_150 pl_325\">Devant le square Jean Morin\u00a0: face au 21,\u00a0boulevard de Bercy, accessible 24h\/24<\/li>\n<li class=\"mb_150 pl_325\">Square Charles-P\u00e9guy\u00a0: 21,\u00a0rue Rottembourg<\/li>\n<li class=\"mb_150 pl_325\">Square \u00c9mile Cohl\u00a0: 60,\u00a0boulevard Soult<\/li>\n<li class=\"mb_150 pl_325\">Jardin Debergue Rendez-Vous\u00a0: 30,\u00a0rue du Rendez-Vous<\/li>\n<li class=\"mb_150 pl_325\">Square Trousseau\u00a0: 6,\u00a0rue Antoine Vollon<\/li>\n<li class=\"mb_150 pl_325\">Terre-plein central de la Porte de Charenton\u00a0: \u00e0 l\u2019angle de l\u2019avenue de la Porte de Charenton et du boulevard Poniatowski, accessible 24h\/24<\/li>\n<li class=\"mb_150 pl_325\">Place \u00e0 proximit\u00e9 du m\u00e9tro Bel-Air\u00a0: Courteline<\/li>\n<li class=\"mb_150 pl_325\">All\u00e9e Vivaldi\u00a0: 4-6, Coul\u00e9e verte Ren\u00e9 Dumont<\/li>\n<li class=\"mb_150 pl_325\">Square Philippe Farine\u00a0: 9,\u00a0passage Gatbois<\/li>\n<li class=\"mb_150 pl_325\">Angle rue Parrot et rue de Lyon<\/li>\n<li class=\"mb_150 pl_325\">Square Saint-\u00c9loi\u00a0: 15,\u00a0rue du Colonel Rozanoff<\/li>\n<\/ol>\n<p class=\"\"><b>XIIIe arrondissement<\/b><\/p>\n<ol class=\"margin_bottom_md fs_18_26 fs_20_28_ad blue-number\">\n<li class=\"mb_150 pl_325\">Esplanade des Grands Moulins \u2013 Pierre Vidal Naquet\u00a0: 8,\u00a0rue Marguerite-Duras, accessible 24h\/24<\/li>\n<li class=\"mb_150 pl_325\">Square H\u00e9lo\u00efse et Ab\u00e9lard\u00a0: face au 18,\u00a0rue Duchefdelaville<\/li>\n<li class=\"mb_150 pl_325\">Place Paul-Verlaine\u00a0: accessible 24h\/24<\/li>\n<li class=\"mb_150 pl_325\">Parc de Choisy\u00a0: 128,\u00a0avenue de Choisy<\/li>\n<li class=\"mb_150 pl_325\">Jardin Joan Mir\u00f3\u00a0: all\u00e9e Marc Chagall (c\u00f4t\u00e9 40,\u00a0rue Gandon)<\/li>\n<li class=\"mb_150 pl_325\">Parc Kellermann\u00a0: 19,\u00a0rue de la Poterne-des-Peupliers<\/li>\n<li class=\"mb_150 pl_325\">Square Ren\u00e9 Le Gall\u00a0: 28,\u00a0rue de Croulebarbe<\/li>\n<li class=\"mb_150 pl_325\">Jardin Charles Tr\u00e9net\u00a0: 31,\u00a0rue Brillat-Savarin<\/li>\n<li class=\"mb_150 pl_325\">Jardin Clara Zetkin\u00a0: 21,\u00a0avenue Boutroux<\/li>\n<li class=\"mb_150 pl_325\">Square Henri Cadiou\u00a0: 69,\u00a0boulevard Arago<\/li>\n<li class=\"mb_150 pl_325\">Mail de Bi\u00e8vre\u00a0: 107,\u00a0boulevard Auguste Blanqui<\/li>\n<li class=\"mb_150 pl_325\">Square Gustave Mesureur\u00a0: place Pinel<\/li>\n<\/ol>\n<p class=\"\"><b>XIVe arrondissement<\/b><\/p>\n<ol class=\"margin_bottom_md fs_18_26 fs_20_28_ad blue-number\">\n<li class=\"mb_150 pl_325\">Parc Montsouris \u2013 Parc \u00e0 sapins 1 : 17, rue Nansouty<\/li>\n<li class=\"mb_150 pl_325\">Parc Montsouris \u2013 Parc \u00e0 sapins 2\u00a0: rue de la Cit\u00e9-Universitaire (1)<\/li>\n<li class=\"mb_150 pl_325\">Parc Montsouris \u2013 Parc \u00e0 sapins 3\u00a0: rue de la Cit\u00e9-Universitaire (2)<\/li>\n<li class=\"mb_150 pl_325\">Square Georges Lamarque\u00a0: 1,\u00a0rue Froidevaux, accessible 24h\/24<\/li>\n<li class=\"mb_150 pl_325\">Square du Serment de Koufra \u2013 Parc \u00e0 sapins 1 : 30, avenue Ernest-Reyer<\/li>\n<li class=\"mb_150 pl_325\">Square du Serment de Koufra \u2013 Parc \u00e0 sapins 2\u00a0: avenue de la Porte de Montrouge<\/li>\n<li class=\"mb_150 pl_325\">Square du Chanoine Viollet\u00a0: 27,\u00a0rue Olivier-Noyer<\/li>\n<li class=\"mb_150 pl_325\">Jardin Maudy Piot Jacomet\u00a0: 8,\u00a0rue des Suisses<\/li>\n<li class=\"mb_150 pl_325\">Square du Cardinal Wyszy\u0144ski\u00a0: 54,\u00a0rue Vercing\u00e9torix, accessible 24h\/24<\/li>\n<li class=\"mb_150 pl_325\">Square Julia Bartet\u00a0: 3,\u00a0rue Julia-Bartet, accessible 24h\/24<\/li>\n<li class=\"mb_150 pl_325\">Square Ferdinand Brunot\u00a0: 12,\u00a0rue Pierre Castagnou<\/li>\n<li class=\"mb_150 pl_325\">All\u00e9e Georges Besse\u00a0: face au cimeti\u00e8re du Montparnasse, accessible 24h\/24<\/li>\n<\/ol>\n<p class=\"\"><b>XVe arrondissement<\/b><\/p>\n<ol class=\"margin_bottom_md fs_18_26 fs_20_28_ad blue-number\">\n<li class=\"mb_150 pl_325\">Parc Georges Brassens\u00a0: 2,\u00a0place Jacques-Marette<\/li>\n<li class=\"mb_150 pl_325\">Square Necker\u00a0: 1,\u00a0rue Tessier<\/li>\n<li class=\"mb_150 pl_325\">Square de l\u2019Oiseau Lunaire\u00a0: 43,\u00a0rue Blomet<\/li>\n<li class=\"mb_150 pl_325\">Jardin d\u2019Alleray Procession\u00a0: 79,\u00a0rue d\u2019Alleray<\/li>\n<li class=\"mb_150 pl_325\">Jardin Atlantique\u00a0: 17,\u00a0all\u00e9e de la Deuxi\u00e8me-Division-Blind\u00e9e<\/li>\n<li class=\"mb_150 pl_325\">Square Pierre Adrien Dalpayrat\u00a0: 21,\u00a0rue du Cotentin<\/li>\n<li class=\"mb_150 pl_325\">Square Saint-Lambert\u00a0: 1,\u00a0rue Th\u00e9ophraste Renaudot<\/li>\n<li class=\"mb_150 pl_325\">Square Garibaldi\u00a0: 141,\u00a0boulevard de Grenelle<\/li>\n<li class=\"mb_150 pl_325\">Square du Clos Feuqui\u00e8res\u00a0: 12,\u00a0rue Dominique Pado<\/li>\n<li class=\"mb_150 pl_325\">Square Violet\u00a0: 4,\u00a0place Violet<\/li>\n<li class=\"mb_150 pl_325\">Square Pablo Casals\u00a0: 49,\u00a0rue \u00c9meriau, accessible 24h\/24<\/li>\n<li class=\"mb_150 pl_325\">Square Franck Bauer\u00a0: 26,\u00a0rue Dupleix<\/li>\n<li class=\"mb_150 pl_325\">Jardin Eug\u00e9nie-Malika Djendi, dans le parc Andr\u00e9 Citro\u00ebn\u00a0: 182, rue Saint-Charles, accessible 24h\/24<\/li>\n<li class=\"mb_150 pl_325\">Rue Jongkind\u00a0: 8,\u00a0rue Jongkind<\/li>\n<li class=\"mb_150 pl_325\">Jardin Marguerite Boucicault\u00a0: all\u00e9e Ir\u00e8ne N\u00e9mirovski<\/li>\n<li class=\"mb_150 pl_325\">Place de la Montagne du Goulet\u00a0: accessible 24h\/24<\/li>\n<li class=\"mb_150 pl_325\">Place Henri Queuille\u00a0: accessible 24h\/24<\/li>\n<li class=\"mb_150 pl_325\">Charles Vallin\u00a0: place Charles Vallin<\/li>\n<li class=\"mb_150 pl_325\">Square du Docteur Calmette\u00a0: angle de la rue Andr\u00e9 Theuriet et du boulevard Lefebvre<\/li>\n<li class=\"mb_150 pl_325\">Place Dreyfus\u00a0: place Dreyfus<\/li>\n<\/ol>\n<p class=\"\"><b>XVIe arrondissement<\/b><\/p>\n<ol class=\"margin_bottom_md fs_18_26 fs_20_28_ad blue-number\">\n<li class=\"mb_150 pl_325\">Jardin de la Porte de Saint-Cloud\u00a0: 2,\u00a0avenue \u00c9douard-Vaillant, accessible 24h\/24<\/li>\n<li class=\"mb_150 pl_325\">Parc Sainte-P\u00e9rine\u00a0: 41,\u00a0rue Mirabeau<\/li>\n<li class=\"mb_150 pl_325\">Parc de Passy\u00a0: 15,\u00a0avenue Ren\u00e9 Boylesve<\/li>\n<li class=\"mb_150 pl_325\">Jardins du Trocad\u00e9ro\u00a0: avenue des Nations-Unies, accessible 24h\/24<\/li>\n<li class=\"mb_150 pl_325\">Jardins du Ranelagh \u2013 Parc \u00e0 sapins 1 : 1, avenue Ingres, accessible 24h\/24<\/li>\n<li class=\"mb_150 pl_325\">Jardins du Ranelagh \u2013 Parc \u00e0 sapins 2 : 1, avenue Rapha\u00ebl, accessible 24h\/24<\/li>\n<li class=\"mb_150 pl_325\">Square Claude Debussy\u00a0: 49,\u00a0avenue du Mar\u00e9chal Fayolle, accessible 24h\/24<\/li>\n<li class=\"mb_150 pl_325\">Jardin Christiane Desroches Noblecourt\u00a0: 1,\u00a0avenue Adrien-H\u00e9brard<\/li>\n<li class=\"mb_150 pl_325\">Place de la porte d\u2019Auteuil\u00a0: face \u00e0 l\u2019entr\u00e9e du champ de course, accessible 24h\/24<\/li>\n<li class=\"mb_150 pl_325\">Square Alexandre et Ren\u00e9 Parodi\u00a0: face au 31,\u00a0rue de l\u2019Amirale Bruix, accessible 24h\/24<\/li>\n<li class=\"mb_150 pl_325\">Place des \u00c9tats-Unis\u00a0: au niveau du 11, devant le square Thomas Jefferson, accessible 24h\/24<\/li>\n<li class=\"mb_150 pl_325\">Jardins de l\u2019Avenue Foch \u2013 Parc \u00e0 sapins 1\u00a0: 71,\u00a0avenue Foch, accessible 24h\/24<\/li>\n<li class=\"mb_150 pl_325\">Jardins de l\u2019Avenue Foch \u2013 Parc \u00e0 sapins 2 : 1, avenue Foch, accessible 24h\/24<\/li>\n<li class=\"mb_150 pl_325\">Parvis de la mairie du 16e\u00a0: 71,\u00a0avenue Henri Martin<\/li>\n<\/ol>\n<p class=\"\"><b>XVIIe arrondissement<\/b><\/p>\n<ol class=\"margin_bottom_md fs_18_26 fs_20_28_ad blue-number\">\n<li class=\"mb_150 pl_325\">Square Jacques Audiberti\u00a0: 25,\u00a0avenue de la Porte-de-Villiers, accessible 24h\/24<\/li>\n<li class=\"mb_150 pl_325\">Jardin Andr\u00e9 Ulmann\u00a0: 29,\u00a0boulevard de Reims<\/li>\n<li class=\"mb_150 pl_325\">Parc Clichy Batignolles \u2013 Martin Luther King \u2013 Parc \u00e0 sapins 1\u00a0: 147,\u00a0rue Cardinet<\/li>\n<li class=\"mb_150 pl_325\">Parc Clichy Batignolles \u2013 Martin Luther King \u2013 Parc \u00e0 sapins 2 : 34, rue Gilbert Cesbron<\/li>\n<li class=\"mb_150 pl_325\">Parc Clichy Batignolles \u2013 Martin Luther King \u2013 Parc \u00e0 sapins 3\u00a0: 72,\u00a0rue Rostropovitch<\/li>\n<li class=\"mb_150 pl_325\">Square Albert Besnard\u00a0: face au 9, place du Mar\u00e9chal-Juin, accessible 24h\/24<\/li>\n<li class=\"mb_150 pl_325\">Place Charles Fillon\u00a0: face au 11,\u00a0place Charles Fillon, accessible 24h\/24<\/li>\n<li class=\"mb_150 pl_325\">Square des \u00c9pinettes \u2013 Parc \u00e0 sapins 1 : 8, rue Jean Leclaire<\/li>\n<li class=\"mb_150 pl_325\">Square des \u00c9pinettes \u2013 Parc \u00e0 sapins 2 : 9, rue Maria-Deraismes<\/li>\n<li class=\"mb_150 pl_325\">Porte d\u2019Asni\u00e8res\u00a0: 2,\u00a0avenue de la Porte d\u2019Asni\u00e8res, accessible 24h\/24<\/li>\n<li class=\"mb_150 pl_325\">Square Sainte-Odile\u00a0: 9,\u00a0boulevard de la Somme<\/li>\n<\/ol>\n<p class=\"\"><b>XVIIIe arrondissement<\/b><\/p>\n<ol class=\"margin_bottom_md fs_18_26 fs_20_28_ad blue-number\">\n<li class=\"mb_150 pl_325\">Square Carpeaux\u00a0: 23,\u00a0rue Carpeaux<\/li>\n<li class=\"mb_150 pl_325\">Jardin Ren\u00e9 Binet\u00a0: 42,\u00a0rue Ren\u00e9-Binet<\/li>\n<li class=\"mb_150 pl_325\">Square Jo\u00ebl Le Tac\u00a0: 3,\u00a0place Constantin Pecqueur<\/li>\n<li class=\"mb_150 pl_325\">Jardins Rosa Luxemburg\u00a0: 63 quater, rue Riquet<\/li>\n<li class=\"mb_150 pl_325\">Jardins d\u2019\u00c9ole\u00a0: 47,\u00a0rue d\u2019Aubervilliers<\/li>\n<li class=\"mb_150 pl_325\">Square Saint-Bernard \u2013 Sa\u00efd Bouziri\u00a0: 16,\u00a0rue Affre<\/li>\n<li class=\"mb_150 pl_325\">Jardin Rachmaninov\u00a0: 16,\u00a0rue Tristan Tzara<\/li>\n<li class=\"mb_150 pl_325\">Square de la Madone\u00a0: 30,\u00a0rue Marc Seguin<\/li>\n<li class=\"mb_150 pl_325\">Square Maria V\u00e9rone\u00a0: 2,\u00a0rue de la Moskova<\/li>\n<li class=\"mb_150 pl_325\">Square Charles Hermite\u00a0: 40,\u00a0rue Charles Hermite<\/li>\n<li class=\"mb_150 pl_325\">Parc Chapelle Charbon\u00a0: rue de la Croix Moreau<\/li>\n<li class=\"mb_150 pl_325\">Square Sainte-H\u00e9l\u00e8ne\u00a0: 43,\u00a0rue Lefort<\/li>\n<li class=\"mb_150 pl_325\">Square Maurice Krieger Valrimont\u00a0: 1,\u00a0square de Clignancourt<\/li>\n<\/ol>\n<p class=\"\"><b>XIXe arrondissement<\/b><\/p>\n<ol class=\"margin_bottom_md fs_18_26 fs_20_28_ad blue-number\">\n<li class=\"mb_150 pl_325\">Square Claude Bernard\u00a0: 176,\u00a0boulevard MacDonald, accessible 24h\/24<\/li>\n<li class=\"mb_150 pl_325\">Square Marcel Mouloudji\u00a0: 12,\u00a0rue Pierre-Reverdy<\/li>\n<li class=\"mb_150 pl_325\">Square de la Marseillaise\u00a0: rue de la Marseillaise<\/li>\n<li class=\"mb_150 pl_325\">Parc des Buttes Chaumont \u2013 Parc \u00e0 sapins 1 : 2, rue Manin<\/li>\n<li class=\"mb_150 pl_325\">Parc des Buttes Chaumont \u2013 Parc \u00e0 sapins 2 : 4, rue Manin<\/li>\n<li class=\"mb_150 pl_325\">Parc des Buttes Chaumont \u2013 Parc \u00e0 sapins 3 : 1, rue Botzaris<\/li>\n<li class=\"mb_150 pl_325\">Parc des Buttes Chaumont \u2013 Parc \u00e0 sapins 4 : 3, rue Botzaris<\/li>\n<li class=\"mb_150 pl_325\">Parc des Buttes Chaumont \u2013 Parc \u00e0 sapins 5 : 7, rue Botzaris<\/li>\n<li class=\"mb_150 pl_325\">Parc des Buttes Chaumont \u2013 Parc \u00e0 sapins 6 : 6, rue Manin<\/li>\n<li class=\"mb_150 pl_325\">Parc de la Butte du Chapeau Rouge\u00a0: 5,\u00a0avenue Debidour<\/li>\n<li class=\"mb_150 pl_325\">\u00c0 l\u2019angle du quai de la Garonne et de la rue Adolphe Mille\u00a0: accessible 24h\/24<\/li>\n<li class=\"mb_150 pl_325\">Jardin R\u00e9beval\u00a0: place Marcel Achard, accessible 24h\/24<\/li>\n<li class=\"mb_150 pl_325\">Square Monseigneur Maillet\u00a0: place des F\u00eates<\/li>\n<li class=\"mb_150 pl_325\">Square Serge Reggiani\u00a0: 1,\u00a0place de Bitche<\/li>\n<li class=\"mb_150 pl_325\">Square du Petit Bois\u00a0: 79,\u00a0all\u00e9e Darius Milhaud<\/li>\n<li class=\"mb_150 pl_325\">Jardin Promenade Ces\u00e1ria \u00c9vora\u00a0: rue Ces\u00e1ria \u00c9vora, accessible 24h\/24<\/li>\n<\/ol>\n<p class=\"\"><b>XXe arrondissement<\/b><\/p>\n<ol class=\"margin_bottom_md fs_18_26 fs_20_28_ad blue-number\">\n<li class=\"mb_150 pl_325\">Square L\u00e9on Frapi\u00e9\u00a0: 7,\u00a0rue de Noisy-le-Sec<\/li>\n<li class=\"mb_150 pl_325\">Parc de Belleville\u00a0: 47,\u00a0rue des Couronnes<\/li>\n<li class=\"mb_150 pl_325\">Square des Saint-Simoniens\u00a0: 2,\u00a0rue de la Du\u00e9e<\/li>\n<li class=\"mb_150 pl_325\">Square du Sergent Aur\u00e9lie Salel\u00a0: 50,\u00a0rue de la Bidassoa, \u00e0 l\u2019ext\u00e9rieur du jardin, \u00e0 proximit\u00e9 de son entr\u00e9e<\/li>\n<li class=\"mb_150 pl_325\">Square Emmanuel Fleury\u00a0: 40,\u00a0rue Le Vau<\/li>\n<li class=\"mb_150 pl_325\">Square \u00c9douard Vaillant\u00a0: 50,\u00a0avenue Gambetta<\/li>\n<li class=\"mb_150 pl_325\">Jardin de l\u2019Hospice Debrousse\u00a0: 148,\u00a0rue de Bagnolet<\/li>\n<li class=\"mb_150 pl_325\">Jardin Casque d\u2019Or\u00a0: 14,\u00a0rue Michel de Bourges<\/li>\n<li class=\"mb_150 pl_325\">Square R\u00e9jane\u00a0: 58,\u00a0rue de Lagny<\/li>\n<li class=\"mb_150 pl_325\">Square Belleville T\u00e9l\u00e9graphe\u00a0: 44,\u00a0rue du T\u00e9l\u00e9graphe<\/li>\n<li class=\"mb_150 pl_325\">Square du Docteur Variot\u00a0: 160,\u00a0avenue Gambetta<\/li>\n<li class=\"mb_150 pl_325\">Jardin Serpollet\u00a0: \u00e0 l\u2019angle du boulevard Davout et de la rue Jean Veber<\/li>\n<li class=\"mb_150 pl_325\">Jardin de la rue No\u00ebl Ballay\u00a0: rue No\u00ebl Ballay, accessible 24h\/24<\/li>\n<li class=\"mb_150 pl_325\">Jardin Janis Joplin\u00a0: 4,\u00a0rue Paganini, accessible 24h\/24<\/li>\n<li class=\"mb_150 pl_325\">Jardin Paule Minck\u00a0: 50,\u00a0rue Saint-Fargeau, accessible 24h\/24<\/li>\n<li class=\"mb_150 pl_325\">Jardin naturel Pierre Emmanuel\u00a0: 114,\u00a0rue de la R\u00e9union<\/li>\n<\/ol>\n","protected":false},"excerpt":{"rendered":"Il aura tr\u00f4n\u00e9 chez vous pendant plusieurs jours, voire plusieurs semaines. Mais il est l\u2019heure d\u00e9sormais de lui&hellip;\n","protected":false},"author":2,"featured_media":621741,"comment_status":"","ping_status":"","sticky":false,"template":"","format":"standard","meta":{"footnotes":""},"categories":[1888],"tags":[11,1777,674,1011,27,1944,12,626,25],"class_list":{"0":"post-621740","1":"post","2":"type-post","3":"status-publish","4":"format-standard","5":"has-post-thumbnail","7":"category-paris","8":"tag-actualites","9":"tag-eu","10":"tag-europe","11":"tag-fr","12":"tag-france","13":"tag-ma-ville","14":"tag-news","15":"tag-paris","16":"tag-republique-francaise"},"share_on_mastodon":{"url":"https:\/\/pubeurope.com\/@fr\/115780843418326800","error":""},"_links":{"self":[{"href":"https:\/\/www.europesays.com\/fr\/wp-json\/wp\/v2\/posts\/621740","targetHints":{"allow":["GET"]}}],"collection":[{"href":"https:\/\/www.europesays.com\/fr\/wp-json\/wp\/v2\/posts"}],"about":[{"href":"https:\/\/www.europesays.com\/fr\/wp-json\/wp\/v2\/types\/post"}],"author":[{"embeddable":true,"href":"https:\/\/www.europesays.com\/fr\/wp-json\/wp\/v2\/users\/2"}],"replies":[{"embeddable":true,"href":"https:\/\/www.europesays.com\/fr\/wp-json\/wp\/v2\/comments?post=621740"}],"version-history":[{"count":0,"href":"https:\/\/www.europesays.com\/fr\/wp-json\/wp\/v2\/posts\/621740\/revisions"}],"wp:featuredmedia":[{"embeddable":true,"href":"https:\/\/www.europesays.com\/fr\/wp-json\/wp\/v2\/media\/621741"}],"wp:attachment":[{"href":"https:\/\/www.europesays.com\/fr\/wp-json\/wp\/v2\/media?parent=621740"}],"wp:term":[{"taxonomy":"category","embeddable":true,"href":"https:\/\/www.europesays.com\/fr\/wp-json\/wp\/v2\/categories?post=621740"},{"taxonomy":"post_tag","embeddable":true,"href":"https:\/\/www.europesays.com\/fr\/wp-json\/wp\/v2\/tags?post=621740"}],"curies":[{"name":"wp","href":"https:\/\/api.w.org\/{rel}","templated":true}]}}