{"id":621742,"date":"2025-12-25T15:10:15","date_gmt":"2025-12-25T15:10:15","guid":{"rendered":"https:\/\/www.europesays.com\/fr\/621742\/"},"modified":"2025-12-25T15:10:15","modified_gmt":"2025-12-25T15:10:15","slug":"arrivee-du-quinte-du-jeudi-25-decembre-a-paris-vincennes-koufra-iriseyes-en-a-mis-plein-les-yeux","status":"publish","type":"post","link":"https:\/\/www.europesays.com\/fr\/621742\/","title":{"rendered":"Arriv\u00e9e du quint\u00e9 du jeudi 25\u00a0d\u00e9cembre \u00e0 Paris-Vincennes\u00a0: Koufra Iris\u2019Eyes en a mis plein les yeux"},"content":{"rendered":"<p class=\"paragraph text_align_left lp-f-body-02\"><b>Arriv\u00e9e du quint\u00e9 : <\/b>8 &#8211; 2 &#8211; 7 &#8211; 9 &#8211; 5<\/p>\n<p class=\"\">En France, les courses ont lieu tous les jours de l\u2019ann\u00e9e, et le 25 d\u00e9cembre ne d\u00e9roge donc pas \u00e0 la r\u00e8gle. En ce jour de No\u00ebl, il n\u2019\u00e9tait pas question de tra\u00eeneaux mais de sulkys sur <a href=\"https:\/\/www.leparisien.fr\/sports\/hippisme\/les-courses-sur-lhippodrome-de-paris-vincennes-cest-reparti-pour-30-ans-04-07-2025-ZFGEG7EXENAD3NFOBTMOPELCTY.php\" target=\"_blank\" rel=\"noreferrer noopener\">l\u2019hippodrome de Paris-Vincennes<\/a>. Et c\u2019est celui sur lequel \u00e9tait install\u00e9 <a href=\"https:\/\/www.leparisien.fr\/sports\/hippisme\/quinte-du-samedi-28-juin-a-enghien-vainqueur-de-son-premier-groupe-i-alexis-collette-espere-aller-encore-plus-haut-27-06-2025-EN56OY5O3BG23KXO7FDQCRYAWY.php\" target=\"_blank\" rel=\"noreferrer noopener\">Alexis Collette<\/a> qui a franchi le poteau en t\u00eate par l\u2019interm\u00e9diaire de <a href=\"https:\/\/www.letrot.com\/stats\/chevaux\/KOUFRA-IRIS%27EYES\/ZmJbYQoDBAEY\/courses\" target=\"_blank\" rel=\"noreferrer noopener\">Koufra Iris\u2019Eyes<\/a> (n\u00b0 8). Sur le parcours des 2 700 m de la grande piste, le m\u00eame que celui du <a href=\"https:\/\/www.leparisien.fr\/sports\/hippisme\/les-champions-realisent-le-double-la-joie-du-clan-duvaldestin-vainqueur-du-prix-damerique-avec-idao-de-tillard-26-01-2025-QSTK2SSXYJCLZNOJCUSDAYO3NA.php\" target=\"_blank\" rel=\"noreferrer noopener\">Prix d\u2019Am\u00e9rique<\/a>, la jument de 5 ans s\u2019est montr\u00e9 la plus forte apr\u00e8s avoir d\u00e9bord\u00e9 le favori Keep Your Dreams (n\u00b0 13), qui a compl\u00e8tement faibli d\u00e8s l\u2019amorce du dernier tournant.<\/p>\n<p class=\"\">\u00ab La jument a \u00e9t\u00e9 formidable, savourait Jean-Marc Chaineux, entra\u00eeneur install\u00e9 \u00e0 Cartignies (Nord). Je savais qu\u2019elle \u00e9tait bien m\u00eame si j\u2019ai fait une connerie (sic) de la courir au trot mont\u00e9 mais cela l\u2019a ouvert. Elle volait au heat ! Elle n\u2019a pas eu le parcours le plus facile mais elle a \u00e9t\u00e9 forte. C\u2019\u00e9tait son jour ! \u00bb<\/p>\n<blockquote class=\"twitter-tweet\">\n<p lang=\"fr\" dir=\"ltr\">\ud83c\udfc6 \ud835\uddde\ud835\uddfc\ud835\ude02\ud835\uddf3\ud835\uddff\ud835\uddee \ud835\udddc\ud835\uddff\ud835\uddf6\ud835\ude00&rsquo;\ud835\uddd8\ud835\ude06\ud835\uddf2\ud835\ude00 (A.Collette \/ J-M.Chaineux) remet les pendules \u00e0 l&rsquo;heure ! <\/p>\n<p>\u27a1\ufe0f Pour son retour \u00e0 l&rsquo;attelage, la fille d&rsquo;Un Charme Fou remporte son premier \u00e9v\u00e9nement dans le Prix Saint-Aubin-l\u00e8s-Elbeuf <a href=\"https:\/\/twitter.com\/Vincennes_Hippo?ref_src=twsrc%5Etfw\" target=\"_blank\" rel=\"noopener\">@Vincennes_Hippo<\/a>.<\/p>\n<p>\ud83c\udfc1:  8 &#8211; 2 &#8211; 7 &#8211; 9 &#8211; 5 <a href=\"https:\/\/t.co\/HtWLc28egk\">pic.twitter.com\/HtWLc28egk<\/a><\/p>\n<p>\u2014 Equidia (@equidia) <a href=\"https:\/\/twitter.com\/equidia\/status\/2004199229355676031?ref_src=twsrc%5Etfw\" target=\"_blank\" rel=\"noopener\">December 25, 2025<\/a><\/p><\/blockquote>\n<p class=\"\">Bien que pr\u00e9sent\u00e9 ferr\u00e9e des quatre pieds, Krystal Piya (n\u00b0) confirme sa mont\u00e9e en puissance et n\u2019a sans doute pas fini de faire parler de lui en s\u2019emparant d\u2019un honorable premier accessit tandis que Key Lady (n\u00b0) compl\u00e8te le podium alors qu\u2019elle \u00e9tait encore parmi les derniers \u00e0 l\u2019entr\u00e9e de la ligne droite. Krackmania (n\u00b0), prot\u00e9g\u00e9e de <a href=\"https:\/\/www.leparisien.fr\/sports\/hippisme\/quinte-du-jeudi-25-decembre-a-paris-vincennes-pierre-vercruysse-entraineur-de-krackmania-part-sinstaller-a-cagnes-sur-mer-24-12-2025-5IR6UOPWMJHCXDHWIH6WWCFZRU.php\" target=\"_blank\" rel=\"noreferrer noopener\">Pierre Vercruysse<\/a>, n\u2019a pu contrer la derni\u00e8re nomm\u00e9e mais a conserv\u00e9 la quatri\u00e8me place aux d\u00e9pens de Kaliskana (n\u00b0), peu chanceuse au d\u00e9but de la mont\u00e9e mais qui a su se relancer correctement.<\/p>\n<p class=\"\">K\u00e9vin Romain et <a href=\"https:\/\/www.kiosque.leparisien.fr\/\" target=\"_blank\" rel=\"noreferrer noopener\">la synth\u00e8se de notre titre dans notre \u00e9dition du 24 \u00e9cembre<\/a> indiquaient le quint\u00e9 dans le d\u00e9sordre en sept chevaux.<\/p>\n<p><script async src=\"https:\/\/platform.twitter.com\/widgets.js\" charset=\"utf-8\"><\/script><\/p>\n","protected":false},"excerpt":{"rendered":"Arriv\u00e9e du quint\u00e9 : 8 &#8211; 2 &#8211; 7 &#8211; 9 &#8211; 5 En France, les courses ont&hellip;\n","protected":false},"author":2,"featured_media":621743,"comment_status":"","ping_status":"","sticky":false,"template":"","format":"standard","meta":{"footnotes":""},"categories":[1888],"tags":[11,459,1777,674,1011,27,11462,12,626,25,60],"class_list":{"0":"post-621742","1":"post","2":"type-post","3":"status-publish","4":"format-standard","5":"has-post-thumbnail","7":"category-paris","8":"tag-actualites","9":"tag-departements-horsidfo","10":"tag-eu","11":"tag-europe","12":"tag-fr","13":"tag-france","14":"tag-hippisme","15":"tag-news","16":"tag-paris","17":"tag-republique-francaise","18":"tag-sports"},"share_on_mastodon":{"url":"https:\/\/pubeurope.com\/@fr\/115780847267192197","error":""},"_links":{"self":[{"href":"https:\/\/www.europesays.com\/fr\/wp-json\/wp\/v2\/posts\/621742","targetHints":{"allow":["GET"]}}],"collection":[{"href":"https:\/\/www.europesays.com\/fr\/wp-json\/wp\/v2\/posts"}],"about":[{"href":"https:\/\/www.europesays.com\/fr\/wp-json\/wp\/v2\/types\/post"}],"author":[{"embeddable":true,"href":"https:\/\/www.europesays.com\/fr\/wp-json\/wp\/v2\/users\/2"}],"replies":[{"embeddable":true,"href":"https:\/\/www.europesays.com\/fr\/wp-json\/wp\/v2\/comments?post=621742"}],"version-history":[{"count":0,"href":"https:\/\/www.europesays.com\/fr\/wp-json\/wp\/v2\/posts\/621742\/revisions"}],"wp:featuredmedia":[{"embeddable":true,"href":"https:\/\/www.europesays.com\/fr\/wp-json\/wp\/v2\/media\/621743"}],"wp:attachment":[{"href":"https:\/\/www.europesays.com\/fr\/wp-json\/wp\/v2\/media?parent=621742"}],"wp:term":[{"taxonomy":"category","embeddable":true,"href":"https:\/\/www.europesays.com\/fr\/wp-json\/wp\/v2\/categories?post=621742"},{"taxonomy":"post_tag","embeddable":true,"href":"https:\/\/www.europesays.com\/fr\/wp-json\/wp\/v2\/tags?post=621742"}],"curies":[{"name":"wp","href":"https:\/\/api.w.org\/{rel}","templated":true}]}}