{"id":621744,"date":"2025-12-25T15:11:22","date_gmt":"2025-12-25T15:11:22","guid":{"rendered":"https:\/\/www.europesays.com\/fr\/621744\/"},"modified":"2025-12-25T15:11:22","modified_gmt":"2025-12-25T15:11:22","slug":"pourquoi-moscou-dit-elle-que-la-liberation-de-laurent-vinatier-depend-de-la-france","status":"publish","type":"post","link":"https:\/\/www.europesays.com\/fr\/621744\/","title":{"rendered":"pourquoi Moscou dit-elle que la lib\u00e9ration de Laurent Vinatier d\u00e9pend de la France\u00a0?"},"content":{"rendered":"<p class=\"app_entry_lead\">\n<p>                    <a title=\"\u00a0\u00a9\u00a0Pavel Bednyakov\/AP\/SIPA (publi\u00e9e le 25\/12\/2025)\" href=\"https:\/\/www.europesays.com\/fr\/wp-content\/uploads\/2025\/12\/84207503.jpg\" class=\"fancy\"><\/p>\n<p>                            <img loading=\"lazy\" decoding=\"async\" src=\"https:\/\/www.europesays.com\/fr\/wp-content\/uploads\/2025\/12\/84207503.jpg\" alt=\"Russie\u00a0: pourquoi Moscou dit-elle que la lib\u00e9ration de Laurent Vinatier d\u00e9pend de la France\u00a0?\" width=\"1500\" height=\"1000\"\/><\/p>\n<p>                    <\/a><\/p>\n<p>                                    Lors d&rsquo;une conf\u00e9rence de presse qui a eu lieu le 19\u00a0d\u00e9cembre dernier que Vladimir Poutine a r\u00e9pondu \u00e0 un journaliste de TF1-LCI en affirmant qu&rsquo;il allait se pencher sur l&rsquo;affaire de Laurent Vinatier, un chercheur fran\u00e7ais emprisonn\u00e9 en Russie depuis juin 2024.\n                            <\/p>\n<p>                Je m&rsquo;abonne \u00e0 la newsletter Bons Plans<\/p>\n<p>Un nouveau tournant dans l&rsquo;affaire Laurent Vinatier\u00a0? Le 19\u00a0d\u00e9cembre dernier, un journaliste de LCI questionne le pr\u00e9sident russe <a href=\"https:\/\/www.linternaute.com\/actualite\/biographie\/1776476-vladimir-poutine-accuse-de-crime-de-guerre-que-risque-t-il\/\" title=\"Vladimir Poutine\" target=\"_blank\" rel=\"noopener\">Vladimir Poutine<\/a> concernant l&#8217;emprisonnement de Laurent Vinatier, un chercheur fran\u00e7ais d\u00e9tenu en Russie depuis 2024. Le chef d&rsquo;\u00c9tat russe a alors assur\u00e9 qu&rsquo;il allait se pencher sur cette affaire. \u00ab\u00a0Je vous promets que je vais me renseigner [&#8230;] Et s&rsquo;il y a la moindre chance de r\u00e9soudre cette question de mani\u00e8re positive, si la loi russe le permet, nous ferons tout notre possible\u00a0\u00bb, avait-t-il affirm\u00e9.<\/p>\n<p>Et finalement, rebondissement, mardi 23\u00a0d\u00e9cembre, Moscou a contact\u00e9 <a href=\"https:\/\/www.tf1info.fr\/international\/exclusif-affaire-laurent-vinatier-le-kremlin-annonce-a-tf1-lci-avoir-fait-une-proposition-a-paris-2414742.html\" target=\"_blank\" rel=\"noopener\">TF1-LCI<\/a> pour faire le point sur le dossier. Le Kremlin, par l&rsquo;interm\u00e9diaire de son porte-parole Dmitri Peskov, a contact\u00e9 directement le journaliste et correspondant \u00e0 Moscou du m\u00e9dia. Il lui a alors expliqu\u00e9 que \u00ab\u00a0le pr\u00e9sident Poutine a ordonn\u00e9 de rev\u00e9rifier le dossier. Il a ajout\u00e9 que la <a href=\"https:\/\/www.linternaute.fr\/voyage\/guides-de-voyage\/1455260-russie\/\" title=\"Russie\" target=\"_blank\" rel=\"noopener\">Russie<\/a> avait fait \u00ab\u00a0une proposition \u00e0 la partie fran\u00e7aise\u00a0\u00bb. Il a conclu en disant que d\u00e9sormais\u00a0: \u00ab\u00a0Nous attendons maintenant leur r\u00e9ponse.<\/p>\n<p>Lueur d&rsquo;espoir pour les proches du Fran\u00e7ais<\/p>\n<p>Les propos de Vladimir Poutine lors de la conf\u00e9rence de presse avaient suscit\u00e9 l&rsquo;espoir des proches du Fran\u00e7ais d\u00e9tenu pour \u00ab\u00a0espionnage\u00a0\u00bb. \u00ab\u00a0Nous esp\u00e9rons une issue favorable \u00e0 la situation de Laurent Vinatier\u00a0\u00bb, avait indiqu\u00e9 dans les heures suivantes son avocat fran\u00e7ais, Me Fr\u00e9d\u00e9ric B\u00e9lot, aupr\u00e8s de l&rsquo;AFP et dont les propos ont \u00e9t\u00e9 relay\u00e9s par le m\u00e9dia <a href=\"https:\/\/www.france24.com\/fr\/info-en-continu\/20251126-russie-le-fran%C3%A7ais-laurent-vinatier-pourrait-%C3%AAtre-jug%C3%A9-en-f%C3%A9vrier-pour-espionnage\" target=\"_blank\" rel=\"noopener\">France 24<\/a>.<\/p>\n<p>Il a aussi ajout\u00e9 que lui et ses clients \u00ab\u00a0Nous esp\u00e9rons que son dossier sera pris en consid\u00e9ration au plus haut niveau et qu&rsquo;il pourra faire valoir ses arguments en d\u00e9fense contre l&rsquo;accusation d&rsquo;espionnage port\u00e9e contre lui.\u00a0\u00bb<\/p>\n<p>Laurent Vinatier a \u00e9t\u00e9 condamn\u00e9 en octobre 2024\u00a0\u00e0 trois ans de prison pour ne pas s&rsquo;\u00eatre enregistr\u00e9 en tant qu'\u00a0\u00bbagent de l&rsquo;\u00e9tranger\u00a0\u00bb, alors qu&rsquo;il collectait des \u00ab\u00a0informations militaires\u00a0\u00bb qui pouvaient \u00eatre \u00ab\u00a0utilis\u00e9es contre la s\u00e9curit\u00e9\u00a0\u00bb de la Russie.<br \/>L&rsquo;int\u00e9ress\u00e9 a reconnu les faits, mais il a aussi plaid\u00e9 l&rsquo;ignorance.<\/p>\n<p>En ao\u00fbt dernier, lors de sa comparution devant un tribunal russe pour les accusations d'\u00a0\u00bbespionnage\u00a0\u00bb, il a \u00e9t\u00e9 entendu que si elles venaient \u00e0 se confirmer, le chercheur fran\u00e7ais risquerait de voir sa peine s&rsquo;alourdir de fa\u00e7on consid\u00e9rable.<br \/>Toujours d&rsquo;apr\u00e8s TF1, l&rsquo;enqu\u00eate a \u00e9t\u00e9 prolong\u00e9e et un nouveau proc\u00e8s pour espionnage pourrait avoir lieu fin f\u00e9vrier 2026, selon son avocat fran\u00e7ais.<\/p>\n","protected":false},"excerpt":{"rendered":"Lors d&rsquo;une conf\u00e9rence de presse qui a eu lieu le 19\u00a0d\u00e9cembre dernier que Vladimir Poutine a r\u00e9pondu \u00e0&hellip;\n","protected":false},"author":2,"featured_media":621745,"comment_status":"","ping_status":"","sticky":false,"template":"","format":"standard","meta":{"footnotes":""},"categories":[1591],"tags":[11,73140,51761,1887,51763,74,12,51767,1885,1886,132,135],"class_list":{"0":"post-621744","1":"post","2":"type-post","3":"status-publish","4":"format-standard","5":"has-post-thumbnail","7":"category-russie","8":"tag-actualites","9":"tag-cms-linternaute-9510764","10":"tag-controller-content","11":"tag-federation-de-russie","12":"tag-format-papier","13":"tag-monde","14":"tag-news","15":"tag-parallaxeinfeed","16":"tag-russia","17":"tag-russian-federation","18":"tag-russie","19":"tag-vladimir-poutine"},"share_on_mastodon":{"url":"https:\/\/pubeurope.com\/@fr\/115780851946866354","error":""},"_links":{"self":[{"href":"https:\/\/www.europesays.com\/fr\/wp-json\/wp\/v2\/posts\/621744","targetHints":{"allow":["GET"]}}],"collection":[{"href":"https:\/\/www.europesays.com\/fr\/wp-json\/wp\/v2\/posts"}],"about":[{"href":"https:\/\/www.europesays.com\/fr\/wp-json\/wp\/v2\/types\/post"}],"author":[{"embeddable":true,"href":"https:\/\/www.europesays.com\/fr\/wp-json\/wp\/v2\/users\/2"}],"replies":[{"embeddable":true,"href":"https:\/\/www.europesays.com\/fr\/wp-json\/wp\/v2\/comments?post=621744"}],"version-history":[{"count":0,"href":"https:\/\/www.europesays.com\/fr\/wp-json\/wp\/v2\/posts\/621744\/revisions"}],"wp:featuredmedia":[{"embeddable":true,"href":"https:\/\/www.europesays.com\/fr\/wp-json\/wp\/v2\/media\/621745"}],"wp:attachment":[{"href":"https:\/\/www.europesays.com\/fr\/wp-json\/wp\/v2\/media?parent=621744"}],"wp:term":[{"taxonomy":"category","embeddable":true,"href":"https:\/\/www.europesays.com\/fr\/wp-json\/wp\/v2\/categories?post=621744"},{"taxonomy":"post_tag","embeddable":true,"href":"https:\/\/www.europesays.com\/fr\/wp-json\/wp\/v2\/tags?post=621744"}],"curies":[{"name":"wp","href":"https:\/\/api.w.org\/{rel}","templated":true}]}}