{"id":621748,"date":"2025-12-25T15:13:14","date_gmt":"2025-12-25T15:13:14","guid":{"rendered":"https:\/\/www.europesays.com\/fr\/621748\/"},"modified":"2025-12-25T15:13:14","modified_gmt":"2025-12-25T15:13:14","slug":"moscou-exhorte-trump-au-pragmatisme-et-de-rationalite-pour-resoudre-les-differends","status":"publish","type":"post","link":"https:\/\/www.europesays.com\/fr\/621748\/","title":{"rendered":"Moscou exhorte Trump au \u201cpragmatisme et de rationalit\u00e9\u201d pour r\u00e9soudre les diff\u00e9rends"},"content":{"rendered":"<p>AA \/ Moscou \/ Elena Teslova<\/p>\n<p>La porte-parole du minist\u00e8re russe des Affaires \u00e9trang\u00e8res, Maria Zakharova, a appel\u00e9 jeudi le pr\u00e9sident am\u00e9ricain Donald Trump \u00e0 r\u00e9soudre la crise dans les relations avec le Venezuela en s\u2019appuyant sur le \u00ab pragmatisme et la rationalit\u00e9 qui lui sont inh\u00e9rents \u00bb.<\/p>\n<p>Prenant la parole lors d\u2019un point de presse \u00e0 Moscou, Zakharova a indiqu\u00e9 que le renforcement de la pr\u00e9sence am\u00e9ricaine dans la r\u00e9gion des Cara\u00efbes avait \u00e9t\u00e9 \u00e9voqu\u00e9 mardi au Conseil de s\u00e9curit\u00e9 de l\u2019ONU, o\u00f9 une large majorit\u00e9 de pays ont condamn\u00e9 les actions de Washington dans la zone.<\/p>\n<p>\u00ab Nous assistons aujourd\u2019hui, litt\u00e9ralement, \u00e0 une situation d\u2019ill\u00e9galit\u00e9 en mer des Cara\u00efbes, o\u00f9 des pratiques que l\u2019on croyait oubli\u00e9es, telles que la piraterie, le pillage et le banditisme, sont en train de refaire surface par le biais d\u2019appropriations ill\u00e9gales de biens \u00bb, a-t-elle d\u00e9nonc\u00e9.<\/p>\n<p>Elle a soulign\u00e9 qu\u2019un tel comportement, du point de vue du droit maritime international, constitue une violation de la libert\u00e9 de navigation.<\/p>\n<p>\u00ab Nous condamnons cat\u00e9goriquement ces ph\u00e9nom\u00e8nes et appelons au r\u00e9tablissement de la stabilit\u00e9 ainsi qu\u2019au respect de l\u2019\u00c9tat de droit dans l\u2019espace maritime. Nous r\u00e9affirmons avec fermet\u00e9 que l\u2019Am\u00e9rique latine et le bassin des Cara\u00efbes doivent rester des zones de paix, comme cela a \u00e9t\u00e9 proclam\u00e9 en 2014 \u00bb, a-t-elle insist\u00e9.<\/p>\n<p>Selon elle, la Russie plaide pour une d\u00e9sescalade de la situation et pour la pr\u00e9servation des relations, de la confiance et de la pr\u00e9visibilit\u00e9.<\/p>\n<p>\u00ab Il est essentiel d\u2019\u00e9viter que le sc\u00e9nario ne prenne une tournure destructrice, et nous comptons sur le pragmatisme et la rationalit\u00e9 du pr\u00e9sident am\u00e9ricain Donald Trump afin de favoriser des solutions mutuellement acceptables, dans le respect des normes du droit international \u00bb, a-t-elle d\u00e9clar\u00e9.<\/p>\n<p>Zakharova a par ailleurs r\u00e9affirm\u00e9 le soutien de la Russie au gouvernement du pr\u00e9sident Nicolas Maduro, estimant que sa politique vise \u00e0 prot\u00e9ger la souverainet\u00e9 et les int\u00e9r\u00eats nationaux, tout en garantissant un d\u00e9veloppement stable et s\u00e9curis\u00e9.<\/p>\n<p>La porte-parole a \u00e9galement qualifi\u00e9 de \u00ab fausses \u00bb les informations faisant \u00e9tat d\u2019une \u00e9vacuation de l\u2019ambassade russe au Venezuela.<\/p>\n<p>\u00ab L\u2019ambassade de Russie \u00e0 Caracas, tout comme les sp\u00e9cialistes russes pr\u00e9sents au Venezuela, poursuivent leur activit\u00e9 normalement \u00bb, a-t-elle affirm\u00e9.<\/p>\n<p>* Traduit de l&rsquo;anglais par Adama Bamba<\/p>\n<p>                            &#13;<br \/>\n                                <a href=\"https:\/\/www.aa.com.tr\/fr\/p\/abonnement\/1001\" target=\"_blank\" style=\"font-size:12px; color:#444; text-decoration:none;\" rel=\"noopener\">&#13;<br \/>\n                                    Seulement une partie des d\u00e9p\u00eaches, que l&rsquo;Agence Anadolu diffuse \u00e0 ses abonn\u00e9s via le Syst\u00e8me de Diffusion interne (HAS), est diffus\u00e9e sur le site de l&rsquo;AA, de mani\u00e8re r\u00e9sum\u00e9e. <b style=\"color:#1897F7\">Contactez-nous s&rsquo;il vous pla\u00eet pour vous abonner.<\/b>&#13;<br \/>\n                                <\/a>&#13;<\/p>\n","protected":false},"excerpt":{"rendered":"AA \/ Moscou \/ Elena Teslova La porte-parole du minist\u00e8re russe des Affaires \u00e9trang\u00e8res, Maria Zakharova, a appel\u00e9&hellip;\n","protected":false},"author":2,"featured_media":621749,"comment_status":"","ping_status":"","sticky":false,"template":"","format":"standard","meta":{"footnotes":""},"categories":[1589],"tags":[73141,11,1785,75,73,1866,12,132,1864,1865,1863,308],"class_list":{"0":"post-621748","1":"post","2":"type-post","3":"status-publish","4":"format-standard","5":"has-post-thumbnail","7":"category-etats-unis","8":"tag-tats-unis-venezuela","9":"tag-actualites","10":"tag-anadolu-ajansi","11":"tag-donald-trump","12":"tag-etats-unis","13":"tag-etats-unis-damerique","14":"tag-news","15":"tag-russie","16":"tag-united-states","17":"tag-united-states-of-america","18":"tag-us","19":"tag-usa"},"share_on_mastodon":{"url":"https:\/\/pubeurope.com\/@fr\/115780859046599451","error":""},"_links":{"self":[{"href":"https:\/\/www.europesays.com\/fr\/wp-json\/wp\/v2\/posts\/621748","targetHints":{"allow":["GET"]}}],"collection":[{"href":"https:\/\/www.europesays.com\/fr\/wp-json\/wp\/v2\/posts"}],"about":[{"href":"https:\/\/www.europesays.com\/fr\/wp-json\/wp\/v2\/types\/post"}],"author":[{"embeddable":true,"href":"https:\/\/www.europesays.com\/fr\/wp-json\/wp\/v2\/users\/2"}],"replies":[{"embeddable":true,"href":"https:\/\/www.europesays.com\/fr\/wp-json\/wp\/v2\/comments?post=621748"}],"version-history":[{"count":0,"href":"https:\/\/www.europesays.com\/fr\/wp-json\/wp\/v2\/posts\/621748\/revisions"}],"wp:featuredmedia":[{"embeddable":true,"href":"https:\/\/www.europesays.com\/fr\/wp-json\/wp\/v2\/media\/621749"}],"wp:attachment":[{"href":"https:\/\/www.europesays.com\/fr\/wp-json\/wp\/v2\/media?parent=621748"}],"wp:term":[{"taxonomy":"category","embeddable":true,"href":"https:\/\/www.europesays.com\/fr\/wp-json\/wp\/v2\/categories?post=621748"},{"taxonomy":"post_tag","embeddable":true,"href":"https:\/\/www.europesays.com\/fr\/wp-json\/wp\/v2\/tags?post=621748"}],"curies":[{"name":"wp","href":"https:\/\/api.w.org\/{rel}","templated":true}]}}