{"id":621750,"date":"2025-12-25T15:14:17","date_gmt":"2025-12-25T15:14:17","guid":{"rendered":"https:\/\/www.europesays.com\/fr\/621750\/"},"modified":"2025-12-25T15:14:17","modified_gmt":"2025-12-25T15:14:17","slug":"cela-constitue-une-menace-directe-pour-les-etats-unis-jd-vance-met-en-garde-contre-les-armes-nucleaires-francaises-et-britanniques","status":"publish","type":"post","link":"https:\/\/www.europesays.com\/fr\/621750\/","title":{"rendered":"\u00ab\u00a0Cela constitue une menace directe pour les \u00c9tats-Unis\u00a0\u00bb\u00a0: JD Vance met en garde contre les armes nucl\u00e9aires fran\u00e7aises et britanniques"},"content":{"rendered":"<p class=\"ap-StoryElement ap-StoryElement--mb ap-StoryText\">JD Vance se dit inquiet et admet qu&rsquo;il consid\u00e8re les armes nucl\u00e9aires poss\u00e9d\u00e9es par nos pays voisins comme des risques pour la s\u00e9curit\u00e9 du territoire am\u00e9ricain : \u00ab\u00a0S&rsquo;ils [la France et le Royaume-Uni] se laissent submerger par des id\u00e9es morales extr\u00eamement n\u00e9fastes, on permet alors que des armes nucl\u00e9aires tombent entre les mains de personnes capables de nuire tr\u00e8s gravement aux \u00c9tats-Unis\u00a0\u00bb.<\/p>\n<p class=\"ap-StoryElement ap-StoryElement--mb ap-StoryText\">Le vice-pr\u00e9sident s&rsquo;exprime ici tr\u00e8s explicitement sur les personnes qui sont li\u00e9es \u00e0 l&rsquo;islamisme. Il consid\u00e8re que certaines personnes adh\u00e9rentes de l&rsquo;id\u00e9ologie occupent des fonctions publiques dans des pays europ\u00e9ens. Il pr\u00e9cise ensuite qu&rsquo;il s&rsquo;agit \u00ab\u00a0d&rsquo;une minorit\u00e9\u00a0\u00bb et que ces personnes sont un \u00ab\u00a0risque\u00a0\u00bb potentiel au long terme. Il souligne que \u00ab\u00a0quelqu&rsquo;un ayant de telles convictions acqui\u00e8re une influence majeure dans une puissance nucl\u00e9aire europ\u00e9enne. Dans cinq ans ? Non. Mais dans quinze ans ? Absolument. Et cela constitue une menace directe pour les \u00c9tats-Unis.\u00a0\u00bb<\/p>\n<p>Pour acc\u00e9der \u00e0 cet article, veuillez vous connecter au r\u00e9seau internet.<\/p>\n","protected":false},"excerpt":{"rendered":"JD Vance se dit inquiet et admet qu&rsquo;il consid\u00e8re les armes nucl\u00e9aires poss\u00e9d\u00e9es par nos pays voisins comme&hellip;\n","protected":false},"author":2,"featured_media":621751,"comment_status":"","ping_status":"","sticky":false,"template":"","format":"standard","meta":{"footnotes":""},"categories":[1588],"tags":[11,9012,9013,1777,674,9017,35961,1227,12,9024,473,1853,9028,1851,1850,1852],"class_list":{"0":"post-621750","1":"post","2":"type-post","3":"status-publish","4":"format-standard","5":"has-post-thumbnail","7":"category-royaume-uni","8":"tag-actualites","9":"tag-bestof","10":"tag-color-image","11":"tag-eu","12":"tag-europe","13":"tag-gettyimagerank1","14":"tag-government","15":"tag-horizontal","16":"tag-news","17":"tag-politics","18":"tag-royaume-uni","19":"tag-royaume-uni-de-grande-bretagne-et-dirlande-du-nord","20":"tag-topix","21":"tag-uk","22":"tag-united-kingdom","23":"tag-united-kingdom-of-great-britain-and-northern-ireland"},"share_on_mastodon":{"url":"https:\/\/pubeurope.com\/@fr\/115780863005979945","error":""},"_links":{"self":[{"href":"https:\/\/www.europesays.com\/fr\/wp-json\/wp\/v2\/posts\/621750","targetHints":{"allow":["GET"]}}],"collection":[{"href":"https:\/\/www.europesays.com\/fr\/wp-json\/wp\/v2\/posts"}],"about":[{"href":"https:\/\/www.europesays.com\/fr\/wp-json\/wp\/v2\/types\/post"}],"author":[{"embeddable":true,"href":"https:\/\/www.europesays.com\/fr\/wp-json\/wp\/v2\/users\/2"}],"replies":[{"embeddable":true,"href":"https:\/\/www.europesays.com\/fr\/wp-json\/wp\/v2\/comments?post=621750"}],"version-history":[{"count":0,"href":"https:\/\/www.europesays.com\/fr\/wp-json\/wp\/v2\/posts\/621750\/revisions"}],"wp:featuredmedia":[{"embeddable":true,"href":"https:\/\/www.europesays.com\/fr\/wp-json\/wp\/v2\/media\/621751"}],"wp:attachment":[{"href":"https:\/\/www.europesays.com\/fr\/wp-json\/wp\/v2\/media?parent=621750"}],"wp:term":[{"taxonomy":"category","embeddable":true,"href":"https:\/\/www.europesays.com\/fr\/wp-json\/wp\/v2\/categories?post=621750"},{"taxonomy":"post_tag","embeddable":true,"href":"https:\/\/www.europesays.com\/fr\/wp-json\/wp\/v2\/tags?post=621750"}],"curies":[{"name":"wp","href":"https:\/\/api.w.org\/{rel}","templated":true}]}}