{"id":621756,"date":"2025-12-25T15:17:15","date_gmt":"2025-12-25T15:17:15","guid":{"rendered":"https:\/\/www.europesays.com\/fr\/621756\/"},"modified":"2025-12-25T15:17:15","modified_gmt":"2025-12-25T15:17:15","slug":"je-nai-jamais-eu-de-numero-fixe-confie-grady-dongala-de-ster-francorchamps-dans-notre-serie-floques","status":"publish","type":"post","link":"https:\/\/www.europesays.com\/fr\/621756\/","title":{"rendered":"Je n&rsquo;ai jamais eu de num\u00e9ro fixe\u00a0\u00bb, confie Grady Dongala de Ster-Francorchamps dans notre s\u00e9rie \u00ab\u00a0Floqu\u00e9s"},"content":{"rendered":"<p class=\"ap-StoryElement ap-StoryElement--mb ap-StoryText\">Le joueur de 32 ans Grady Dongala est bel et bien de retour dans nos contr\u00e9es, cette fois du c\u00f4t\u00e9 de Ster-Francorchamps.<\/p>\n<p class=\"ap-StoryElement ap-StoryElement--mb ap-StoryText\">Et d\u00e9sormais avec le num\u00e9ro 21 floqu\u00e9 au dos. \u00ab\u00a0Je n&rsquo;ai jamais eu de num\u00e9ro fixe d&rsquo;un club \u00e0 l&rsquo;autre\u00a0\u00bb, nous confie notre interlocuteur. \u00ab\u00a0En fait, lorsque je suis arriv\u00e9, j&rsquo;avais \u00e0 l&rsquo;id\u00e9e d&rsquo;\u00e9voluer avec le num\u00e9ro 27 mais je ne pouvais pas le prendre car il n&rsquo;\u00e9tait pas disponible dans la panoplie. Il me demeurait alors le choix entre le num\u00e9ro 3 et le num\u00e9ro 21. Vu que le 21 est bien mieux que le 3, j&rsquo;ai eu vite choisi.\u00a0\u00bb<\/p>\n<p><a href=\"https:\/\/www.lavenir.net\/regions\/verviers\/sports\/2025\/12\/16\/je-pensais-que-cetait-lannee-de-naissance-de-mes-parents-raconte-sean-reale-dans-ce-numero-de-floques-U7ZMV4V4CBGTZGGYIBQFSW2IXU\/\" target=\"_self\" class=\"ap-StoryInterstitialLink ap-StoryElement ap-StoryElement--mb js-paywall-target\" rel=\"noopener\">\u00ab\u00a0Je pensais que c&rsquo;\u00e9tait l&rsquo;ann\u00e9e de naissance de mes parents\u00a0\u00bb, raconte Sean Reale dans ce num\u00e9ro de \u00ab\u00a0Floqu\u00e9s\u00a0\u00bb<\/a><\/p>\n<p class=\"ap-StoryElement ap-StoryElement--mb ap-StoryText\">Ancien joueur de Malmedy, au Grand-Duch\u00e9 du Luxembourg, de Durbuy, Herstal, Richelle et puis de Gouvy l&rsquo;an pass\u00e9, le joueur souhaitait se rapprocher de son domicile. \u00ab\u00a0Moi qui n&rsquo;ai connu que la Nationale (NDLR : il a \u00e9t\u00e9 bless\u00e9 au m\u00e9nisque durant une bonne partie de sa saison P1 malm\u00e9dienne),j&rsquo;ai \u00e9t\u00e9 vite int\u00e9ress\u00e9 par le projet de Ster. Cela devenait compliqu\u00e9 avec le travail de faire 45-50 minutes \u00e0 chaque fois pour aller jouer \u00e0 Gouvy. Comme j&rsquo;habite \u00e0 Spa, je suis tout pr\u00e8s.\u00a0\u00bb<\/p>\n<p><a href=\"https:\/\/www.lavenir.net\/regions\/verviers\/sports\/2025\/11\/11\/jai-le-meme-style-de-jeu-que-lui-explique-amaury-fransolet-dans-ce-numero-de-floques-LFHKRV4QXFBZXIZOTTPFIPAWOE\/\" target=\"_self\" class=\"ap-StoryInterstitialLink ap-StoryElement ap-StoryElement--mb\" rel=\"noopener\">\u00ab\u00a0J&rsquo;ai le m\u00eame style de jeu que lui\u00a0\u00bb, explique Amaury Fransolet dans ce num\u00e9ro de \u00ab\u00a0Floqu\u00e9s\u00a0\u00bb<\/a><\/p>\n<p class=\"ap-StoryElement ap-StoryElement--mb ap-StoryText\">Ce changement de cat\u00e9gorie ne s&rsquo;est malgr\u00e9 tout pas fait sans ambition pour le livreur de profession. \u00ab\u00a0Il ne m&rsquo;a fallu que deux jours pour me d\u00e9cider de signer \u00e0 Ster. Et je ne regrette pas ce choix car je suis bien, je m&rsquo;amuse ici. Je ne connaissais pas le coach avant cette saison mais je trouve qu&rsquo;il propose quelque chose de bien, on essaie de jouer football, ce qui n&rsquo;est pas toujours le cas en P1. Sa mani\u00e8re d&rsquo;\u00eatre et de parler aux gars sans avoir peur de lancer des jeunes est bien. Apr\u00e8s, il est clair que l&rsquo;on veut le tour final, on n&rsquo;a pas le choix et nous ne sommes pas \u00e0 notre place actuellement. On doit \u00eatre dans les 5 premiers, il n&rsquo;y a pas une \u00e9quipe qui a vraiment \u00e9t\u00e9 au-dessus de nous\u00a0\u00bb, note le sympathique Grady Dongala.<\/p>\n<p>Pour acc\u00e9der \u00e0 cet article, veuillez vous connecter au r\u00e9seau internet.<\/p>\n","protected":false},"excerpt":{"rendered":"Le joueur de 32 ans Grady Dongala est bel et bien de retour dans nos contr\u00e9es, cette fois&hellip;\n","protected":false},"author":2,"featured_media":621757,"comment_status":"","ping_status":"","sticky":false,"template":"","format":"standard","meta":{"footnotes":""},"categories":[1586],"tags":[73142,11,1777,674,1779,63,1011,27,12,25,1778,364],"class_list":{"0":"post-621756","1":"post","2":"type-post","3":"status-publish","4":"format-standard","5":"has-post-thumbnail","7":"category-europe","8":"tag-floques","9":"tag-actualites","10":"tag-eu","11":"tag-europe","12":"tag-european-union","13":"tag-football","14":"tag-fr","15":"tag-france","16":"tag-news","17":"tag-republique-francaise","18":"tag-ue","19":"tag-union-europeenne"},"share_on_mastodon":{"url":"https:\/\/pubeurope.com\/@fr\/115780874747213188","error":""},"_links":{"self":[{"href":"https:\/\/www.europesays.com\/fr\/wp-json\/wp\/v2\/posts\/621756","targetHints":{"allow":["GET"]}}],"collection":[{"href":"https:\/\/www.europesays.com\/fr\/wp-json\/wp\/v2\/posts"}],"about":[{"href":"https:\/\/www.europesays.com\/fr\/wp-json\/wp\/v2\/types\/post"}],"author":[{"embeddable":true,"href":"https:\/\/www.europesays.com\/fr\/wp-json\/wp\/v2\/users\/2"}],"replies":[{"embeddable":true,"href":"https:\/\/www.europesays.com\/fr\/wp-json\/wp\/v2\/comments?post=621756"}],"version-history":[{"count":0,"href":"https:\/\/www.europesays.com\/fr\/wp-json\/wp\/v2\/posts\/621756\/revisions"}],"wp:featuredmedia":[{"embeddable":true,"href":"https:\/\/www.europesays.com\/fr\/wp-json\/wp\/v2\/media\/621757"}],"wp:attachment":[{"href":"https:\/\/www.europesays.com\/fr\/wp-json\/wp\/v2\/media?parent=621756"}],"wp:term":[{"taxonomy":"category","embeddable":true,"href":"https:\/\/www.europesays.com\/fr\/wp-json\/wp\/v2\/categories?post=621756"},{"taxonomy":"post_tag","embeddable":true,"href":"https:\/\/www.europesays.com\/fr\/wp-json\/wp\/v2\/tags?post=621756"}],"curies":[{"name":"wp","href":"https:\/\/api.w.org\/{rel}","templated":true}]}}