{"id":621773,"date":"2025-12-25T15:31:31","date_gmt":"2025-12-25T15:31:31","guid":{"rendered":"https:\/\/www.europesays.com\/fr\/621773\/"},"modified":"2025-12-25T15:31:31","modified_gmt":"2025-12-25T15:31:31","slug":"retrospective-2025-nos-recits-interactifs-et-graphiques-quil-ne-fallait-pas-manquer","status":"publish","type":"post","link":"https:\/\/www.europesays.com\/fr\/621773\/","title":{"rendered":"R\u00e9trospective 2025 \u2013 nos r\u00e9cits interactifs et graphiques qu\u2019il ne fallait pas manquer"},"content":{"rendered":"<p>Comment visualiser l\u2019impact \u00e9conomique de la pr\u00e9sidence Trump ou le positionnement du PLR sur l\u2019\u00e9chiquier politique? En 2025, nos formats visuels \u00aben graphiques\u00bb ont tent\u00e9 de rendre intelligible une complexit\u00e9 croissante. Tableaux de bord, cartes interactives ou analyses statistiques: retour en morceaux choisis sur douze mois de d\u00e9cryptage par les chiffres<\/p>\n<p>      \u27a4 L\u2019\u00e9conomie am\u00e9ricaine \u00e0 l\u2019heure de Trump 2.0<\/p>\n<p>Le pr\u00e9sident am\u00e9ricain a \u00e9t\u00e9 omnipr\u00e9sent, voire omnipotent, depuis son retour \u00e0 la Maison-Blanche. Entre le chaos diplomatique provoqu\u00e9 par les nouveaux droits de douane et ses d\u00e9clarations chocs, quel est son bilan r\u00e9el? Pour d\u00e9passer le bruit m\u00e9diatique, nous avons mis en place un tableau de bord exclusif. Inflation, emploi, balance commerciale ou march\u00e9s boursiers, entre autres: sept indicateurs, actualis\u00e9s en continu, offrent une lecture factuelle de la sant\u00e9 \u00e9conomique des Etats-Unis.<\/p>\n","protected":false},"excerpt":{"rendered":"Comment visualiser l\u2019impact \u00e9conomique de la pr\u00e9sidence Trump ou le positionnement du PLR sur l\u2019\u00e9chiquier politique? En 2025,&hellip;\n","protected":false},"author":2,"featured_media":621774,"comment_status":"","ping_status":"","sticky":false,"template":"","format":"standard","meta":{"footnotes":""},"categories":[1358],"tags":[1348,1384,1385,1386,58,59,1011,27,301],"class_list":{"0":"post-621773","1":"post","2":"type-post","3":"status-publish","4":"format-standard","5":"has-post-thumbnail","7":"category-arts-et-design","8":"tag-arts","9":"tag-arts-and-design","10":"tag-arts-et-design","11":"tag-design","12":"tag-divertissement","13":"tag-entertainment","14":"tag-fr","15":"tag-france","16":"tag-premium"},"share_on_mastodon":{"url":"https:\/\/pubeurope.com\/@fr\/115780929630027507","error":""},"_links":{"self":[{"href":"https:\/\/www.europesays.com\/fr\/wp-json\/wp\/v2\/posts\/621773","targetHints":{"allow":["GET"]}}],"collection":[{"href":"https:\/\/www.europesays.com\/fr\/wp-json\/wp\/v2\/posts"}],"about":[{"href":"https:\/\/www.europesays.com\/fr\/wp-json\/wp\/v2\/types\/post"}],"author":[{"embeddable":true,"href":"https:\/\/www.europesays.com\/fr\/wp-json\/wp\/v2\/users\/2"}],"replies":[{"embeddable":true,"href":"https:\/\/www.europesays.com\/fr\/wp-json\/wp\/v2\/comments?post=621773"}],"version-history":[{"count":0,"href":"https:\/\/www.europesays.com\/fr\/wp-json\/wp\/v2\/posts\/621773\/revisions"}],"wp:featuredmedia":[{"embeddable":true,"href":"https:\/\/www.europesays.com\/fr\/wp-json\/wp\/v2\/media\/621774"}],"wp:attachment":[{"href":"https:\/\/www.europesays.com\/fr\/wp-json\/wp\/v2\/media?parent=621773"}],"wp:term":[{"taxonomy":"category","embeddable":true,"href":"https:\/\/www.europesays.com\/fr\/wp-json\/wp\/v2\/categories?post=621773"},{"taxonomy":"post_tag","embeddable":true,"href":"https:\/\/www.europesays.com\/fr\/wp-json\/wp\/v2\/tags?post=621773"}],"curies":[{"name":"wp","href":"https:\/\/api.w.org\/{rel}","templated":true}]}}