{"id":621777,"date":"2025-12-25T15:34:11","date_gmt":"2025-12-25T15:34:11","guid":{"rendered":"https:\/\/www.europesays.com\/fr\/621777\/"},"modified":"2025-12-25T15:34:11","modified_gmt":"2025-12-25T15:34:11","slug":"le-rappeur-marseillais-jul-semble-sur-de-lui-il-souhaite-faire-un-film-sur-sa-vie","status":"publish","type":"post","link":"https:\/\/www.europesays.com\/fr\/621777\/","title":{"rendered":"le rappeur marseillais Jul semble sur de lui, il souhaite faire un film sur sa vie"},"content":{"rendered":"<p>\u00ab\u00a0J\u2019ai d\u00e9j\u00e0 le titre de ce film\u00a0\u00bb\u00a0: <a href=\"https:\/\/www.laprovence.com\/article\/culture-loisirs\/8783758758612914\/plus-de-1000-titres-36-albums-et-des-centaines-de-certifications-les-chiffres-fous-de-jul\" target=\"_blank\" rel=\"noopener\">le rappeur marseillais Jul<\/a> semble sur de lui, il souhaite<strong> r\u00e9aliser un long-m\u00e9trage<\/strong> sur sa vie.<\/p>\n<p>\u00ab\u00a0Me d\u00e9couvrir encore plus et voir vraiment ce que j\u2019ai v\u00e9cu\u00a0\u00bb<\/p>\n<p>\u00ab\u00a0Un jour, si dieu veut, j\u2019aimerais vous faire un film sur ma vie\u2026 sur tout ce que vous ne savez certainement pas\u2026, d\u00e9taille l\u2019artiste dans <a href=\"https:\/\/www.instagram.com\/juldetp\/?hl=fr\" target=\"_blank\" rel=\"noopener\">un message<\/a> post\u00e9 le mardi 23\u00a0d\u00e9cembre dernier dans <strong>son canal Instagram<\/strong>, nomm\u00e9 TEAMJUL et \u00e0 destination de ses fans les plus proches. Je pense que vous pourriez me d\u00e9couvrir encore plus et voir vraiment ce que j\u2019ai v\u00e9cu et ce que je vis actuellement\u2026 malgr\u00e9 tout ce que je vous fais comprendre ce que je vis a travers mes sons.. il y a des choses que vous ne savez certainement pas\u2026 et \u00e7a vous ferait bien comprendre mes sons encore plus\u2026\u00a0\u00bb<\/p>\n<p>\u00ab\u00a0J\u2019ai d\u00e9j\u00e0 le titre d\u2019ailleurs de ce film\u2026\u00a0\u00bb, assure Jul dans un autre message. La d\u00e9claration du rappeur fait suite \u00e0 <strong>un premier message<\/strong> o\u00f9 il revenait sur <a href=\"https:\/\/www.laprovence.com\/article\/culture-loisirs\/59009479597900\/jul-se-devoile-comme-rarement-dans-son-documentaire-faire-plaisir-a-ma-team-leur-montrer-mon-monde\" target=\"_blank\" rel=\"noopener\">son documentaire<\/a>\u00a0: \u00ab\u00a0Apres c\u2019\u00e9tait vraiment un tout petit bout de ma vie en studio, vraiment 1% de mon travail\u00a0\u00bb.<\/p>\n<p>Pour rappel, <a href=\"https:\/\/www.laprovence.com\/article\/culture-loisirs\/59009479597900\/jul-se-devoile-comme-rarement-dans-son-documentaire-faire-plaisir-a-ma-team-leur-montrer-mon-monde\" target=\"_blank\" rel=\"noopener\">son documentaire<\/a> a \u00e9t\u00e9 post\u00e9 sur YouTube le 28\u00a0novembre dernier, une semaine avant la sortie de son 36e album <a href=\"https:\/\/www.laprovence.com\/article\/culture-loisirs\/1674162091103614\/jul-annonce-la-sortie-de-son-prochain-album-tp-sur-tp-pour-le-5-novembre\" target=\"_blank\" rel=\"noopener\">\u00ab\u00a0TP sur TP\u00a0\u00bb<\/a>. Un projet qui s\u2019est d\u00e9j\u00e0 \u00e9coul\u00e9 \u00e0 <strong>134\u00a0482 \u00e9quivalents<\/strong> <strong>ventes <\/strong>en premi\u00e8re semaine.<\/p>\n<p><script async src=\"\/\/www.instagram.com\/embed.js\"><\/script><\/p>\n","protected":false},"excerpt":{"rendered":"\u00ab\u00a0J\u2019ai d\u00e9j\u00e0 le titre de ce film\u00a0\u00bb\u00a0: le rappeur marseillais Jul semble sur de lui, il souhaite r\u00e9aliser&hellip;\n","protected":false},"author":2,"featured_media":621778,"comment_status":"","ping_status":"","sticky":false,"template":"","format":"standard","meta":{"footnotes":""},"categories":[1355],"tags":[17,251,1442,58,59,1011,27,391,1279,761,1361,873,6198,37624,11933],"class_list":{"0":"post-621777","1":"post","2":"type-post","3":"status-publish","4":"format-standard","5":"has-post-thumbnail","7":"category-musique","8":"tag-17","9":"tag-culture","10":"tag-deja","11":"tag-divertissement","12":"tag-entertainment","13":"tag-fr","14":"tag-france","15":"tag-jai","16":"tag-jul","17":"tag-marseillais","18":"tag-music","19":"tag-musique","20":"tag-rappeur","21":"tag-souhaite","22":"tag-titre"},"share_on_mastodon":{"url":"https:\/\/pubeurope.com\/@fr\/115780941576261099","error":""},"_links":{"self":[{"href":"https:\/\/www.europesays.com\/fr\/wp-json\/wp\/v2\/posts\/621777","targetHints":{"allow":["GET"]}}],"collection":[{"href":"https:\/\/www.europesays.com\/fr\/wp-json\/wp\/v2\/posts"}],"about":[{"href":"https:\/\/www.europesays.com\/fr\/wp-json\/wp\/v2\/types\/post"}],"author":[{"embeddable":true,"href":"https:\/\/www.europesays.com\/fr\/wp-json\/wp\/v2\/users\/2"}],"replies":[{"embeddable":true,"href":"https:\/\/www.europesays.com\/fr\/wp-json\/wp\/v2\/comments?post=621777"}],"version-history":[{"count":0,"href":"https:\/\/www.europesays.com\/fr\/wp-json\/wp\/v2\/posts\/621777\/revisions"}],"wp:featuredmedia":[{"embeddable":true,"href":"https:\/\/www.europesays.com\/fr\/wp-json\/wp\/v2\/media\/621778"}],"wp:attachment":[{"href":"https:\/\/www.europesays.com\/fr\/wp-json\/wp\/v2\/media?parent=621777"}],"wp:term":[{"taxonomy":"category","embeddable":true,"href":"https:\/\/www.europesays.com\/fr\/wp-json\/wp\/v2\/categories?post=621777"},{"taxonomy":"post_tag","embeddable":true,"href":"https:\/\/www.europesays.com\/fr\/wp-json\/wp\/v2\/tags?post=621777"}],"curies":[{"name":"wp","href":"https:\/\/api.w.org\/{rel}","templated":true}]}}