{"id":621779,"date":"2025-12-25T15:35:53","date_gmt":"2025-12-25T15:35:53","guid":{"rendered":"https:\/\/www.europesays.com\/fr\/621779\/"},"modified":"2025-12-25T15:35:53","modified_gmt":"2025-12-25T15:35:53","slug":"dragons-pourquoi-la-jambe-manquante-de-gueulfor-nest-pas-la-meme-dans-le-film-et-dans-le-dessin-anime","status":"publish","type":"post","link":"https:\/\/www.europesays.com\/fr\/621779\/","title":{"rendered":"Dragons : Pourquoi la jambe manquante de Gueulfor n&rsquo;est pas la m\u00eame dans le film et dans le dessin anim\u00e9 ?"},"content":{"rendered":"<p>Ce jeudi 25 d\u00e9cembre 2025, la cha\u00eene Canal+ diffuse pour la premi\u00e8re fois, \u00e0 21h10, le live-action Dragons. En <a href=\"https:\/\/www.programme-tv.net\/news\/cinema\/63528-dragons-tmc-ou-avez-vous-deja-entendu-la-voix-de-harold-le-personnage-principal\/\" data-api-deeplink=\"teleloisirs:\/\/news\/63528\" target=\"_blank\" rel=\"noopener\">2010 sortait le dessin anim\u00e9 DreamWorks<\/a>, racontant l&rsquo;histoire d&rsquo;Harold, qui voyait son quotidien \u00eatre boulevers\u00e9 par sa rencontre avec un dragon. Dans sa tribu, le combat de ces grosses cr\u00e9atures est un sport national, et il va essayer d&rsquo;apporter un point de vue diff\u00e9rent aux habitants. Le film avait alors attir\u00e9 2,2 millions de spectateurs, donnant des<a href=\"https:\/\/www.programme-tv.net\/news\/tv\/68318-dragons-la-serie-de-netflix-debarque-ce-vendredi-video\/\" data-api-deeplink=\"teleloisirs:\/\/news\/68318\" target=\"_blank\" rel=\"noopener\"> id\u00e9es de s\u00e9rie sur Netflix<\/a>. En 2025, la version en prise de vues r\u00e9elles \u00e9tait d\u00e9voil\u00e9e au cin\u00e9ma. Au casting, Mason Thames (Harold), <a href=\"https:\/\/www.programme-tv.net\/biographie\/14183-butler-gerard\/\" data-link-people=\"3d5f3b01-8c40-41c9-86b4-519510669cc2\" target=\"_blank\" rel=\"noopener\">G\u00e9rard Butler<\/a> (Sto\u00efk la Brute), Nico Parker (Astrid) ou encore Nick Frost (Gueulfor).<\/p>\n<p>Si le visage de Nick Frost ne vous est pas inconnu, c&rsquo;est parce que l&rsquo;acteur a multipli\u00e9 les r\u00f4les depuis le d\u00e9but de sa carri\u00e8re, en jouant dans Hot Fuzz, Shaun of the Dead ou encore Paul. Il a m\u00eame \u00e9t\u00e9 choisi pour \u00eatre le nouveau visage de <a href=\"https:\/\/www.programme-tv.net\/news\/series-tv\/348110-serie-harry-potter-tournage-casting-toutes-les-informations-deja-connues-sur-la-serie-evenement\/\" data-api-deeplink=\"teleloisirs:\/\/news\/348110\" target=\"_blank\" rel=\"noopener\">Hagrid, dans la future s\u00e9rie HBO, Harry Potter.<\/a> Dans le film Dragons, il joue le r\u00f4le de Gueulfor, le forgeron de l&rsquo;\u00eele de Beurk. Certains des fans de la franchise ont remarqu\u00e9 une petite diff\u00e9rence dans ce personnage, compar\u00e9 \u00e0 sa version anim\u00e9e : sa jambe manquante n&rsquo;est pas la m\u00eame.<\/p>\n<p>                        \u00ab\u00a0Bl\u00e2mez ma jambe gauche\u00a0\u00bb, s&rsquo;amuse l&rsquo;acteur Nick Frost<\/p>\n<p>\u00ab\u00a0J&rsquo;\u00e9tais cens\u00e9 avoir mon genou remplac\u00e9, une semaine avant d&rsquo;avoir ce job. J&rsquo;ai mis l&rsquo;op\u00e9ration en attente et j&rsquo;ai eu une conversation avec Dean (DeBois, le r\u00e9alisateur ndlr) pour lui expliquer \u00e0 quel point mon genou \u00e9tait mal en point\u00a0\u00bb, avait confi\u00e9 Nick Frost pendant la promotion du film, \u00e0 <a href=\"https:\/\/lrmonline.com\/\" target=\"_blank\" rel=\"noopener\">LRM Online<\/a>. L&rsquo;acteur devait ainsi d\u00fb subir une arthroplastie du genou, c&rsquo;est-\u00e0-dire la r\u00e9fection chirurgicale de cette articulation avec ou sans implantation d&rsquo;une proth\u00e8se. \u00ab\u00a0Dean m&rsquo;a dit : &lsquo;De toute fa\u00e7on, Gueulfor n&rsquo;a qu&rsquo;une jambe, donc \u00e7a fonctionnera \u00e0 la perfection&rsquo;. Gueulfor a une jambe en moins, sa jambe gauche dans le film en live action et dans l&rsquo;anim\u00e9, c&rsquo;est sa jambe droite\u00a0\u00bb.<\/p>\n<p>\u00ab\u00a0Donc si vous le remarquez et que les fans veulent bl\u00e2mer quelqu&rsquo;un, qu&rsquo;ils bl\u00e2ment ma jambe gauche\u00a0\u00bb, a conclu l&rsquo;acteur britannique avec humour. \u00c0 sa sortie en salles, le film avait attir\u00e9 2,5 millions de spectateurs et suite \u00e0 ce succ\u00e8s, une suite a tr\u00e8s vite \u00e9t\u00e9 officialis\u00e9e, avec le m\u00eame casting et devrait sortir en France, le 9 juin 2027. Une belle nouvelle pour les fans.<\/p><\/p>\n","protected":false},"excerpt":{"rendered":"Ce jeudi 25 d\u00e9cembre 2025, la cha\u00eene Canal+ diffuse pour la premi\u00e8re fois, \u00e0 21h10, le live-action Dragons.&hellip;\n","protected":false},"author":2,"featured_media":621780,"comment_status":"","ping_status":"","sticky":false,"template":"","format":"standard","meta":{"footnotes":""},"categories":[1354],"tags":[73145,1832,1409,1419,244,58,32117,73144,59,1346,1011,27,26189,1360,73143,129],"class_list":{"0":"post-621779","1":"post","2":"type-post","3":"status-publish","4":"format-standard","5":"has-post-thumbnail","7":"category-films","8":"tag-73145","9":"tag-animation","10":"tag-bande-annonce","11":"tag-canal-plus","12":"tag-commentaire","13":"tag-divertissement","14":"tag-dragons","15":"tag-dragons-canal-25-du00e9c","16":"tag-entertainment","17":"tag-films","18":"tag-fr","19":"tag-france","20":"tag-live-action","21":"tag-movies","22":"tag-nick-frost","23":"tag-svod"},"share_on_mastodon":{"url":"https:\/\/pubeurope.com\/@fr\/115780949334818201","error":""},"_links":{"self":[{"href":"https:\/\/www.europesays.com\/fr\/wp-json\/wp\/v2\/posts\/621779","targetHints":{"allow":["GET"]}}],"collection":[{"href":"https:\/\/www.europesays.com\/fr\/wp-json\/wp\/v2\/posts"}],"about":[{"href":"https:\/\/www.europesays.com\/fr\/wp-json\/wp\/v2\/types\/post"}],"author":[{"embeddable":true,"href":"https:\/\/www.europesays.com\/fr\/wp-json\/wp\/v2\/users\/2"}],"replies":[{"embeddable":true,"href":"https:\/\/www.europesays.com\/fr\/wp-json\/wp\/v2\/comments?post=621779"}],"version-history":[{"count":0,"href":"https:\/\/www.europesays.com\/fr\/wp-json\/wp\/v2\/posts\/621779\/revisions"}],"wp:featuredmedia":[{"embeddable":true,"href":"https:\/\/www.europesays.com\/fr\/wp-json\/wp\/v2\/media\/621780"}],"wp:attachment":[{"href":"https:\/\/www.europesays.com\/fr\/wp-json\/wp\/v2\/media?parent=621779"}],"wp:term":[{"taxonomy":"category","embeddable":true,"href":"https:\/\/www.europesays.com\/fr\/wp-json\/wp\/v2\/categories?post=621779"},{"taxonomy":"post_tag","embeddable":true,"href":"https:\/\/www.europesays.com\/fr\/wp-json\/wp\/v2\/tags?post=621779"}],"curies":[{"name":"wp","href":"https:\/\/api.w.org\/{rel}","templated":true}]}}