{"id":621781,"date":"2025-12-25T15:37:13","date_gmt":"2025-12-25T15:37:13","guid":{"rendered":"https:\/\/www.europesays.com\/fr\/621781\/"},"modified":"2025-12-25T15:37:13","modified_gmt":"2025-12-25T15:37:13","slug":"comme-les-humains-les-chats-peuvent-etre-touches-par-une-forme-dalzheimer-en-vieillissant-selon-une-etude-recente","status":"publish","type":"post","link":"https:\/\/www.europesays.com\/fr\/621781\/","title":{"rendered":"Comme les humains, les chats peuvent \u00eatre touch\u00e9s par une forme d\u2019Alzheimer en vieillissant selon une \u00e9tude r\u00e9cente"},"content":{"rendered":"<p>Alzheimer chez le chat : une r\u00e9alit\u00e9 qui s\u2019impose avec<br \/>\nl\u2019\u00e2ge<\/p>\n<p>Un chat qui se met \u00e0 miauler la nuit, se perd dans le couloir ou<br \/>\noublie sa liti\u00e8re ne manifeste pas qu\u2019une lubie de vieux compagnon.<br \/>\nDes travaux r\u00e9cents montrent que les f\u00e9lins \u00e2g\u00e9s peuvent d\u00e9velopper<br \/>\nune affection c\u00e9r\u00e9brale proche d\u2019Alzheimer. Publi\u00e9e dans le<br \/>\nEuropean Journal of Neuroscience, une \u00e9tude d\u00e9taille les<br \/>\nm\u00e9canismes biologiques en jeu. \u00c0 la maison, ces sc\u00e8nes du quotidien<br \/>\nprennent soudain un autre sens.<\/p>\n<p>Le contexte d\u2019\u00e2ge compte. Un <strong>chat senior<\/strong> est<br \/>\nconsid\u00e9r\u00e9 \u00e0 partir d\u2019environ 8 ans, et les premiers signes de<br \/>\nvieillissement apparaissent souvent entre 10 et 12 ans. Chez les<br \/>\nplus de 15 ans, pr\u00e8s de la moiti\u00e9 pr\u00e9senterait au moins un sympt\u00f4me<br \/>\nde d\u00e9clin cognitif. La suite se joue dans le cerveau.<\/p>\n<p>Ce que l\u2019\u00e9tude de l\u2019Universit\u00e9 d\u2019\u00c9dimbourg a mis au jour<\/p>\n<p>Men\u00e9e par l\u2019<strong>Universit\u00e9 d\u2019\u00c9dimbourg<\/strong> avec le<br \/>\n<strong>UK Dementia Research Institute<\/strong> et l\u2019Universit\u00e9 de<br \/>\nCalifornie, l\u2019\u00e9tude a analys\u00e9 des cerveaux de chats \u00e2g\u00e9s en<br \/>\nmicroscopie confocale. Les chercheurs y ont observ\u00e9 des d\u00e9p\u00f4ts de<br \/>\n<strong>plaques d\u2019amylo\u00efde-b\u00eata<\/strong> qui s\u2019incrustent jusque<br \/>\ndans les <strong>synapses<\/strong>, ces jonctions o\u00f9 les neurones<br \/>\n\u00e9changent les informations. Fait marquant, le vieux cerveau f\u00e9lin<br \/>\nreproduit spontan\u00e9ment des \u00e9tapes pr\u00e9coces d\u00e9crites chez les<br \/>\npatients humains.<\/p>\n<p>Autre point cl\u00e9, la r\u00e9action des cellules de soutien. Les<br \/>\n<strong>microglies<\/strong> et les <strong>astrocytes<\/strong>,<br \/>\ncharg\u00e9es de \u201cnettoyer\u201d les circuits pendant le d\u00e9veloppement, se<br \/>\nmettent ici \u00e0 engloutir les synapses marqu\u00e9es par l\u2019amylo\u00efde. Cette<br \/>\ningestion synaptique s\u2019intensifie au voisinage des plaques, avec<br \/>\nune co-localisation mesurable entre synapse, prot\u00e9ine toxique et<br \/>\ncellules gliales. Ce n\u2019est pas un simple vieillissement mais un<br \/>\nprocessus actif de d\u00e9connexion.<\/p>\n<p>Sympt\u00f4mes, \u00e2ges, diagnostic : lire les signes sans se<br \/>\ntromper<\/p>\n<p>Dans le foyer, la <strong>d\u00e9mence f\u00e9line<\/strong> \u2013 ou<br \/>\n<strong>syndrome de dysfonctionnement cognitif<\/strong> \u2013 se<br \/>\ntraduit par des <strong>miaulements nocturnes<\/strong>, une<br \/>\n<strong>d\u00e9sorientation<\/strong> dans un lieu familier, des<br \/>\nd\u00e9jections hors liti\u00e8re, des troubles du sommeil ou de l\u2019app\u00e9tit,<br \/>\nun arr\u00eat de la toilette ou un l\u00e9chage excessif, mais aussi des<br \/>\nchangements de comportement, plus collant ou plus irritable. Ces<br \/>\nmanifestations d\u00e9passent les simples \u00ab petites manies \u00bb du grand<br \/>\n\u00e2ge.<\/p>\n<p>Le diagnostic reste v\u00e9t\u00e9rinaire et d\u2019exclusion : il faut \u00e9carter<br \/>\nune hyperthyro\u00efdie, une insuffisance r\u00e9nale, une tumeur c\u00e9r\u00e9brale,<br \/>\nune perte de vue, d\u2019ou\u00efe ou d\u2019odorat, un diab\u00e8te ou de l\u2019arthrose.<br \/>\nDocumenter les sc\u00e8nes \u00e0 la maison, d\u00e9crire l\u2019horaire des vocalises,<br \/>\nles erreurs de liti\u00e8re, l\u2019app\u00e9tit, aide le praticien. Et oui,<br \/>\nl\u2019ensemble concorde avec ce que r\u00e9v\u00e8le l\u2019\u00e9tude sur les synapses<br \/>\nmalmen\u00e9es.<\/p>\n<p>Comment aider un chat concern\u00e9 et que<br \/>\npeut-on apprendre pour l\u2019humain ?<\/p>\n<p>On ne gu\u00e9rit pas, mais on peut soulager. Parlez avec votre<br \/>\nv\u00e9t\u00e9rinaire de traitements possibles et de compl\u00e9ments cens\u00e9s<br \/>\nsoutenir les fonctions cognitives. \u00c0 la maison, gardez les rep\u00e8res<br \/>\nstables (ne pas d\u00e9placer gamelle, liti\u00e8re, couchage), am\u00e9nagez un<br \/>\ncoin calme, \u00e9vitez les frayeurs. Continuez \u00e0 jouer, proposez des<br \/>\nroutines simples, rassurez d\u2019une voix douce quand il s\u2019\u00e9gare.<br \/>\nL\u2019objectif est de r\u00e9duire le stress et de stimuler doucement.<\/p>\n<p>Ces r\u00e9sultats offrent un mod\u00e8le naturel plus proche de l\u2019humain<br \/>\nque la souris transg\u00e9nique, o\u00f9 les l\u00e9sions \u00e9mergent sans<br \/>\nmanipulation. En ciblant les cellules gliales et la protection des<br \/>\n<strong>synapses<\/strong>, la recherche pourrait affiner des pistes<br \/>\nth\u00e9rapeutiques pour les deux esp\u00e8ces. Les chats n\u2019ont pas choisi,<br \/>\nc\u2019est vrai. Leur vieillissement, lui, nous apprend d\u00e9j\u00e0 comment et<br \/>\no\u00f9 le cerveau commence \u00e0 d\u00e9crocher. Une fen\u00eatre scientifique<br \/>\npr\u00e9cieuse.<\/p>\n","protected":false},"excerpt":{"rendered":"Alzheimer chez le chat : une r\u00e9alit\u00e9 qui s\u2019impose avec l\u2019\u00e2ge Un chat qui se met \u00e0 miauler&hellip;\n","protected":false},"author":2,"featured_media":621782,"comment_status":"","ping_status":"","sticky":false,"template":"","format":"standard","meta":{"footnotes":""},"categories":[10],"tags":[17049,1993,17487,3026,1086,7078,4988,1011,27,72,11416,151,5912,10936,57190,71,15298,20240,96,73146],"class_list":{"0":"post-621781","1":"post","2":"type-post","3":"status-publish","4":"format-standard","5":"has-post-thumbnail","7":"category-sante","8":"tag-chats","9":"tag-comme","10":"tag-dalzheimer","11":"tag-en","12":"tag-etre","13":"tag-etude","14":"tag-forme","15":"tag-fr","16":"tag-france","17":"tag-health","18":"tag-humains","19":"tag-les","20":"tag-par","21":"tag-peuvent","22":"tag-recente","23":"tag-sante","24":"tag-selon","25":"tag-touches","26":"tag-une","27":"tag-vieillissant"},"share_on_mastodon":{"url":"https:\/\/pubeurope.com\/@fr\/115780953391218578","error":""},"_links":{"self":[{"href":"https:\/\/www.europesays.com\/fr\/wp-json\/wp\/v2\/posts\/621781","targetHints":{"allow":["GET"]}}],"collection":[{"href":"https:\/\/www.europesays.com\/fr\/wp-json\/wp\/v2\/posts"}],"about":[{"href":"https:\/\/www.europesays.com\/fr\/wp-json\/wp\/v2\/types\/post"}],"author":[{"embeddable":true,"href":"https:\/\/www.europesays.com\/fr\/wp-json\/wp\/v2\/users\/2"}],"replies":[{"embeddable":true,"href":"https:\/\/www.europesays.com\/fr\/wp-json\/wp\/v2\/comments?post=621781"}],"version-history":[{"count":0,"href":"https:\/\/www.europesays.com\/fr\/wp-json\/wp\/v2\/posts\/621781\/revisions"}],"wp:featuredmedia":[{"embeddable":true,"href":"https:\/\/www.europesays.com\/fr\/wp-json\/wp\/v2\/media\/621782"}],"wp:attachment":[{"href":"https:\/\/www.europesays.com\/fr\/wp-json\/wp\/v2\/media?parent=621781"}],"wp:term":[{"taxonomy":"category","embeddable":true,"href":"https:\/\/www.europesays.com\/fr\/wp-json\/wp\/v2\/categories?post=621781"},{"taxonomy":"post_tag","embeddable":true,"href":"https:\/\/www.europesays.com\/fr\/wp-json\/wp\/v2\/tags?post=621781"}],"curies":[{"name":"wp","href":"https:\/\/api.w.org\/{rel}","templated":true}]}}