{"id":621785,"date":"2025-12-25T15:39:13","date_gmt":"2025-12-25T15:39:13","guid":{"rendered":"https:\/\/www.europesays.com\/fr\/621785\/"},"modified":"2025-12-25T15:39:13","modified_gmt":"2025-12-25T15:39:13","slug":"lacteur-pat-finn-vu-dans-the-middle-et-friends-est-mort-dun-cancer-de-la-vessie-a-lage-de-60-ans","status":"publish","type":"post","link":"https:\/\/www.europesays.com\/fr\/621785\/","title":{"rendered":"L\u2019acteur Pat Finn, vu dans \u00ab\u00a0The Middle\u00a0\u00bb et \u00ab\u00a0Friends\u00a0\u00bb, est mort d\u2019un cancer de la vessie \u00e0 l\u2019\u00e2ge de 60\u00a0ans"},"content":{"rendered":"<p class=\"paragraph text_align_left lp-f-body-02\">Il est d\u00e9c\u00e9d\u00e9 \u00e0 son domicile de Los Angeles. L\u2019acteur am\u00e9ricain Pat Finn est mort ce lundi 22 d\u00e9cembre \u00e0 l\u2019\u00e2ge de 60 ans des suites <a href=\"https:\/\/www.leparisien.fr\/societe\/sante\/cancer-de-la-vessie-des-urologues-alertent-sur-les-symptomes-encore-trop-meconnus-06-05-2024-LJH2AT752FF73M5PJR2AGL4Q2Q.php\" target=\"_blank\" rel=\"noreferrer noopener\">d\u2019un cancer de la vessie<\/a>, rapporte <a href=\"https:\/\/variety.com\/2025\/tv\/news\/pat-finn-dead-middle-ed-second-city-actor-1236617158\/\" target=\"_blank\" rel=\"noreferrer noopener\">Variety<\/a>. Apparu dans de nombreuses s\u00e9ries populaires, l\u2019acteur luttait contre la maladie depuis 2022.<\/p>\n<p class=\"\">Patrick Cassidy Finn, n\u00e9 en juillet 1965 dans l\u2019Illinois, avait fait des \u00e9tudes \u00e0 l\u2019universit\u00e9 Marquette, o\u00f9 il jouait dans l\u2019\u00e9quipe de rugby. Il avait ensuite commenc\u00e9 sa carri\u00e8re dans la com\u00e9die <a href=\"https:\/\/www.leparisien.fr\/hauts-de-seine-92\/issy-les-moulineaux-isabelle-met-l-improvisation-theatrale-au-service-des-entreprises-15-06-2020-8335668.php\" target=\"_blank\" rel=\"noreferrer noopener\">au sein de la troupe d\u2019improvisation<\/a> \u00ab The Second City \u00bb, \u00e0 Chicago. C\u2019est ainsi qu\u2019il avait \u00e9t\u00e9 rep\u00e9r\u00e9 pour participer \u00e0 la sitcom \u00ab The George Wendt Show \u00bb sur CBS d\u00e8s 1995, puis \u00e0 \u00ab Murphy Brown \u00bb jusqu\u2019en 1997.<\/p>\n<p>\u00ab Il aimait partager les joies de l\u2019improvisation \u00bb<\/p>\n<p class=\"\">Il \u00e9tait notamment <a href=\"https:\/\/www.leparisien.fr\/culture-loisirs\/series\/au-fil-des-jours-friends-2-broke-girls-notre-selection-de-sticoms-a-re-decouvrir-08-03-2019-8027391.php\" target=\"_blank\" rel=\"noreferrer noopener\">au casting de \u00ab The Middle \u00bb<\/a>, s\u00e9rie dans laquelle il incarnait Bill Norwood, le voisin de la famille Heck. Des ann\u00e9es 1990 jusqu\u2019\u00e0 ces derniers mois, les habitu\u00e9s du petit \u00e9cran avaient pu le voir dans des dizaines de programmes \u00e0 succ\u00e8s : <a href=\"https:\/\/www.leparisien.fr\/culture-loisirs\/series\/une-experience-memorable-le-celebre-cafe-de-la-serie-friends-va-etre-recree-et-ouvert-au-public-a-times-square-17-09-2025-CTHRI6SEEJDLXAQCWKXNXGJF3I.php\" target=\"_blank\" rel=\"noreferrer noopener\">\u00ab Friends \u00bb<\/a>, \u00ab Seinfeld \u00bb, <a href=\"https:\/\/www.leparisien.fr\/culture-loisirs\/series\/sur-netflix-that90s-show-mais-pourquoi-vous-nous-faites-ca-19-01-2023-QWSZLYKVHZHQ5E27WEFLE5DAJE.php\" target=\"_blank\" rel=\"noreferrer noopener\">\u00ab That\u201970s Show \u00bb<\/a>, \u00ab Ed \u00bb, \u00ab Las Vegas \u00bb, \u00ab La vie de croisi\u00e8re de Zack et Cody \u00bb, \u00ab Dr House \u00bb, \u00ab 2 Broke Girls \u00bb ou encore \u00ab Les Goldberg \u00bb.<\/p>\n<p class=\"\">\u00ab Il aimait partager les joies de l\u2019improvisation avec tous ceux qui \u00e9taient pr\u00eats \u00e0 apprendre \u00bb, a soulign\u00e9 sa famille dans un communiqu\u00e9. Habitu\u00e9 des seconds r\u00f4les, il avait \u00e9galement fait un passage sur grand \u00e9cran au travers de films comme \u00ab Le C\u00e9libataire \u00bb, \u00ab Eh mec ! Elle est o\u00f9 ma caisse ? \u00bb ou encore \u00ab Pas si simple \u00bb <a href=\"https:\/\/www.leparisien.fr\/culture-loisirs\/cinema\/festival-de-cannes\/festival-de-cannes-2024-ses-oscars-kramer-contre-kramer-la-place-des-femmes-meryl-streep-se-confie-15-05-2024-7Q7SHM7HZ5A6FDN6BE6WQ4PJ4U.php\" target=\"_blank\" rel=\"noreferrer noopener\">avec Meryl Streep<\/a> et Alec Baldwin. Mari\u00e9 \u00e0 Donna Crowley en 1990, il \u00e9tait p\u00e8re de trois enfants, Cassidy, Caitlin et Ryan.<\/p>\n","protected":false},"excerpt":{"rendered":"Il est d\u00e9c\u00e9d\u00e9 \u00e0 son domicile de Los Angeles. L\u2019acteur am\u00e9ricain Pat Finn est mort ce lundi 22&hellip;\n","protected":false},"author":2,"featured_media":621786,"comment_status":"","ping_status":"","sticky":false,"template":"","format":"standard","meta":{"footnotes":""},"categories":[8],"tags":[650,872,58,59,1011,27],"class_list":{"0":"post-621785","1":"post","2":"type-post","3":"status-publish","4":"format-standard","5":"has-post-thumbnail","7":"category-divertissement","8":"tag-cinema","9":"tag-culture-et-loisirs","10":"tag-divertissement","11":"tag-entertainment","12":"tag-fr","13":"tag-france"},"share_on_mastodon":{"url":"https:\/\/pubeurope.com\/@fr\/115780961242746627","error":""},"_links":{"self":[{"href":"https:\/\/www.europesays.com\/fr\/wp-json\/wp\/v2\/posts\/621785","targetHints":{"allow":["GET"]}}],"collection":[{"href":"https:\/\/www.europesays.com\/fr\/wp-json\/wp\/v2\/posts"}],"about":[{"href":"https:\/\/www.europesays.com\/fr\/wp-json\/wp\/v2\/types\/post"}],"author":[{"embeddable":true,"href":"https:\/\/www.europesays.com\/fr\/wp-json\/wp\/v2\/users\/2"}],"replies":[{"embeddable":true,"href":"https:\/\/www.europesays.com\/fr\/wp-json\/wp\/v2\/comments?post=621785"}],"version-history":[{"count":0,"href":"https:\/\/www.europesays.com\/fr\/wp-json\/wp\/v2\/posts\/621785\/revisions"}],"wp:featuredmedia":[{"embeddable":true,"href":"https:\/\/www.europesays.com\/fr\/wp-json\/wp\/v2\/media\/621786"}],"wp:attachment":[{"href":"https:\/\/www.europesays.com\/fr\/wp-json\/wp\/v2\/media?parent=621785"}],"wp:term":[{"taxonomy":"category","embeddable":true,"href":"https:\/\/www.europesays.com\/fr\/wp-json\/wp\/v2\/categories?post=621785"},{"taxonomy":"post_tag","embeddable":true,"href":"https:\/\/www.europesays.com\/fr\/wp-json\/wp\/v2\/tags?post=621785"}],"curies":[{"name":"wp","href":"https:\/\/api.w.org\/{rel}","templated":true}]}}