{"id":621787,"date":"2025-12-25T15:40:24","date_gmt":"2025-12-25T15:40:24","guid":{"rendered":"https:\/\/www.europesays.com\/fr\/621787\/"},"modified":"2025-12-25T15:40:24","modified_gmt":"2025-12-25T15:40:24","slug":"apres-50-ans-les-maquilleurs-pros-recommandent-ce-geste-qui-ouvre-le-regard-instantanement","status":"publish","type":"post","link":"https:\/\/www.europesays.com\/fr\/621787\/","title":{"rendered":"Apr\u00e8s 50\u00a0ans, les maquilleurs pros recommandent ce geste qui ouvre le regard instantan\u00e9ment"},"content":{"rendered":"<p>\n                            C&rsquo;est le truc tout b\u00eate qui restructure le regard et lisse les traits.<\/p>\n<p>Avec l&rsquo;\u00e2ge, les habitudes beaut\u00e9 \u00e9voluent. On garde les m\u00eames produits, on r\u00e9p\u00e8te des gestes familiers, puis on r\u00e9alise que le r\u00e9sultat n&rsquo;a plus l&rsquo;\u00e9clat d&rsquo;autrefois. Les maquilleurs le constatent chaque jour\u00a0: les cils s&rsquo;affinent, la paupi\u00e8re mobile perd un peu de tenue et certaines techniques qui fonctionnaient parfaitement finissent par durcir les lignes. C&rsquo;est pourquoi les experts proposent aujourd&rsquo;hui une alternative promettant de rafra\u00eechir le regard. Et bonne nouvelle, elle est tr\u00e8s simple \u00e0 appliquer.<\/p>\n<p>En effet, apr\u00e8s 50 ans, la question du contour de l&rsquo;\u0153il revient en boucle, signe que ce point pr\u00e9cis du <a href=\"https:\/\/www.journaldesfemmes.fr\/beaute\/maquillage\/\" title=\"Maquillage\" target=\"_blank\" rel=\"noopener\">maquillage<\/a> n&rsquo;est plus aussi intuitif avec les ann\u00e9es. Dans leur pratique, les maquilleurs professionnels remarquent les m\u00eames difficult\u00e9s\u00a0: un trac\u00e9 sombre qui attire trop l&rsquo;attention, une couleur qui contraste trop fortement ou un rendu moins net lorsque la paupi\u00e8re devient plus mobile. Pour y r\u00e9pondre, ils pr\u00e9f\u00e8rent aujourd&rsquo;hui des textures plus souples, faciles \u00e0 travailler et adapt\u00e9es \u00e0 la finesse de la peau. Les formules gel, qui se modulent sans accrocher, permettent notamment un trac\u00e9 pr\u00e9cis ou d\u00e9licatement estomp\u00e9, selon l&rsquo;effet recherch\u00e9.<\/p>\n<p><img decoding=\"async\" alt=\"eye-liner-marron\" src=\"https:\/\/www.europesays.com\/fr\/wp-content\/uploads\/2025\/12\/40060696.png\"\/><br \/>\n\u00a9\u00a0Illustration Jdf avec Revart <\/p>\n<p>Effectivement, ces textures \u00e9vitent les irr\u00e9gularit\u00e9s et offrent une application progressive. Elles ne marquent pas les zones s\u00e8ches et permettent d&rsquo;obtenir une ligne qui se fond dans la base des cils. La maquilleuse Jenna Anton r\u00e9sume bien cette approche en rappelant que, \u00ab\u00a0contrairement au noir, qui peut donner un aspect s\u00e9v\u00e8re ou accentuer les ridules, un eye-liner brun offre un regard plus ouvert et naturel\u00a0\u00bb. C&rsquo;est cette nuance qui suffit souvent \u00e0 \u00e9quilibrer le contraste et \u00e0 \u00e9claircir visuellement le blanc de l&rsquo;\u0153il.<\/p>\n<p>Les professionnels insistent aussi sur la technique d&rsquo;application\u00a0: d\u00e9poser la mati\u00e8re au ras des cils, puis l&rsquo;estomper l\u00e9g\u00e8rement pour donner du volume sans effet graphique. Une m\u00e9thode qui vient agrandir l&rsquo;\u0153il, surtout lorsqu&rsquo;elle est associ\u00e9e \u00e0 une couche de mascara visant \u00e0 accentuer la densit\u00e9 des cils. \u00c0 retenir.<\/p>\n","protected":false},"excerpt":{"rendered":"C&rsquo;est le truc tout b\u00eate qui restructure le regard et lisse les traits. Avec l&rsquo;\u00e2ge, les habitudes beaut\u00e9&hellip;\n","protected":false},"author":2,"featured_media":621788,"comment_status":"","ping_status":"","sticky":false,"template":"","format":"standard","meta":{"footnotes":""},"categories":[7],"tags":[73147,51761,51763,1011,27,51766,6727,51767,43,40,41,39,42,44],"class_list":{"0":"post-621787","1":"post","2":"type-post","3":"status-publish","4":"format-standard","5":"has-post-thumbnail","7":"category-sciences-et-technologies","8":"tag-cms-journaldesfemmes-3251087","9":"tag-controller-content","10":"tag-format-papier","11":"tag-fr","12":"tag-france","13":"tag-les-histoires-du-jdf","14":"tag-maquillage","15":"tag-parallaxeinfeed","16":"tag-science","17":"tag-science-and-technology","18":"tag-sciences","19":"tag-sciences-et-technologies","20":"tag-technologies","21":"tag-technology"},"share_on_mastodon":{"url":"https:\/\/pubeurope.com\/@fr\/115780966090414768","error":""},"_links":{"self":[{"href":"https:\/\/www.europesays.com\/fr\/wp-json\/wp\/v2\/posts\/621787","targetHints":{"allow":["GET"]}}],"collection":[{"href":"https:\/\/www.europesays.com\/fr\/wp-json\/wp\/v2\/posts"}],"about":[{"href":"https:\/\/www.europesays.com\/fr\/wp-json\/wp\/v2\/types\/post"}],"author":[{"embeddable":true,"href":"https:\/\/www.europesays.com\/fr\/wp-json\/wp\/v2\/users\/2"}],"replies":[{"embeddable":true,"href":"https:\/\/www.europesays.com\/fr\/wp-json\/wp\/v2\/comments?post=621787"}],"version-history":[{"count":0,"href":"https:\/\/www.europesays.com\/fr\/wp-json\/wp\/v2\/posts\/621787\/revisions"}],"wp:featuredmedia":[{"embeddable":true,"href":"https:\/\/www.europesays.com\/fr\/wp-json\/wp\/v2\/media\/621788"}],"wp:attachment":[{"href":"https:\/\/www.europesays.com\/fr\/wp-json\/wp\/v2\/media?parent=621787"}],"wp:term":[{"taxonomy":"category","embeddable":true,"href":"https:\/\/www.europesays.com\/fr\/wp-json\/wp\/v2\/categories?post=621787"},{"taxonomy":"post_tag","embeddable":true,"href":"https:\/\/www.europesays.com\/fr\/wp-json\/wp\/v2\/tags?post=621787"}],"curies":[{"name":"wp","href":"https:\/\/api.w.org\/{rel}","templated":true}]}}