{"id":621804,"date":"2025-12-25T15:52:14","date_gmt":"2025-12-25T15:52:14","guid":{"rendered":"https:\/\/www.europesays.com\/fr\/621804\/"},"modified":"2025-12-25T15:52:14","modified_gmt":"2025-12-25T15:52:14","slug":"des-enfants-gates-par-le-noel-solidaire-despace-renaissance","status":"publish","type":"post","link":"https:\/\/www.europesays.com\/fr\/621804\/","title":{"rendered":"Des enfants g\u00e2t\u00e9s par le No\u00ebl solidaire d\u2019Espace Renaissance"},"content":{"rendered":"<p>\n                                                                Pr\u00e8s d&rsquo;une centaine d&rsquo;enfants \u00e9taient invit\u00e9s \u00e0 l&rsquo;Ex\u00e8s pour une matin\u00e9e particuli\u00e8re dimanche matin.\n                            <\/p>\n<p>A peine la nuit de f\u00eate termin\u00e9e que la discoth\u00e8que de Ex\u00e8s s\u2019est transform\u00e9e en salle de cin\u00e9ma dimanche matin. Pr\u00e8s d\u2019une centaine d\u2019enfants &#8211; via des associations commes les Restos du C\u0153ur, Mill\u2019autisme, Lucio et les centres sociaux \u00a0 ont \u00e9t\u00e9 invit\u00e9s par l\u2019association Espace Renaissance, qui intervenait pour la premi\u00e8re fois \u00e0 Millau en 14 ans d\u2019existence.<\/p>\n<p>\u00ab\u00a0Nous d\u00e9fendons la cause de l\u2019enfance, que ce soit la maltraitance, la maldie, le handicap ou les enfants d\u00e9favoris\u00e9s, exposait le fondateur et pr\u00e9sident de l\u2019association, Jo\u00ebl Fernandez. En plus des No\u00ebl solidaires, nous menons des actions dans les h\u00f4pitaux avec des membres du GIGN d\u00e9guis\u00e9s en super-h\u00e9ros. Nous investissons dans du mat\u00e9riel de soins mais aussi des jouets. Nous organisons des galas de solidarit\u00e9s afin de financer nos actions et remercions Veolia pour son accompagnement.\u00a0\u00bb<\/p>\n<p>Localement, les b\u00e9n\u00e9voles de l\u2019association se sont appuy\u00e9s sur Thierry Salvan et Abilin Eddarraz et donc Georges Carvalho. Apr\u00e8s la projection d\u2019un film de No\u00ebl, les enfants sont tous repartis avec une poche pour un go\u00fbter, un livre, une peluche au choix, un jouet et une petite restauration offerte par les g\u00e9rants de Bonici et Tacos Avenue.<\/p>\n","protected":false},"excerpt":{"rendered":"Pr\u00e8s d&rsquo;une centaine d&rsquo;enfants \u00e9taient invit\u00e9s \u00e0 l&rsquo;Ex\u00e8s pour une matin\u00e9e particuli\u00e8re dimanche matin. A peine la nuit&hellip;\n","protected":false},"author":2,"featured_media":621805,"comment_status":"","ping_status":"","sticky":false,"template":"","format":"standard","meta":{"footnotes":""},"categories":[9599],"tags":[1111,11,18483,1777,674,1011,27,6209,2208,12,64981,2680,25,1857],"class_list":{"0":"post-621804","1":"post","2":"type-post","3":"status-publish","4":"format-standard","5":"has-post-thumbnail","7":"category-montpellier","8":"tag-actu","9":"tag-actualites","10":"tag-aveyron","11":"tag-eu","12":"tag-europe","13":"tag-fr","14":"tag-france","15":"tag-millau","16":"tag-montpellier","17":"tag-news","18":"tag-nou00ebl","19":"tag-occitanie","20":"tag-republique-francaise","21":"tag-sociu00e9tu00e9"},"share_on_mastodon":{"url":"https:\/\/pubeurope.com\/@fr\/115781012333280967","error":""},"_links":{"self":[{"href":"https:\/\/www.europesays.com\/fr\/wp-json\/wp\/v2\/posts\/621804","targetHints":{"allow":["GET"]}}],"collection":[{"href":"https:\/\/www.europesays.com\/fr\/wp-json\/wp\/v2\/posts"}],"about":[{"href":"https:\/\/www.europesays.com\/fr\/wp-json\/wp\/v2\/types\/post"}],"author":[{"embeddable":true,"href":"https:\/\/www.europesays.com\/fr\/wp-json\/wp\/v2\/users\/2"}],"replies":[{"embeddable":true,"href":"https:\/\/www.europesays.com\/fr\/wp-json\/wp\/v2\/comments?post=621804"}],"version-history":[{"count":0,"href":"https:\/\/www.europesays.com\/fr\/wp-json\/wp\/v2\/posts\/621804\/revisions"}],"wp:featuredmedia":[{"embeddable":true,"href":"https:\/\/www.europesays.com\/fr\/wp-json\/wp\/v2\/media\/621805"}],"wp:attachment":[{"href":"https:\/\/www.europesays.com\/fr\/wp-json\/wp\/v2\/media?parent=621804"}],"wp:term":[{"taxonomy":"category","embeddable":true,"href":"https:\/\/www.europesays.com\/fr\/wp-json\/wp\/v2\/categories?post=621804"},{"taxonomy":"post_tag","embeddable":true,"href":"https:\/\/www.europesays.com\/fr\/wp-json\/wp\/v2\/tags?post=621804"}],"curies":[{"name":"wp","href":"https:\/\/api.w.org\/{rel}","templated":true}]}}