{"id":621811,"date":"2025-12-25T16:02:24","date_gmt":"2025-12-25T16:02:24","guid":{"rendered":"https:\/\/www.europesays.com\/fr\/621811\/"},"modified":"2025-12-25T16:02:24","modified_gmt":"2025-12-25T16:02:24","slug":"3c-a-lanfains-13c-a-rennes-ou-a-t-il-fait-le-plus-froid-en-bretagne-lors-de-la-nuit-de-noel","status":"publish","type":"post","link":"https:\/\/www.europesays.com\/fr\/621811\/","title":{"rendered":"-3\u00b0C \u00e0 Lanfains, -1,3\u00b0C \u00e0 Rennes\u2026 O\u00f9 a-t-il fait le plus froid en Bretagne lors de la nuit de No\u00ebl\u00a0?"},"content":{"rendered":"<p>Si la nuit et l\u2019aube de ce 25 d\u00e9cembre ont \u00e9t\u00e9 neigeuses en Bretagne, la journ\u00e9e a aussi \u00e9t\u00e9 froide. Tr\u00e8s froide. La <a href=\"https:\/\/www.letelegramme.fr\/france\/pourquoi-une-goutte-froide-est-elle-synonyme-dinstabilite-6585678.php\" target=\"_blank\" rel=\"noopener\">faute \u00e0 une goutte froide<\/a>, qui a apport\u00e9 un surplus d\u2019humidit\u00e9 et de froid \u00e0 son passage. R\u00e9sultat, dans la nuit du mercredi 24 au jeudi 25 d\u00e9cembre, les temp\u00e9ratures ont baiss\u00e9 drastiquement.<\/p>\n<p>Pour atteindre, entre 7 h et 10 h, jusqu\u2019\u00e0 -3,2\u00b0C \u00e0 Lanfains (22), -2,6\u00b0C \u00e0 Plouguenast, -1,1\u00b0C \u00e0 Saint-Brieuc, -2,3\u00b0C \u00e0 Vannes-Meucon (56), -2,1\u00b0C \u00e0 Bignan ou encore -1,8\u00b0C \u00e0 Pontivy. En Ille-et-Vilaine, on a enregistr\u00e9 jusqu\u2019\u00e0 -2\u00b0C \u00e0 Louvign\u00e9-du-D\u00e9sert, -1,9\u00b0C \u00e0 La No\u00e9-Blanche et -1,3\u00b0C \u00e0 Rennes. Dans le Finist\u00e8re, il a fait un peu plus \u00ab doux \u00bb, avec -0,8\u00b0C \u00e0 Quimperl\u00e9, -1,3\u00b0C \u00e0 Brennilis et -0,4\u00b0C \u00e0 Quimper.<\/p>\n<p>Ressenti polaire<\/p>\n<p>Vous avez eu l\u2019impression qu\u2019il faisait beaucoup plus froid ? C\u2019est normal. Un vent d\u2019est est venu accentuer fortement la sensation de froid et des gel\u00e9es classiques en matin\u00e9e. R\u00e9sultat, le ressenti \u00e9tait de -9,4 \u00e0 Lanfains (22), -7,7 \u00e0 Plouguenast, -6,5 \u00e0 Saint-Brieuc, -6,4 \u00e0 Quimper (29), -5,6 \u00e0 Brest, -6,2 \u00e0 Rennes (35), -6,7 \u00e0 Feins, -7,9 \u00e0 Pontivy (56) ou encore -7,7 \u00e0 Lorient et -5,5 \u00e0 Vannes, selon l\u2019indice Windchill.<\/p>\n<p>Et ce n\u2019est pas pr\u00e8s de s\u2019arr\u00eater. \u00ab La sensation de froid restera intense au moins jusqu\u2019\u00e0 dimanche \u00bb, <a href=\"https:\/\/www.letelegramme.fr\/bretagne\/des-flocons-de-neige-sur-toute-la-bretagne-ce-jeudi-matin-et-des-temperatures-glaciales-jusqua-au-moins-dimanche-6953985.php\" target=\"_blank\" rel=\"noopener\">indiquait mercredi Steven Tual<\/a>, m\u00e9t\u00e9orologue \u00e0 Temps Breton. \u00ab Cela fait tr\u00e8s longtemps que l\u2019on n\u2019a pas vu une aussi longue p\u00e9riode avec un ressenti aussi glacial. \u00bb Dans ce contexte, les pr\u00e9fectures d\u2019Ille-et-Vilaine et du Finist\u00e8re ont d\u00e9clench\u00e9 leur <a href=\"https:\/\/www.letelegramme.fr\/bretagne\/la-prefecture-du-finistere-active-le-plan-grand-froid-a-compter-de-ce-jeudi-en-raison-de-la-chute-des-temperatures-6954262.php\" target=\"_blank\" rel=\"noopener\">plan Grand froid<\/a>. Dans les C\u00f4tes-d&rsquo;Armor, le plan hivernal a \u00e9t\u00e9 activ\u00e9.<\/p>\n","protected":false},"excerpt":{"rendered":"Si la nuit et l\u2019aube de ce 25 d\u00e9cembre ont \u00e9t\u00e9 neigeuses en Bretagne, la journ\u00e9e a aussi&hellip;\n","protected":false},"author":2,"featured_media":621812,"comment_status":"","ping_status":"","sticky":false,"template":"","format":"standard","meta":{"footnotes":""},"categories":[2821],"tags":[1111,11,829,2171,765,1777,674,3321,1011,27,848,2487,21570,3729,12,584,25],"class_list":{"0":"post-621811","1":"post","2":"type-post","3":"status-publish","4":"format-standard","5":"has-post-thumbnail","7":"category-rennes","8":"tag-actu","9":"tag-actualites","10":"tag-bretagne","11":"tag-cotes-darmor","12":"tag-en-continu","13":"tag-eu","14":"tag-europe","15":"tag-finistere","16":"tag-fr","17":"tag-france","18":"tag-ille-et-vilaine","19":"tag-meteo","20":"tag-meteo-en-bretagne","21":"tag-morbihan","22":"tag-news","23":"tag-rennes","24":"tag-republique-francaise"},"share_on_mastodon":{"url":"https:\/\/pubeurope.com\/@fr\/115781051988228777","error":""},"_links":{"self":[{"href":"https:\/\/www.europesays.com\/fr\/wp-json\/wp\/v2\/posts\/621811","targetHints":{"allow":["GET"]}}],"collection":[{"href":"https:\/\/www.europesays.com\/fr\/wp-json\/wp\/v2\/posts"}],"about":[{"href":"https:\/\/www.europesays.com\/fr\/wp-json\/wp\/v2\/types\/post"}],"author":[{"embeddable":true,"href":"https:\/\/www.europesays.com\/fr\/wp-json\/wp\/v2\/users\/2"}],"replies":[{"embeddable":true,"href":"https:\/\/www.europesays.com\/fr\/wp-json\/wp\/v2\/comments?post=621811"}],"version-history":[{"count":0,"href":"https:\/\/www.europesays.com\/fr\/wp-json\/wp\/v2\/posts\/621811\/revisions"}],"wp:featuredmedia":[{"embeddable":true,"href":"https:\/\/www.europesays.com\/fr\/wp-json\/wp\/v2\/media\/621812"}],"wp:attachment":[{"href":"https:\/\/www.europesays.com\/fr\/wp-json\/wp\/v2\/media?parent=621811"}],"wp:term":[{"taxonomy":"category","embeddable":true,"href":"https:\/\/www.europesays.com\/fr\/wp-json\/wp\/v2\/categories?post=621811"},{"taxonomy":"post_tag","embeddable":true,"href":"https:\/\/www.europesays.com\/fr\/wp-json\/wp\/v2\/tags?post=621811"}],"curies":[{"name":"wp","href":"https:\/\/api.w.org\/{rel}","templated":true}]}}