{"id":621818,"date":"2025-12-25T16:10:22","date_gmt":"2025-12-25T16:10:22","guid":{"rendered":"https:\/\/www.europesays.com\/fr\/621818\/"},"modified":"2025-12-25T16:10:22","modified_gmt":"2025-12-25T16:10:22","slug":"transfert-historique-en-vue-a-angers-nantes-a-boucle-un-premier-gros-coup","status":"publish","type":"post","link":"https:\/\/www.europesays.com\/fr\/621818\/","title":{"rendered":"Transfert historique en vue \u00e0 Angers, Nantes a boucl\u00e9 un premier gros coup"},"content":{"rendered":"<p>Avec quatre buts en seize matchs de <a href=\"https:\/\/www.onzemondial.com\/ligue-1\" target=\"_blank\" rel=\"noopener\">Ligue 1<\/a> cette saison, Sidiki Ch\u00e9rif repr\u00e9sente bien \u00e0 lui tout seul la fantastique premi\u00e8re partie d&rsquo;Angers. D\u00e9cisif dans les gros matchs, l&rsquo;attaquant de 19 ans pourrait bien permettre \u00e0 son club de r\u00e9aliser une vente historique. Si c&rsquo;est Jeff Reine-Ad\u00e9la\u00efde, parti pour 25 millions d&rsquo;euros en 2019 pour l&rsquo;OL, qui d\u00e9tient \u00e0 ce jour le record de la plus grosse vente, le natif de Conakry pourrait bien l&rsquo;effacer des tablettes.<\/p>\n<p>En effet, \u00e0 en croire les informations de <a href=\"https:\/\/www.lequipe.fr\/Football\/Article\/Buteur-face-aux-cadors-rapide-puissant-sidiki-cherif-une-etoile-montante-d-angers-courtisee\/1629321\" target=\"_blank\" rel=\"noopener\">L&rsquo;Equipe<\/a> et du <a href=\"https:\/\/www.leparisien.fr\/sports\/football\/mercato-angers-lattaquant-sidiki-cherif-piste-par-crystal-palace-24-12-2025-P37QJ6ZYUVCWLLO7GGLJCTBJNY.php\" target=\"_blank\" rel=\"noopener\">Parisien<\/a>, le Guin\u00e9en attiserait de nombreuses convoitises. Mais le SCO, qui ne veut aucun prendre aucun risque en vue de la deuxi\u00e8me partie de saison, est clair : sa p\u00e9pite ne partira pas pour un montant inf\u00e9rieur \u00e0 25 millions d&rsquo;euros et ambitionnerait m\u00eame d&rsquo;en obtenir 30.<\/p>\n<p>\u00c0 lire aussiCh\u00e9rif pourrait rapporter tr\u00e8s gros au SCO, c&rsquo;est fait pour Cabella \u00e0 Nantes<\/p>\n<p>Ce qui pourrait bien \u00eatre possible vu que Crystal Palace, qui dispose bien \u00e9videmment de moyens importants, aurait fait part de son int\u00e9r\u00eat pour recruter l&rsquo;attaquant angevin. Outre les Eagles, un club allemand serait aussi pr\u00eat \u00e0 se jeter \u00e0 l&rsquo;assaut du joueur, qui devrait donc avoir l&#8217;embarras du choix dans les prochaines semaines.<\/p>\n<p>Dans le m\u00eame temps, le FC Nantes avance aussi sur son Mercato. Lanc\u00e9 dans une nouvelle course au maintien, le FCN a d\u00e9j\u00e0 boucl\u00e9 l&rsquo;arriv\u00e9e de R\u00e9my Cabella. Comme l&rsquo;annonce <a href=\"https:\/\/www.ouest-france.fr\/sport\/football\/fc-nantes\/mercato-fc-nantes-remy-cabella-cest-signe-le-club-cherche-a-dautres-postes-162267be-e0d8-11f0-8231-0b73c898c870\" target=\"_blank\" rel=\"noopener\">Ouest-France<\/a>, l&rsquo;ancien Lillois aurait d\u00e9j\u00e0 sign\u00e9 son contrat et son pr\u00eat sans option d&rsquo;achat jusqu&rsquo;\u00e0 la fin de la saison n&rsquo;aurait plus qu&rsquo;\u00e0 \u00eatre officialis\u00e9 par les deux clubs.<\/p>\n<p>Le mois de janvier s&rsquo;annonce particuli\u00e8rement anim\u00e9s sur les bords de l&rsquo;Erdre puisqu&rsquo;un ailier droit, un milieu box to box et un voire deux d\u00e9fenseurs centraux seraient cibl\u00e9s en priorit\u00e9 par la cellule de recrutement nantaise. Des joueurs libres ou en pr\u00eat sont privil\u00e9gi\u00e9s tandis que les dirigeants seraient pr\u00eats \u00e0 consentir \u00e0 des efforts sur le plan salarial afin d&rsquo;assouvir leurs objectifs sur ce Mercato. Affaires \u00e0 suivre.<\/p>\n<p>\u00a0<\/p>\n<p>   Partagez cette info avec vos amis et vos proches en cliquant ici<br \/> Pour r\u00e9sumer<\/p>\n<p>Avec 4 buts en 16 matchs, Sidiki Ch\u00e9rif brille \u00e0 Angers et pourrait battre le record de vente du club (30 M\u20ac). Crystal Palace et un club allemand sont int\u00e9ress\u00e9s. Nantes officialise Cabella et cible plusieurs renforts pour janvier.<\/p>\n<p>R\u00e9dacteur<\/p>\n<p><img decoding=\"async\" width=\"76\" height=\"76\" loading=\"lazy\" src=\"https:\/\/www.europesays.com\/fr\/wp-content\/uploads\/2025\/04\/avatar-onze.webp.webp\" alt=\"Nathan Bricout\"\/><\/p>\n","protected":false},"excerpt":{"rendered":"Avec quatre buts en seize matchs de Ligue 1 cette saison, Sidiki Ch\u00e9rif repr\u00e9sente bien \u00e0 lui tout&hellip;\n","protected":false},"author":2,"featured_media":621819,"comment_status":"","ping_status":"","sticky":false,"template":"","format":"standard","meta":{"footnotes":""},"categories":[2818],"tags":[1111,11,1777,674,1011,27,66,766,12,2636,25,10662],"class_list":{"0":"post-621818","1":"post","2":"type-post","3":"status-publish","4":"format-standard","5":"has-post-thumbnail","7":"category-nantes","8":"tag-actu","9":"tag-actualites","10":"tag-eu","11":"tag-europe","12":"tag-fr","13":"tag-france","14":"tag-ligue-1","15":"tag-nantes","16":"tag-news","17":"tag-pays-de-la-loire","18":"tag-republique-francaise","19":"tag-transferts"},"share_on_mastodon":{"url":"https:\/\/pubeurope.com\/@fr\/115781084144598215","error":""},"_links":{"self":[{"href":"https:\/\/www.europesays.com\/fr\/wp-json\/wp\/v2\/posts\/621818","targetHints":{"allow":["GET"]}}],"collection":[{"href":"https:\/\/www.europesays.com\/fr\/wp-json\/wp\/v2\/posts"}],"about":[{"href":"https:\/\/www.europesays.com\/fr\/wp-json\/wp\/v2\/types\/post"}],"author":[{"embeddable":true,"href":"https:\/\/www.europesays.com\/fr\/wp-json\/wp\/v2\/users\/2"}],"replies":[{"embeddable":true,"href":"https:\/\/www.europesays.com\/fr\/wp-json\/wp\/v2\/comments?post=621818"}],"version-history":[{"count":0,"href":"https:\/\/www.europesays.com\/fr\/wp-json\/wp\/v2\/posts\/621818\/revisions"}],"wp:featuredmedia":[{"embeddable":true,"href":"https:\/\/www.europesays.com\/fr\/wp-json\/wp\/v2\/media\/621819"}],"wp:attachment":[{"href":"https:\/\/www.europesays.com\/fr\/wp-json\/wp\/v2\/media?parent=621818"}],"wp:term":[{"taxonomy":"category","embeddable":true,"href":"https:\/\/www.europesays.com\/fr\/wp-json\/wp\/v2\/categories?post=621818"},{"taxonomy":"post_tag","embeddable":true,"href":"https:\/\/www.europesays.com\/fr\/wp-json\/wp\/v2\/tags?post=621818"}],"curies":[{"name":"wp","href":"https:\/\/api.w.org\/{rel}","templated":true}]}}