{"id":621820,"date":"2025-12-25T16:11:14","date_gmt":"2025-12-25T16:11:14","guid":{"rendered":"https:\/\/www.europesays.com\/fr\/621820\/"},"modified":"2025-12-25T16:11:14","modified_gmt":"2025-12-25T16:11:14","slug":"clap-de-fin-des-animations-de-noel-dans-les-quartiers","status":"publish","type":"post","link":"https:\/\/www.europesays.com\/fr\/621820\/","title":{"rendered":"clap de fin des animations de No\u00ebl dans les quartiers"},"content":{"rendered":"<p>Chaque ann\u00e9e, au mois de d\u00e9cembre, la municipalit\u00e9 organise des animations dans les dix quartiers de la ville \u00e0 l&#8230;<\/p>\n<p>Chaque ann\u00e9e, au mois de d\u00e9cembre, la municipalit\u00e9 organise des animations dans les dix quartiers de la ville \u00e0 l\u2019occasion des f\u00eates de No\u00ebl. Des manifestations pr\u00e9par\u00e9es par Claudine Lartigau, cheffe de service, et toute son \u00e9quipe, avec le soutien de plusieurs acteurs de la ville. La tourn\u00e9e avait commenc\u00e9 le 6\u00a0d\u00e9cembre \u00e0 Arlac et aux Eyquems, elle s\u2019est termin\u00e9e le 24\u00a0d\u00e9cembre \u00e0 Capeyron.<\/p>\n","protected":false},"excerpt":{"rendered":"Chaque ann\u00e9e, au mois de d\u00e9cembre, la municipalit\u00e9 organise des animations dans les dix quartiers de la ville&hellip;\n","protected":false},"author":2,"featured_media":621821,"comment_status":"","ping_status":"","sticky":false,"template":"","format":"standard","meta":{"footnotes":""},"categories":[2817],"tags":[1111,11,1997,1777,674,1011,27,12,2219,25],"class_list":{"0":"post-621820","1":"post","2":"type-post","3":"status-publish","4":"format-standard","5":"has-post-thumbnail","7":"category-bordeaux","8":"tag-actu","9":"tag-actualites","10":"tag-bordeaux","11":"tag-eu","12":"tag-europe","13":"tag-fr","14":"tag-france","15":"tag-news","16":"tag-nouvelle-aquitaine","17":"tag-republique-francaise"},"share_on_mastodon":{"url":"https:\/\/pubeurope.com\/@fr\/115781086974548083","error":""},"_links":{"self":[{"href":"https:\/\/www.europesays.com\/fr\/wp-json\/wp\/v2\/posts\/621820","targetHints":{"allow":["GET"]}}],"collection":[{"href":"https:\/\/www.europesays.com\/fr\/wp-json\/wp\/v2\/posts"}],"about":[{"href":"https:\/\/www.europesays.com\/fr\/wp-json\/wp\/v2\/types\/post"}],"author":[{"embeddable":true,"href":"https:\/\/www.europesays.com\/fr\/wp-json\/wp\/v2\/users\/2"}],"replies":[{"embeddable":true,"href":"https:\/\/www.europesays.com\/fr\/wp-json\/wp\/v2\/comments?post=621820"}],"version-history":[{"count":0,"href":"https:\/\/www.europesays.com\/fr\/wp-json\/wp\/v2\/posts\/621820\/revisions"}],"wp:featuredmedia":[{"embeddable":true,"href":"https:\/\/www.europesays.com\/fr\/wp-json\/wp\/v2\/media\/621821"}],"wp:attachment":[{"href":"https:\/\/www.europesays.com\/fr\/wp-json\/wp\/v2\/media?parent=621820"}],"wp:term":[{"taxonomy":"category","embeddable":true,"href":"https:\/\/www.europesays.com\/fr\/wp-json\/wp\/v2\/categories?post=621820"},{"taxonomy":"post_tag","embeddable":true,"href":"https:\/\/www.europesays.com\/fr\/wp-json\/wp\/v2\/tags?post=621820"}],"curies":[{"name":"wp","href":"https:\/\/api.w.org\/{rel}","templated":true}]}}