{"id":621832,"date":"2025-12-25T16:20:34","date_gmt":"2025-12-25T16:20:34","guid":{"rendered":"https:\/\/www.europesays.com\/fr\/621832\/"},"modified":"2025-12-25T16:20:34","modified_gmt":"2025-12-25T16:20:34","slug":"un-dispositif-de-securite-renforce-pour-des-fetes-sans-trouble-a-marseille","status":"publish","type":"post","link":"https:\/\/www.europesays.com\/fr\/621832\/","title":{"rendered":"Un dispositif de s\u00e9curit\u00e9 renforc\u00e9 pour des f\u00eates \u00ab\u00a0sans trouble\u00a0\u00bb \u00e0 Marseille"},"content":{"rendered":"<p>230 effectifs de police, 110 CRS, 300 gendarmes, les militaires de l\u2019op\u00e9ration Sentinelle sans compter la police municipale\u2026 C\u2019est un message rassurant, en forme de d\u00e9monstration de force, qu\u2019ont voulu faire passer les autorit\u00e9s ce mardi 23\u00a0d\u00e9cembre \u00e0 l\u2019entr\u00e9e de la <a href=\"https:\/\/www.laprovence.com\/article\/region\/3398634814634814\/inauguration-de-notre-dame-de-la-garde-a-marseille-un-final-monumental-pour-un-chantier-historique\" target=\"_blank\" rel=\"noopener\">basilique de Notre-Dame de la Garde<\/a>, symboliquement choisie pour d\u00e9tailler le dispositif de s\u00e9curisation mis en place pour ces f\u00eates de fin d\u2019ann\u00e9e \u00e0 Marseille.<\/p>\n<p>\u00ab\u00a0Comme chaque ann\u00e9e, on est \u00e0 la veille de <a href=\"https:\/\/www.laprovence.com\/article\/sortie-loisirs\/72629598312485\/nos-10-idees-de-sorties-en-attendant-noel-en-provence\" target=\"_blank\" rel=\"noopener\">No\u00ebl<\/a> et du <a href=\"https:\/\/www.laprovence.com\/article\/sortie-loisirs\/6456910914577914\/une-soiree-hollywoodienne-pour-celebrer-le-nouvel-an-a-marseille\" target=\"_blank\" rel=\"noopener\">Nouvel An<\/a>\u00a0; et comme chaque ann\u00e9e\u00a0; on renouvelle tout un tas de mesures qui vont servir \u00e0 s\u00e9curiser l\u2019int\u00e9gralit\u00e9 des manifestations, des grands \u00e9v\u00e9nements, et puis \u00e9videmment des offices religieux. L\u2019id\u00e9e c\u2019\u00e9tait de rassurer, de montrer que les gens peuvent profiter des f\u00eates de fin d\u2019ann\u00e9e\u00a0\u00bb, d\u00e9roule le sous-pr\u00e9fet Pierre Gilardeau, directeur de cabinet adjoint de la pr\u00e9f\u00e8te de police d\u00e9l\u00e9gu\u00e9e.<\/p>\n<p>\u00ab\u00a0Et quand je dis profiter des f\u00eates de fin d\u2019ann\u00e9e, mart\u00e8le-t-il, \u00e7a veut dire aller sur le <a href=\"https:\/\/www.laprovence.com\/article\/region\/4441657481352414\/patinoire-piste-de-luge-show-aerien-lesprit-de-noel-souffle-sur-le-vieux-port-de-marseille\" target=\"_blank\" rel=\"noopener\">march\u00e9 de No\u00ebl<\/a> parce qu\u2019on est pr\u00e9sents, avec des fouilles \u00e0 l\u2019entr\u00e9e, aller aux offices religieux parce qu\u2019on y sera pr\u00e9sents, on se montrera au centre-ville, on mettra le pied \u00e0 terre.\u00a0\u00bb<\/p>\n<p>\u00ab\u00a0Il n\u2019y a pas eu d\u2019alertes pr\u00e9cises\u00a0\u00bb<\/p>\n<p>Entou&#8230;<\/p>\n","protected":false},"excerpt":{"rendered":"230 effectifs de police, 110 CRS, 300 gendarmes, les militaires de l\u2019op\u00e9ration Sentinelle sans compter la police municipale\u2026&hellip;\n","protected":false},"author":2,"featured_media":621833,"comment_status":"","ping_status":"","sticky":false,"template":"","format":"standard","meta":{"footnotes":""},"categories":[2814],"tags":[17,1111,11,154,9119,1777,674,274,14537,1011,27,884,12,471,882,36546,25,4561,656],"class_list":{"0":"post-621832","1":"post","2":"type-post","3":"status-publish","4":"format-standard","5":"has-post-thumbnail","7":"category-marseille","8":"tag-17","9":"tag-actu","10":"tag-actualites","11":"tag-des","12":"tag-dispositif","13":"tag-eu","14":"tag-europe","15":"tag-faits-divers-justice","16":"tag-fetes","17":"tag-fr","18":"tag-france","19":"tag-marseille","20":"tag-news","21":"tag-pour","22":"tag-provence-alpes-cote-dazur","23":"tag-renforce","24":"tag-republique-francaise","25":"tag-sans","26":"tag-securite"},"share_on_mastodon":{"url":"https:\/\/pubeurope.com\/@fr\/115781122419865382","error":""},"_links":{"self":[{"href":"https:\/\/www.europesays.com\/fr\/wp-json\/wp\/v2\/posts\/621832","targetHints":{"allow":["GET"]}}],"collection":[{"href":"https:\/\/www.europesays.com\/fr\/wp-json\/wp\/v2\/posts"}],"about":[{"href":"https:\/\/www.europesays.com\/fr\/wp-json\/wp\/v2\/types\/post"}],"author":[{"embeddable":true,"href":"https:\/\/www.europesays.com\/fr\/wp-json\/wp\/v2\/users\/2"}],"replies":[{"embeddable":true,"href":"https:\/\/www.europesays.com\/fr\/wp-json\/wp\/v2\/comments?post=621832"}],"version-history":[{"count":0,"href":"https:\/\/www.europesays.com\/fr\/wp-json\/wp\/v2\/posts\/621832\/revisions"}],"wp:featuredmedia":[{"embeddable":true,"href":"https:\/\/www.europesays.com\/fr\/wp-json\/wp\/v2\/media\/621833"}],"wp:attachment":[{"href":"https:\/\/www.europesays.com\/fr\/wp-json\/wp\/v2\/media?parent=621832"}],"wp:term":[{"taxonomy":"category","embeddable":true,"href":"https:\/\/www.europesays.com\/fr\/wp-json\/wp\/v2\/categories?post=621832"},{"taxonomy":"post_tag","embeddable":true,"href":"https:\/\/www.europesays.com\/fr\/wp-json\/wp\/v2\/tags?post=621832"}],"curies":[{"name":"wp","href":"https:\/\/api.w.org\/{rel}","templated":true}]}}