{"id":621836,"date":"2025-12-25T16:22:15","date_gmt":"2025-12-25T16:22:15","guid":{"rendered":"https:\/\/www.europesays.com\/fr\/621836\/"},"modified":"2025-12-25T16:22:15","modified_gmt":"2025-12-25T16:22:15","slug":"dans-les-quartiers-bachut-bocage-des-riverains-sous-le-choc","status":"publish","type":"post","link":"https:\/\/www.europesays.com\/fr\/621836\/","title":{"rendered":"dans les quartiers Bachut\/Bocage des riverains sous le choc"},"content":{"rendered":"<p>Ce ne sont pas les quartiers du 8e\u00a0 les plus agit\u00e9s. \u00ab\u00a0Pourtant de plus en plus souvent, nous constatons des incivilit\u00e9s dans nos rues\u00a0\u00bb, d\u00e9plore Martine, riveraine de ce secteur pavillonnaire. \u00ab\u00a0Dans la nuit de samedi \u00e0 dimanche dernier, une vingtaine de voitures ont \u00e9t\u00e9 endommag\u00e9es. On n\u2019avait encore jamais vu \u00e7a dans le quartier\u00a0\u00bb, poursuit-elle.\u00a0En plein c\u0153ur du Bachut, o\u00f9 se trouvent la mairie d\u2019arrondissement et la Maison de la Danse, et plus particuli\u00e8rement dans les rues du Bocage Etats-Unis, \u00e0 quelques encablures, ce serait une vingtaine de voitures qui aurait subi&#8230;<\/p>\n","protected":false},"excerpt":{"rendered":"Ce ne sont pas les quartiers du 8e\u00a0 les plus agit\u00e9s. \u00ab\u00a0Pourtant de plus en plus souvent, nous&hellip;\n","protected":false},"author":2,"featured_media":621837,"comment_status":"","ping_status":"","sticky":false,"template":"","format":"standard","meta":{"footnotes":""},"categories":[1889],"tags":[1111,11,2430,271,272,2757,1777,674,274,107,1011,27,2428,2756,12,25,2429],"class_list":{"0":"post-621836","1":"post","2":"type-post","3":"status-publish","4":"format-standard","5":"has-post-thumbnail","7":"category-lyon","8":"tag-actu","9":"tag-actualites","10":"tag-auvergne-rhone-alpes","11":"tag-crime","12":"tag-delit-et-contravention","13":"tag-edition-lyon-villeurbanne","14":"tag-eu","15":"tag-europe","16":"tag-faits-divers-justice","17":"tag-fil-info","18":"tag-fr","19":"tag-france","20":"tag-lyon","21":"tag-lyon-bassin","22":"tag-news","23":"tag-republique-francaise","24":"tag-rhone"},"share_on_mastodon":{"url":"https:\/\/pubeurope.com\/@fr\/115781130388132017","error":""},"_links":{"self":[{"href":"https:\/\/www.europesays.com\/fr\/wp-json\/wp\/v2\/posts\/621836","targetHints":{"allow":["GET"]}}],"collection":[{"href":"https:\/\/www.europesays.com\/fr\/wp-json\/wp\/v2\/posts"}],"about":[{"href":"https:\/\/www.europesays.com\/fr\/wp-json\/wp\/v2\/types\/post"}],"author":[{"embeddable":true,"href":"https:\/\/www.europesays.com\/fr\/wp-json\/wp\/v2\/users\/2"}],"replies":[{"embeddable":true,"href":"https:\/\/www.europesays.com\/fr\/wp-json\/wp\/v2\/comments?post=621836"}],"version-history":[{"count":0,"href":"https:\/\/www.europesays.com\/fr\/wp-json\/wp\/v2\/posts\/621836\/revisions"}],"wp:featuredmedia":[{"embeddable":true,"href":"https:\/\/www.europesays.com\/fr\/wp-json\/wp\/v2\/media\/621837"}],"wp:attachment":[{"href":"https:\/\/www.europesays.com\/fr\/wp-json\/wp\/v2\/media?parent=621836"}],"wp:term":[{"taxonomy":"category","embeddable":true,"href":"https:\/\/www.europesays.com\/fr\/wp-json\/wp\/v2\/categories?post=621836"},{"taxonomy":"post_tag","embeddable":true,"href":"https:\/\/www.europesays.com\/fr\/wp-json\/wp\/v2\/tags?post=621836"}],"curies":[{"name":"wp","href":"https:\/\/api.w.org\/{rel}","templated":true}]}}