{"id":621838,"date":"2025-12-25T16:23:17","date_gmt":"2025-12-25T16:23:17","guid":{"rendered":"https:\/\/www.europesays.com\/fr\/621838\/"},"modified":"2025-12-25T16:23:17","modified_gmt":"2025-12-25T16:23:17","slug":"un-noel-retarde-a-cause-dune-panne-de-train-entre-paris-et-lyon","status":"publish","type":"post","link":"https:\/\/www.europesays.com\/fr\/621838\/","title":{"rendered":"Un No\u00ebl retard\u00e9 \u00e0 cause d&rsquo;une panne de train entre Paris et Lyon"},"content":{"rendered":"<p>Un train de la compagnie Trenitalia est tomb\u00e9 en panne entre Paris et Lyon ce jeudi 25 d\u00e9cembre, ce qui a provoqu\u00e9 des retards.<\/p>\n<p>No\u00ebl a \u00e9t\u00e9 retard\u00e9 pour certains passagers qui prenaient le train ce matin.\u00a0<\/p>\n<p>Un<b> train de la compagnie Trenitalia est tomb\u00e9 en panne<\/b> au niveau de Vianges en C\u00f4te-d&rsquo;Or un peu avant 8 heures ce jeudi 25 d\u00e9cembre.<\/p>\n<p>Il circulait <b>entre Paris et Lyon<\/b> et s&rsquo;est arr\u00eat\u00e9 en raison d&rsquo;une intervention technique d&rsquo;apr\u00e8s la compagnie.<\/p>\n<p>Plus d&rsquo;une heure de retard<\/p>\n<p>Cette panne a provoqu\u00e9 l&rsquo;arr\u00eat d&rsquo;un autre train de Trenitalia dans l&rsquo;autre sens et a entrain\u00e9<b> des retards d&rsquo;une cinquantaine de minutes<\/b>, d&rsquo;apr\u00e8s <a class=\"url\" href=\"https:\/\/c.leprogres.fr\/transport\/2025\/12\/25\/un-train-bloque-perturbe-la-circulation-sncf-et-trenitalia-entre-paris-et-lyon\" target=\"_blank\" rel=\"noopener\">Le Progr\u00e8s<\/a>.<\/p>\n<p>D\u2018autres trains, de la SNCF, cette fois sont aussi partis avec du retard <b>parfois de plus d&rsquo;une heure.<\/b><br \/><b><br \/><\/b><\/p>\n<p><img loading=\"lazy\" decoding=\"async\" src=\"https:\/\/www.europesays.com\/fr\/wp-content\/uploads\/2025\/12\/1766679797_279_img\" width=\"350\" height=\"200\" border=\"0\" title=\"Des bouchons qui perturbent le trafic\"\/><\/p>\n<p>\u25baTrafic<\/p>\n<p style=\"font-size: 22px;\"><b>Les pr\u00e9visions de trafic pour No\u00ebl et la fin de semaine en Auvergne-Rh\u00f4ne-Alpes<\/b><\/p>\n<p>Avec l&rsquo;arriv\u00e9e du r\u00e9veillon du 24 d\u00e9cembre, beaucoup&#8230;<\/p>\n<p><\/p>\n","protected":false},"excerpt":{"rendered":"Un train de la compagnie Trenitalia est tomb\u00e9 en panne entre Paris et Lyon ce jeudi 25 d\u00e9cembre,&hellip;\n","protected":false},"author":2,"featured_media":621839,"comment_status":"","ping_status":"","sticky":false,"template":"","format":"standard","meta":{"footnotes":""},"categories":[1889],"tags":[1111,11,2430,1777,674,1011,27,2428,12,63629,25,8948,2215,926,7582],"class_list":{"0":"post-621838","1":"post","2":"type-post","3":"status-publish","4":"format-standard","5":"has-post-thumbnail","7":"category-lyon","8":"tag-actu","9":"tag-actualites","10":"tag-auvergne-rhone-alpes","11":"tag-eu","12":"tag-europe","13":"tag-fr","14":"tag-france","15":"tag-lyon","16":"tag-news","17":"tag-nol","18":"tag-republique-francaise","19":"tag-retard","20":"tag-sncf","21":"tag-train","22":"tag-trenitalia"},"share_on_mastodon":{"url":"https:\/\/pubeurope.com\/@fr\/115781135235994493","error":""},"_links":{"self":[{"href":"https:\/\/www.europesays.com\/fr\/wp-json\/wp\/v2\/posts\/621838","targetHints":{"allow":["GET"]}}],"collection":[{"href":"https:\/\/www.europesays.com\/fr\/wp-json\/wp\/v2\/posts"}],"about":[{"href":"https:\/\/www.europesays.com\/fr\/wp-json\/wp\/v2\/types\/post"}],"author":[{"embeddable":true,"href":"https:\/\/www.europesays.com\/fr\/wp-json\/wp\/v2\/users\/2"}],"replies":[{"embeddable":true,"href":"https:\/\/www.europesays.com\/fr\/wp-json\/wp\/v2\/comments?post=621838"}],"version-history":[{"count":0,"href":"https:\/\/www.europesays.com\/fr\/wp-json\/wp\/v2\/posts\/621838\/revisions"}],"wp:featuredmedia":[{"embeddable":true,"href":"https:\/\/www.europesays.com\/fr\/wp-json\/wp\/v2\/media\/621839"}],"wp:attachment":[{"href":"https:\/\/www.europesays.com\/fr\/wp-json\/wp\/v2\/media?parent=621838"}],"wp:term":[{"taxonomy":"category","embeddable":true,"href":"https:\/\/www.europesays.com\/fr\/wp-json\/wp\/v2\/categories?post=621838"},{"taxonomy":"post_tag","embeddable":true,"href":"https:\/\/www.europesays.com\/fr\/wp-json\/wp\/v2\/tags?post=621838"}],"curies":[{"name":"wp","href":"https:\/\/api.w.org\/{rel}","templated":true}]}}