{"id":621842,"date":"2025-12-25T16:27:13","date_gmt":"2025-12-25T16:27:13","guid":{"rendered":"https:\/\/www.europesays.com\/fr\/621842\/"},"modified":"2025-12-25T16:27:13","modified_gmt":"2025-12-25T16:27:13","slug":"noel-en-decale-le-bon-plan-pour-alleger-la-facture-des-fetes","status":"publish","type":"post","link":"https:\/\/www.europesays.com\/fr\/621842\/","title":{"rendered":"No\u00ebl en d\u00e9cal\u00e9\u00a0: le bon plan pour all\u00e9ger la facture des f\u00eates"},"content":{"rendered":"<p class=\"\">F\u00eater No\u00ebl en d\u00e9cal\u00e9 peut ainsi s\u2019av\u00e9rer avantageux pour le portefeuille. \u00ab Certains des tracts de No\u00ebl, qui courent du mercredi 17 au mercredi 24 d\u00e9cembre, pourront \u00eatre prolong\u00e9s au-del\u00e0, selon les magasins, s\u2019il reste des produits, pointe un porte-parole de Coop\u00e9rative U. Ce sera s\u00fbrement le cas du foie gras, mais aussi des dindes et chapons. Cela sera d\u2019autant plus dans l\u2019int\u00e9r\u00eat des magasins de poursuivre ces op\u00e9rations promotionnelles que ces articles sont \u00e0 date courte et qu\u2019il faut les consommer assez rapidement. \u00bb<\/p>\n","protected":false},"excerpt":{"rendered":"F\u00eater No\u00ebl en d\u00e9cal\u00e9 peut ainsi s\u2019av\u00e9rer avantageux pour le portefeuille. \u00ab Certains des tracts de No\u00ebl, qui&hellip;\n","protected":false},"author":2,"featured_media":621843,"comment_status":"","ping_status":"","sticky":false,"template":"","format":"standard","meta":{"footnotes":""},"categories":[1888],"tags":[1111,1928,11,1927,130,33,1777,674,1011,27,12,1926,626,1925,25],"class_list":{"0":"post-621842","1":"post","2":"type-post","3":"status-publish","4":"format-standard","5":"has-post-thumbnail","7":"category-paris","8":"tag-actu","9":"tag-actu-paris","10":"tag-actualites","11":"tag-actualites-paris","12":"tag-consommation","13":"tag-economie","14":"tag-eu","15":"tag-europe","16":"tag-fr","17":"tag-france","18":"tag-news","19":"tag-news-paris","20":"tag-paris","21":"tag-paris-news","22":"tag-republique-francaise"},"share_on_mastodon":{"url":"https:\/\/pubeurope.com\/@fr\/115781149952717405","error":""},"_links":{"self":[{"href":"https:\/\/www.europesays.com\/fr\/wp-json\/wp\/v2\/posts\/621842","targetHints":{"allow":["GET"]}}],"collection":[{"href":"https:\/\/www.europesays.com\/fr\/wp-json\/wp\/v2\/posts"}],"about":[{"href":"https:\/\/www.europesays.com\/fr\/wp-json\/wp\/v2\/types\/post"}],"author":[{"embeddable":true,"href":"https:\/\/www.europesays.com\/fr\/wp-json\/wp\/v2\/users\/2"}],"replies":[{"embeddable":true,"href":"https:\/\/www.europesays.com\/fr\/wp-json\/wp\/v2\/comments?post=621842"}],"version-history":[{"count":0,"href":"https:\/\/www.europesays.com\/fr\/wp-json\/wp\/v2\/posts\/621842\/revisions"}],"wp:featuredmedia":[{"embeddable":true,"href":"https:\/\/www.europesays.com\/fr\/wp-json\/wp\/v2\/media\/621843"}],"wp:attachment":[{"href":"https:\/\/www.europesays.com\/fr\/wp-json\/wp\/v2\/media?parent=621842"}],"wp:term":[{"taxonomy":"category","embeddable":true,"href":"https:\/\/www.europesays.com\/fr\/wp-json\/wp\/v2\/categories?post=621842"},{"taxonomy":"post_tag","embeddable":true,"href":"https:\/\/www.europesays.com\/fr\/wp-json\/wp\/v2\/tags?post=621842"}],"curies":[{"name":"wp","href":"https:\/\/api.w.org\/{rel}","templated":true}]}}