{"id":621844,"date":"2025-12-25T16:28:12","date_gmt":"2025-12-25T16:28:12","guid":{"rendered":"https:\/\/www.europesays.com\/fr\/621844\/"},"modified":"2025-12-25T16:28:12","modified_gmt":"2025-12-25T16:28:12","slug":"moscou-a-fait-une-proposition-a-paris-sur-le-chercheur-emprisonne-laurent-vinatier-sa-famille-espere-quil-puisse-etre-libere-pendant-les-fetes","status":"publish","type":"post","link":"https:\/\/www.europesays.com\/fr\/621844\/","title":{"rendered":"Moscou a fait une \u00abproposition\u00bb \u00e0 Paris sur le chercheur emprisonn\u00e9 Laurent Vinatier, sa famille \u00abesp\u00e8re qu\u2019il puisse \u00eatre lib\u00e9r\u00e9 pendant les f\u00eates\u00bb"},"content":{"rendered":"<p>\n    \u00abIl y a eu des contacts appropri\u00e9s entre notre patrie et les Fran\u00e7ais. En effet, une proposition a \u00e9t\u00e9 faite aux Fran\u00e7ais concernant Vinatier\u00bb, a d\u00e9clar\u00e9 le porte-parole du Kremlin, Dmitri Peskov.<\/p>\n<p class=\"fig-paragraph\">La\u00a0<a href=\"http:\/\/www.lefigaro.fr\/international\/en-russie-ces-veuves-noires-qui-epousent-des-soldats-combattant-en-ukraine-pour-toucher-leurs-indemnites-20251224\" target=\"_blank\" data-fig-type=\"Article\" rel=\"noopener\" data-gtm-custom-categorie=\"navigation\" data-gtm-custom-action=\"crossclick\" data-gtm-custom-label=\"Contextuel\" data-gtm-event=\"customEventSPE\" data-fig-domain=\"LEFIGARO\">Russie<\/a>\u00a0a fait une \u00abproposition\u00bb \u00e0 la France concernant l&rsquo;affaire du chercheur fran\u00e7ais\u00a0<a href=\"http:\/\/www.lefigaro.fr\/actualite-france\/laurent-vinatier-accuse-d-espionnage-en-russie-enquete-prolongee-avant-un-possible-proces-le-28-fevrier-20251126\" data-fig-type=\"NewsFlash\" data-gtm-custom-categorie=\"navigation\" data-gtm-custom-action=\"crossclick\" data-gtm-custom-label=\"Contextuel\" data-gtm-event=\"customEventSPE\" data-fig-domain=\"LEFIGARO\" target=\"_blank\" rel=\"noopener\">Laurent Vinatier<\/a>, emprisonn\u00e9 en Russie depuis juin 2024 et qui pourrait \u00eatre jug\u00e9 pour \u00abespionnage\u00bb, a indiqu\u00e9 ce jeudi 25 d\u00e9cembre le Kremlin. \u00abIl y a eu des contacts appropri\u00e9s entre notre partie et les Fran\u00e7ais. En effet, une proposition a \u00e9t\u00e9 faite aux Fran\u00e7ais concernant Vinatier\u00bb, a d\u00e9clar\u00e9 le porte-parole du Kremlin, Dmitri Peskov, lors de son point de presse quotidien auquel participait l&rsquo;AFP. \u00abLa balle est dans le camp de la France maintenant\u00bb, a-t-il ajout\u00e9, sans plus de pr\u00e9cisions.<\/p>\n<p class=\"fig-paragraph\">Interrog\u00e9 sur ce sujet vendredi dernier lors de sa conf\u00e9rence de presse annuelle, le pr\u00e9sident russe Vladimir Poutine a affirm\u00e9 \u00abne rien savoir\u00bb de cette affaire et en entendre parler pour la premi\u00e8re fois. \u00abJe vous promets que je vais me renseigner. Et s\u2019il y a la moindre chance de r\u00e9soudre cette question de mani\u00e8re positive, si la loi russe le permet, nous ferons tout notre possible\u00bb, a-t-il alors assur\u00e9. La famille de Laurent Vinatier \u00abesp\u00e8re qu\u2019il puisse \u00eatre lib\u00e9r\u00e9 pendant les f\u00eates\u00bb de fin d\u2019ann\u00e9e d\u2019ici au No\u00ebl orthodoxe le 7 janvier, a d\u00e9clar\u00e9 jeudi son avocat, Me Fr\u00e9d\u00e9ric Belot, \u00e0 l\u2019AFP.<\/p>\n<p>                                            <a class=\"fig-a11y-skip\" href=\"#fig-a11y-skip-main-inarticle\" data-module=\"a11y-skip\" data-context=\"was @visible\"><br \/>\n    Passer la publicit\u00e9<br \/>\n<\/a>            <\/p>\n<p class=\"fig-paragraph\">\u00abNous avons toute confiance dans la diplomatie fran\u00e7aise qui fait son maximum\u00bb, a poursuivi Me Belot, esp\u00e9rant que le sort de Laurent Vinatier soit \u00e9voqu\u00e9 \u00e0 l\u2019occasion d\u2019un \u00e9change entre les pr\u00e9sidents russe Vladimir Poutine et fran\u00e7ais Emmanuel Macron. Laurent Vinatier a \u00e9t\u00e9 condamn\u00e9 en octobre 2024 par un tribunal russe \u00e0 trois ans de prison pour ne pas s\u2019\u00eatre enregistr\u00e9 en tant qu\u2019\u00abagent de l\u2019\u00e9tranger\u00bb, alors qu\u2019il collectait des \u00abinformations militaires\u00bb pouvant \u00eatre \u00abutilis\u00e9es contre la s\u00e9curit\u00e9\u00bb de la Russie. L\u2019int\u00e9ress\u00e9 avait reconnu les faits, mais plaid\u00e9 l\u2019ignorance.<\/p>\n<p>                                            Laurent Vinatier avait d\u00e9clar\u00e9 en ao\u00fbt ne s\u2019attendre \u00ab\u00e0 rien de bien, \u00e0 rien de positif\u00bb<\/p>\n<p class=\"fig-paragraph\">En ao\u00fbt, il avait comparu devant un tribunal russe pour des accusations d\u2019\u00abespionnage\u00bb qui, si elles \u00e9taient confirm\u00e9es, risqueraient d\u2019alourdir consid\u00e9rablement sa peine. L\u2019enqu\u00eate a \u00e9t\u00e9 prolong\u00e9e et il pourrait conna\u00eetre un nouveau proc\u00e8s pour espionnage fin f\u00e9vrier 2026, selon son avocat fran\u00e7ais. Laurent Vinatier avait d\u00e9clar\u00e9 en ao\u00fbt ne s\u2019attendre \u00ab\u00e0 rien de bien, \u00e0 rien de positif\u00bb apr\u00e8s avoir appris ces nouvelles accusations.<\/p>\n<p class=\"fig-paragraph\">Ce chercheur de 49 ans, sp\u00e9cialiste de l\u2019espace post-sovi\u00e9tique, \u00e9tait employ\u00e9 par le Centre pour le dialogue humanitaire, une ONG suisse qui fait de la m\u00e9diation dans des conflits hors des circuits diplomatiques officiels, notamment s\u2019agissant de l\u2019Ukraine. Paris a exig\u00e9 de Moscou la lib\u00e9ration de son ressortissant, accusant la Russie de chercher \u00e0 prendre des Occidentaux en otage, alors que les relations entre les deux pays sont au plus bas.<\/p>\n","protected":false},"excerpt":{"rendered":"\u00abIl y a eu des contacts appropri\u00e9s entre notre patrie et les Fran\u00e7ais. En effet, une proposition a&hellip;\n","protected":false},"author":2,"featured_media":621845,"comment_status":"","ping_status":"","sticky":false,"template":"","format":"standard","meta":{"footnotes":""},"categories":[1888],"tags":[1111,1928,11,1927,1777,674,1011,27,12,1926,626,1925,25,132,135],"class_list":{"0":"post-621844","1":"post","2":"type-post","3":"status-publish","4":"format-standard","5":"has-post-thumbnail","7":"category-paris","8":"tag-actu","9":"tag-actu-paris","10":"tag-actualites","11":"tag-actualites-paris","12":"tag-eu","13":"tag-europe","14":"tag-fr","15":"tag-france","16":"tag-news","17":"tag-news-paris","18":"tag-paris","19":"tag-paris-news","20":"tag-republique-francaise","21":"tag-russie","22":"tag-vladimir-poutine"},"share_on_mastodon":{"url":"https:\/\/pubeurope.com\/@fr\/115781153913044701","error":""},"_links":{"self":[{"href":"https:\/\/www.europesays.com\/fr\/wp-json\/wp\/v2\/posts\/621844","targetHints":{"allow":["GET"]}}],"collection":[{"href":"https:\/\/www.europesays.com\/fr\/wp-json\/wp\/v2\/posts"}],"about":[{"href":"https:\/\/www.europesays.com\/fr\/wp-json\/wp\/v2\/types\/post"}],"author":[{"embeddable":true,"href":"https:\/\/www.europesays.com\/fr\/wp-json\/wp\/v2\/users\/2"}],"replies":[{"embeddable":true,"href":"https:\/\/www.europesays.com\/fr\/wp-json\/wp\/v2\/comments?post=621844"}],"version-history":[{"count":0,"href":"https:\/\/www.europesays.com\/fr\/wp-json\/wp\/v2\/posts\/621844\/revisions"}],"wp:featuredmedia":[{"embeddable":true,"href":"https:\/\/www.europesays.com\/fr\/wp-json\/wp\/v2\/media\/621845"}],"wp:attachment":[{"href":"https:\/\/www.europesays.com\/fr\/wp-json\/wp\/v2\/media?parent=621844"}],"wp:term":[{"taxonomy":"category","embeddable":true,"href":"https:\/\/www.europesays.com\/fr\/wp-json\/wp\/v2\/categories?post=621844"},{"taxonomy":"post_tag","embeddable":true,"href":"https:\/\/www.europesays.com\/fr\/wp-json\/wp\/v2\/tags?post=621844"}],"curies":[{"name":"wp","href":"https:\/\/api.w.org\/{rel}","templated":true}]}}