{"id":621846,"date":"2025-12-25T16:29:15","date_gmt":"2025-12-25T16:29:15","guid":{"rendered":"https:\/\/www.europesays.com\/fr\/621846\/"},"modified":"2025-12-25T16:29:15","modified_gmt":"2025-12-25T16:29:15","slug":"quinte-du-vendredi-26-decembre-2025-en-nocturne-a-vincennes-les-pronostics","status":"publish","type":"post","link":"https:\/\/www.europesays.com\/fr\/621846\/","title":{"rendered":"Quint\u00e9 du vendredi 26 d\u00e9cembre 2025 en nocturne \u00e0 Vincennes : les pronostics"},"content":{"rendered":"<p class=\"article-p mdl\">Retrouvez les pronostics de Dominique Cordier pour le Quint\u00e9 du vendredi 26 d\u00e9cembre 2025 en nocturne \u00e0 Vincennes, le Prix de Compi\u00e8gne.<strong> D\u00e9part \u00e0 20h15. 15 partants. <\/strong>Trot attel\u00e9. 2.850 m\u00e8tres. Grande piste. Trotteurs m\u00e2les de 5 ans.&#13;<\/p>\n<p class=\"article-p mdl\">En trois tentatives, le <strong>8 Keller de l\u2019Iton <\/strong>n\u2019a certes pas encore gagn\u00e9 sur la grande piste, mais il a tout pour bien faire ici, sa forme actuelle et la drive d\u2019Eric Raffin, qui l\u2019a pr\u00e9f\u00e9r\u00e9 \u00e0 d\u2019autres.&#13;<\/p>\n<p class=\"article-p mdl\">Le <strong>12 Ketberny <\/strong>vient lui de se classer 2e pour ses d\u00e9buts \u00e0 Vincennes, sur la vitesse, une performance qui demande confirmation avec Franck Nivard.&#13;<\/p>\n<p class=\"article-p mdl\">Le <strong>3 King Kong Smile<\/strong> sera retenu pour la drive d\u2019Alexandre Abrivard, qui lui est associ\u00e9 pour la premi\u00e8re fois. Ce concurrent entra\u00een\u00e9 dans le Sud-Est a d\u00e9j\u00e0 bien couru ici : c\u2019est l\u2019outsider de RTL.&#13;<\/p>\n<p class=\"article-p mdl\">Dans cette g\u00e9n\u00e9ration de 5 ans o\u00f9 tout est possible, on peut retenir le <strong>11 Kerro de Houelle<\/strong>, voire le <strong>14 Kysko de Fa\u00ebl<\/strong>, ce dernier \u00e9tant d\u00e9cevant mais d\u00e9pendant toujours d\u2019une \u00e9curie de pointe.<\/p>\n<p>            Les pronostics<\/p>\n<p class=\"article-p mdl\">8. Keller de l\u2019Iton&#13;<br \/>12. Ketberny&#13;<br \/>3. King Kong Smile&#13;<br \/>9. Kador Josselyn&#13;<br \/>6. Keepsake Mossa&#13;<br \/>14. Kysko de Fa\u00ebl&#13;<br \/>11. Kerro de Houelle<\/p>\n<p>            L&rsquo;outsider de RTL<\/p>\n<p class=\"article-p mdl\">3. King Kong Smile<\/p>\n<p>            R\u00e9sultats du mercredi 24 d\u00e9cembre 2025 \u00e0 Vincennes<\/p>\n<p class=\"article-p mdl\">2e, le favori de RTL est battu par l\u2019outsider de RTL.<\/p>\n<p>    La r\u00e9daction vous recommande<\/p>\n<p class=\"s-newsletter__title\">\n                L\u2019actualit\u00e9 par la r\u00e9daction de RTL dans votre bo\u00eete mail.\n            <\/p>\n<p class=\"s-newsletter__subtitle\">\n                Gr\u00e2ce \u00e0 votre compte RTL abonnez-vous \u00e0 la newsletter RTL info pour suivre toute l&rsquo;actualit\u00e9 au quotidien\n            <\/p>\n<p>\n                                    Lire la suite\n                                <\/p>\n","protected":false},"excerpt":{"rendered":"Retrouvez les pronostics de Dominique Cordier pour le Quint\u00e9 du vendredi 26 d\u00e9cembre 2025 en nocturne \u00e0 Vincennes,&hellip;\n","protected":false},"author":2,"featured_media":3836,"comment_status":"","ping_status":"","sticky":false,"template":"","format":"standard","meta":{"footnotes":""},"categories":[1888],"tags":[11,2621,2622,1777,674,107,2619,1011,27,12,626,2623,362,25],"class_list":{"0":"post-621846","1":"post","2":"type-post","3":"status-publish","4":"format-standard","5":"has-post-thumbnail","7":"category-paris","8":"tag-actualites","9":"tag-chevaux","10":"tag-courses","11":"tag-eu","12":"tag-europe","13":"tag-fil-info","14":"tag-fil-sport","15":"tag-fr","16":"tag-france","17":"tag-news","18":"tag-paris","19":"tag-quinte","20":"tag-replay","21":"tag-republique-francaise"},"share_on_mastodon":{"url":"https:\/\/pubeurope.com\/@fr\/115781157881679846","error":""},"_links":{"self":[{"href":"https:\/\/www.europesays.com\/fr\/wp-json\/wp\/v2\/posts\/621846","targetHints":{"allow":["GET"]}}],"collection":[{"href":"https:\/\/www.europesays.com\/fr\/wp-json\/wp\/v2\/posts"}],"about":[{"href":"https:\/\/www.europesays.com\/fr\/wp-json\/wp\/v2\/types\/post"}],"author":[{"embeddable":true,"href":"https:\/\/www.europesays.com\/fr\/wp-json\/wp\/v2\/users\/2"}],"replies":[{"embeddable":true,"href":"https:\/\/www.europesays.com\/fr\/wp-json\/wp\/v2\/comments?post=621846"}],"version-history":[{"count":0,"href":"https:\/\/www.europesays.com\/fr\/wp-json\/wp\/v2\/posts\/621846\/revisions"}],"wp:featuredmedia":[{"embeddable":true,"href":"https:\/\/www.europesays.com\/fr\/wp-json\/wp\/v2\/media\/3836"}],"wp:attachment":[{"href":"https:\/\/www.europesays.com\/fr\/wp-json\/wp\/v2\/media?parent=621846"}],"wp:term":[{"taxonomy":"category","embeddable":true,"href":"https:\/\/www.europesays.com\/fr\/wp-json\/wp\/v2\/categories?post=621846"},{"taxonomy":"post_tag","embeddable":true,"href":"https:\/\/www.europesays.com\/fr\/wp-json\/wp\/v2\/tags?post=621846"}],"curies":[{"name":"wp","href":"https:\/\/api.w.org\/{rel}","templated":true}]}}