{"id":621849,"date":"2025-12-25T16:32:25","date_gmt":"2025-12-25T16:32:25","guid":{"rendered":"https:\/\/www.europesays.com\/fr\/621849\/"},"modified":"2025-12-25T16:32:25","modified_gmt":"2025-12-25T16:32:25","slug":"alors-que-les-attaques-russes-continuent-pendant-noel-volodymyr-zelensky-dit-avoir-affaire-a-des-barbares","status":"publish","type":"post","link":"https:\/\/www.europesays.com\/fr\/621849\/","title":{"rendered":"alors que les attaques russes continuent pendant No\u00ebl, Volodymyr Zelensky dit avoir \u00ab\u00a0affaire \u00e0\u00a0des barbares\u00a0\u00bb"},"content":{"rendered":"<p>   Le Kremlin affirme avoir fait une \u00ab\u00a0proposition\u00a0\u00bb \u00e0 la France concernant le chercheur Laurent Vinatier, emprisonn\u00e9 en Russie             <\/p>\n<p class=\"post__live-container--answer-text post__space-node\">\u00ab\u00a0Il y a eu des contacts appropri\u00e9s entre notre partie et les Fran\u00e7ais. En effet, une proposition a \u00e9t\u00e9 faite aux Fran\u00e7ais concernant [Laurent] Vinatier\u00a0\u00bb, chercheur emprisonn\u00e9 en Russie depuis juin\u00a02024, a d\u00e9clar\u00e9 le porte-parole du Kremlin, <a href=\"https:\/\/t.me\/tass_agency\/354361\" target=\"_blank\" rel=\"noopener\" title=\"Nouvelle fen\u00eatre\">Dmitri Peskov<\/a>, jeudi lors de son point presse quotidien. \u00ab\u00a0La balle est dans le camp de la France maintenant\u00a0\u00bb, a-t-il ajout\u00e9, sans plus de pr\u00e9cisions.<\/p>\n<p>                 <img decoding=\"async\" class=\"post__live-container--img post__space-node\"  src=\"https:\/\/www.europesays.com\/fr\/wp-content\/uploads\/2025\/12\/1766680345_146_bec8516_ftp-1-tb2whu0awhrq-5748926-01-06.jpg\" data- alt=\"Le chercheur fran\u00e7ais Laurent Vinatier, lors d\u2019une audience au tribunal de Zamoskvoretski, \u00e0 Moscou, le 16\u00a0septembre 2024.\"\/>   Le chercheur fran\u00e7ais Laurent Vinatier, lors d\u2019une audience au tribunal de Zamoskvoretski, \u00e0 Moscou, le 16\u00a0septembre 2024. ALEXANDER NEMENOV\/AFP               <\/p>\n<p class=\"post__live-container--answer-text post__space-node\">Lors de sa \u200bconf\u00e9rence de presse annuelle \u200dle 19\u00a0d\u00e9cembre, Vladimir \u200bPoutine avait \u200dd\u00e9clar\u00e9 ne rien conna\u00eetre du \u200bdossier et \u200cpromis de se \u200bpencher sur le cas du chercheur fran\u00e7ais, en r\u00e9ponse \u200c\u00e0 une question d\u2019un journaliste de TF1-LCI.<\/p>\n<p class=\"post__live-container--answer-text post__space-node\">Laurent Vinatier a \u00e9t\u00e9 condamn\u00e9 en octobre\u00a02024 par un tribunal russe \u00e0 trois ans de prison pour ne pas s\u2019\u00eatre enregistr\u00e9 en tant qu\u2019\u00ab\u00a0agent de l\u2019\u00e9tranger\u00a0\u00bb, alors qu\u2019il collectait des \u00ab\u00a0informations militaires\u00a0\u00bb pouvant \u00eatre \u00ab\u00a0utilis\u00e9es contre la s\u00e9curit\u00e9\u00a0\u00bb de la Russie. L\u2019int\u00e9ress\u00e9 avait reconnu les faits, mais plaid\u00e9 l\u2019ignorance.<\/p>\n<p class=\"post__live-container--answer-text post__space-node\">En ao\u00fbt, il avait comparu devant un tribunal russe pour des accusations d\u2019espionnage qui, si elles \u00e9taient confirm\u00e9es, risqueraient d\u2019alourdir consid\u00e9rablement sa peine. L\u2019enqu\u00eate a \u00e9t\u00e9 prolong\u00e9e et Laurent Vinatier pourrait conna\u00eetre un nouveau proc\u00e8s pour espionnage fin f\u00e9vrier\u00a02026, selon son avocat fran\u00e7ais. Le chercheur avait d\u00e9clar\u00e9 en ao\u00fbt ne s\u2019attendre \u00ab\u00a0\u00e0 rien de bien, \u00e0 rien de positif\u00a0\u00bb apr\u00e8s avoir appris ces nouvelles accusations.<\/p>\n<p class=\"post__live-container--answer-text post__space-node\">Sp\u00e9cialiste de l\u2019espace post-sovi\u00e9tique, \u00e2g\u00e9 de 49\u00a0ans, Laurent Vinatier \u00e9tait employ\u00e9 par le Centre pour le dialogue humanitaire, une ONG suisse qui fait de la m\u00e9diation dans des conflits hors des circuits diplomatiques officiels, notamment s\u2019agissant de l\u2019Ukraine.<\/p>\n<p class=\"post__live-container--answer-text post__space-node\">Paris a exig\u00e9 de Moscou la lib\u00e9ration de son ressortissant, accusant la Russie de chercher \u00e0 prendre des Occidentaux en otage, alors que les relations entre les deux pays sont au plus bas.<\/p>\n","protected":false},"excerpt":{"rendered":"Le Kremlin affirme avoir fait une \u00ab\u00a0proposition\u00a0\u00bb \u00e0 la France concernant le chercheur Laurent Vinatier, emprisonn\u00e9 en Russie&hellip;\n","protected":false},"author":2,"featured_media":621850,"comment_status":"","ping_status":"","sticky":false,"template":"","format":"standard","meta":{"footnotes":""},"categories":[1591],"tags":[11,1887,12,1885,1886,132],"class_list":{"0":"post-621849","1":"post","2":"type-post","3":"status-publish","4":"format-standard","5":"has-post-thumbnail","7":"category-russie","8":"tag-actualites","9":"tag-federation-de-russie","10":"tag-news","11":"tag-russia","12":"tag-russian-federation","13":"tag-russie"},"share_on_mastodon":{"url":"https:\/\/pubeurope.com\/@fr\/115781169910345393","error":""},"_links":{"self":[{"href":"https:\/\/www.europesays.com\/fr\/wp-json\/wp\/v2\/posts\/621849","targetHints":{"allow":["GET"]}}],"collection":[{"href":"https:\/\/www.europesays.com\/fr\/wp-json\/wp\/v2\/posts"}],"about":[{"href":"https:\/\/www.europesays.com\/fr\/wp-json\/wp\/v2\/types\/post"}],"author":[{"embeddable":true,"href":"https:\/\/www.europesays.com\/fr\/wp-json\/wp\/v2\/users\/2"}],"replies":[{"embeddable":true,"href":"https:\/\/www.europesays.com\/fr\/wp-json\/wp\/v2\/comments?post=621849"}],"version-history":[{"count":0,"href":"https:\/\/www.europesays.com\/fr\/wp-json\/wp\/v2\/posts\/621849\/revisions"}],"wp:featuredmedia":[{"embeddable":true,"href":"https:\/\/www.europesays.com\/fr\/wp-json\/wp\/v2\/media\/621850"}],"wp:attachment":[{"href":"https:\/\/www.europesays.com\/fr\/wp-json\/wp\/v2\/media?parent=621849"}],"wp:term":[{"taxonomy":"category","embeddable":true,"href":"https:\/\/www.europesays.com\/fr\/wp-json\/wp\/v2\/categories?post=621849"},{"taxonomy":"post_tag","embeddable":true,"href":"https:\/\/www.europesays.com\/fr\/wp-json\/wp\/v2\/tags?post=621849"}],"curies":[{"name":"wp","href":"https:\/\/api.w.org\/{rel}","templated":true}]}}