{"id":621851,"date":"2025-12-25T16:34:28","date_gmt":"2025-12-25T16:34:28","guid":{"rendered":"https:\/\/www.europesays.com\/fr\/621851\/"},"modified":"2025-12-25T16:34:28","modified_gmt":"2025-12-25T16:34:28","slug":"pour-noel-charles-iii-appelle-a-la-reconciliation-entoure-dune-chorale-venue-dukraine","status":"publish","type":"post","link":"https:\/\/www.europesays.com\/fr\/621851\/","title":{"rendered":"Pour No\u00ebl, Charles III appelle \u00e0 la \u00ab\u00a0r\u00e9conciliation\u00a0\u00bb entour\u00e9 d\u2019une chorale venue d\u2019Ukraine"},"content":{"rendered":"<ul class=\"jsx-862013697 ArticleChapo__List\">\n<li class=\"jsx-862013697 ArticleChapo__List_Item flex\">Le roi d\u2019Angleterre s\u2019est pli\u00e9 au discours annuel de No\u00ebl, diffus\u00e9 \u00e0 la t\u00e9l\u00e9vision britannique le 25 d\u00e9cembre \u00e0 15h p\u00e9tantes.<\/li>\n<li class=\"jsx-862013697 ArticleChapo__List_Item flex\">Son allocution aux accents tr\u00e8s politiques a rendu hommage \u00e0 la notion de p\u00e8lerinage qui fait signe \u00ab\u00a0d\u2019avancer vers l\u2019avenir tout en revenant vers le pass\u00e9 pour s\u2019en souvenir et en tirer des le\u00e7ons\u00a0\u00bb.<\/li>\n<li class=\"jsx-862013697 ArticleChapo__List_Item flex\">Une prise de parole conclue par une interpr\u00e9tation d\u2019un chant de No\u00ebl traditionnel par une chorale ukrainienne en tenues traditionnelles.<\/li>\n<\/ul>\n<p data-module=\"article-paragraph\" class=\"jsx-157965717 Paragraph Paragraph__End\">Dans un monde en constante \u00e9volution, certaines choses restent immuables. C&rsquo;est le cas du discours de No\u00ebl du souverain britannique qui inonde les ondes britanniques chaque 25 d\u00e9cembre depuis 1932. Charles III a poursuivi la tradition familiale ce jeudi avec une allocution qui, entre les lignes, r\u00e9v\u00e8le l&rsquo;\u00e9tat d&rsquo;esprit du roi d&rsquo;Angleterre. <a href=\"https:\/\/www.tf1info.fr\/culture\/royaume-uni-londres-pour-son-discours-de-noel-roi-charles-iii-choisit-un-lieu-inedit-en-lien-avec-sa-lutte-contre-le-cancer-2341080.html\" target=\"_blank\" rel=\"noopener\">Pour la deuxi\u00e8me fois depuis son accession au tr\u00f4ne<\/a>, le septuag\u00e9naire a fait le choix d\u2019enregistrer son discours hors des r\u00e9sidences royales. C\u2019est depuis l\u2019abbaye de Westminster qu&rsquo;il s\u2019est adress\u00e9 \u00e0 la nation britannique, en \u00e9cho au fil conducteur de son message : le p\u00e8lerinage.<\/p>\n<blockquote class=\"jsx-2786790838 Quote__Text\"><p>Avec la grande diversit\u00e9 de nos communaut\u00e9s, nous pouvons trouver la force de faire en sorte que le bien triomphe du mal<\/p><\/blockquote>\n<p>Charles III<\/p>\n<p data-module=\"article-paragraph\" class=\"jsx-157965717 Paragraph Paragraph__End\">Charles III a commenc\u00e9 en \u00e9voquant le \u00ab\u00a0moment historique d&rsquo;unit\u00e9 spirituelle\u00a0\u00bb qu&rsquo;a repr\u00e9sent\u00e9 son d\u00e9placement au Vatican en octobre dernier. <a href=\"https:\/\/www.tf1info.fr\/culture\/au-vatican-roi-charles-iii-prie-avec-le-pape-leon-xiv-a-la-chapelle-sixtine-une-premiere-en-500-ans-2402323.html\" target=\"_blank\" rel=\"noopener\">Une visite lors de laquelle il a pri\u00e9 avec le pape L\u00e9on XIV<\/a>, du jamais-vu depuis le schisme anglican au XVI\u1d49 si\u00e8cle. Cette rencontre a eu lieu alors que l&rsquo;\u00c9glise catholique c\u00e9l\u00e9brait son jubil\u00e9 sur le th\u00e8me \u00ab\u00a0P\u00e8lerins de l&rsquo;esp\u00e9rance\u00a0\u00bb. \u00ab\u00a0Le mot p\u00e8lerinage est moins employ\u00e9 aujourd\u2019hui, mais il a une signification particuli\u00e8re pour notre monde moderne, et surtout \u00e0 No\u00ebl : il s\u2019agit d\u2019avancer vers l\u2019avenir tout en revenant vers le pass\u00e9 pour s\u2019en souvenir et en tirer des le\u00e7ons\u00a0\u00bb, a d\u00e9clar\u00e9 le monarque.<\/p>\n<p data-module=\"article-paragraph\" class=\"jsx-157965717 Paragraph\">Le roi a aussi salu\u00e9 la transmission de la m\u00e9moire de la Seconde Guerre mondiale, apr\u00e8s les c\u00e9l\u00e9brations du 80e anniversaire de la fin de ce conflit. \u00ab\u00a0Le courage et le sacrifice de nos militaires, ainsi que la mani\u00e8re dont les communaut\u00e9s se sont rassembl\u00e9es face \u00e0 une si grande \u00e9preuve, portent pour nous un message intemporel. Ce sont toutes ces valeurs qui ont fa\u00e7onn\u00e9 notre pays et le Commonwealth\u00a0\u00bb, poursuit-il. \u00a0<\/p>\n<p data-module=\"article-paragraph\" class=\"jsx-157965717 Paragraph\">Il a salu\u00e9 aussi le \u00ab\u00a0courage spontan\u00e9\u00a0\u00bb de ceux qui aident dans les situations d&rsquo;urgence alors qu&rsquo;apparaissaient des images de l&rsquo;attaque de Bondi, en Australie, <a href=\"https:\/\/www.tf1info.fr\/international\/video-australie-attentat-antisemite-a-sydney-qui-est-ahmed-al-ahmad-le-heros-qui-a-desarme-l-un-des-tireurs-2412811.html\" target=\"_blank\" rel=\"noopener\">lors de laquelle un homme est intervenu pour arr\u00eater les terroristes<\/a>. Des photos du roi avec les survivants de l&rsquo;attaque de la synagogue de Manchester, <a href=\"https:\/\/www.tf1info.fr\/justice-faits-divers\/reportage-video-on-a-entendu-plein-de-sirenes-a-manchester-une-attaque-devant-une-synagogue-choque-la-communaute-juive-2398281.html\" target=\"_blank\" rel=\"noopener\">qui a fait deux morts d\u00e9but octobre<\/a>, ont aussi \u00e9t\u00e9 diffus\u00e9es.\u00a0<\/p>\n<p data-module=\"article-paragraph\" class=\"jsx-157965717 Paragraph Paragraph__End\">Qualifiant l&rsquo;\u00e9poque actuelle d'\u00a0\u00bbincertaine\u00a0\u00bb, Charles III estime qu&rsquo;avec \u00ab\u00a0la grande diversit\u00e9 de nos communaut\u00e9s, nous pouvons trouver la force de faire en sorte que le bien triomphe du mal\u00a0\u00bb. Certains commentateurs y verront une r\u00e9ponse au mouvement anti-immigration qui prend de l&rsquo;ampleur au Royaume-Uni.<\/p>\n<p>Pas d&rsquo;\u00e9vocation du cancer, ni d&rsquo;Andrew<\/p>\n<p data-module=\"article-paragraph\" class=\"jsx-157965717 Paragraph Paragraph__End\">\u00ab\u00a0Il me semble que nous devons ch\u00e9rir les valeurs de compassion et de r\u00e9conciliation\u00a0\u00bb, souligne-t-il. \u00ab\u00a0Alors que nous entendons parler de divisions, tant chez nous qu&rsquo;\u00e0 l&rsquo;\u00e9tranger, ce sont l\u00e0 des valeurs que nous ne devons jamais perdre de vue\u00a0\u00bb, insiste-t-il encore. \u00ab\u00a0Lorsque je rencontre des personnes de diff\u00e9rentes confessions, je trouve extr\u00eamement encourageant d\u2019entendre tout ce que nous avons en commun : un d\u00e9sir partag\u00e9 de paix et un profond respect pour toute vie\u00a0\u00bb, d\u00e9taille le roi, qui a toujours montr\u00e9 un int\u00e9r\u00eat pouss\u00e9 pour le dialogue interreligieux.\u00a0<\/p>\n<p><a href=\"https:\/\/www.tf1info.fr\/culture\/kate-middleton-fete-noel-a-la-television-en-jouant-du-piano-avec-sa-fille-la-princesse-charlotte-2414823.html\" rel=\"noopener\" class=\"jsx-3308031228 Link flex\" target=\"_blank\"><img decoding=\"async\" src=\"https:\/\/www.europesays.com\/fr\/wp-content\/uploads\/2025\/12\/kate-middleton-princesse-charlotte-noel-2025-f4f7b6-0@1x.jpeg\" alt=\"La princesse de Galles et sa fille Charlotte lors du concert &quot;Together for Christmas&quot;, le 5 d\u00e9cembre 2025 \u00e0 l'abbaye de Westminster \u00e0 Londres.\" loading=\"lazy\" importance=\"low\" fetchpriority=\"low\" class=\"\" aria-hidden=\"true\"\/><\/p>\n<p class=\"jsx-3657663356 ReadMoreArticle__Title\">Lire aussi<\/p>\n<p class=\"jsx-3657663356\">Kate Middleton f\u00eate No\u00ebl \u00e0 la t\u00e9l\u00e9vision en jouant du piano avec sa fille la princesse Charlotte<\/p>\n<p><\/a><\/p>\n<p data-module=\"article-paragraph\" class=\"jsx-157965717 Paragraph\">Ne cherchez pas d&rsquo;allusion \u00e0 sa vie priv\u00e9e dans son discours. Seuls Camilla, William, Kate et leurs enfants ont eu droit d&rsquo;appara\u00eetre dans les images d&rsquo;illustration en tant que membres actifs de la famille royale. Charles III a choisi de ne pas parler de son cancer, <a href=\"https:\/\/www.tf1info.fr\/culture\/royaume-uni-famille-royale-charles-iii-annonce-une-bonne-nouvelle-sur-son-cancer-traitement-reduit-en-2026-2412504.html\" target=\"_blank\" rel=\"noopener\">apr\u00e8s avoir annonc\u00e9 \u00e0 la t\u00e9l\u00e9vision que son traitement va \u00eatre \u00ab\u00a0r\u00e9duit\u00a0\u00bb en 2026<\/a>. Rien non plus sur son fr\u00e8re d\u00e9chu Andrew, <a href=\"https:\/\/www.tf1info.fr\/culture\/affaire-epstein-le-prince-andrew-dechu-de-ses-titres-et-expulse-charles-iii-frappe-fort-2403769.html\" target=\"_blank\" rel=\"noopener\">\u00e0 qui il a retir\u00e9 tous ses titres en novembre <\/a>\u00e0 cause de ses liens avec le p\u00e9docriminel Jeffrey Epstein. Son cadet n&rsquo;a m\u00eame pas assist\u00e9 \u00e0 la messe familiale ce jeudi \u00e0 Sandringham, contrairement \u00e0 ses filles Beatrice et Eugenie.<\/p>\n<p data-module=\"article-paragraph\" class=\"jsx-157965717 Paragraph Paragraph__End\">Le seul \u00e9l\u00e9ment personnel de ce discours r\u00e9side sans doute dans le choix de sa conclusion. Le roi a fait appel \u00e0 une chorale ukrainienne pour reprendre \u00ab\u00a0Carol of the Bells\u00a0\u00bb, un chant de No\u00ebl bien connu des Anglo-Saxons. Fervent soutien de Kiev, il a \u00e0 plusieurs reprises re\u00e7u Volodymyr Zelensky depuis le d\u00e9but de la guerre face \u00e0 la Russie il y a quatre ans.<\/p>\n<p>Delphine DE FREITAS avec AFP<\/p>\n","protected":false},"excerpt":{"rendered":"Le roi d\u2019Angleterre s\u2019est pli\u00e9 au discours annuel de No\u00ebl, diffus\u00e9 \u00e0 la t\u00e9l\u00e9vision britannique le 25 d\u00e9cembre&hellip;\n","protected":false},"author":2,"featured_media":621852,"comment_status":"","ping_status":"","sticky":false,"template":"","format":"standard","meta":{"footnotes":""},"categories":[1590],"tags":[1111,11,1921,581,1777,674,1922,3491,2041,12,973,473,132,220,133,2040,134],"class_list":{"0":"post-621851","1":"post","2":"type-post","3":"status-publish","4":"format-standard","5":"has-post-thumbnail","7":"category-ukraine","8":"tag-actu","9":"tag-actualites","10":"tag-article-video","11":"tag-charles-iii","12":"tag-eu","13":"tag-europe","14":"tag-info","15":"tag-manchester","16":"tag-medias-et-divertissement","17":"tag-news","18":"tag-people","19":"tag-royaume-uni","20":"tag-russie","21":"tag-ukraine","22":"tag-video","23":"tag-video-culture","24":"tag-volodymyr-zelensky"},"share_on_mastodon":{"url":"https:\/\/pubeurope.com\/@fr\/115781179022858147","error":""},"_links":{"self":[{"href":"https:\/\/www.europesays.com\/fr\/wp-json\/wp\/v2\/posts\/621851","targetHints":{"allow":["GET"]}}],"collection":[{"href":"https:\/\/www.europesays.com\/fr\/wp-json\/wp\/v2\/posts"}],"about":[{"href":"https:\/\/www.europesays.com\/fr\/wp-json\/wp\/v2\/types\/post"}],"author":[{"embeddable":true,"href":"https:\/\/www.europesays.com\/fr\/wp-json\/wp\/v2\/users\/2"}],"replies":[{"embeddable":true,"href":"https:\/\/www.europesays.com\/fr\/wp-json\/wp\/v2\/comments?post=621851"}],"version-history":[{"count":0,"href":"https:\/\/www.europesays.com\/fr\/wp-json\/wp\/v2\/posts\/621851\/revisions"}],"wp:featuredmedia":[{"embeddable":true,"href":"https:\/\/www.europesays.com\/fr\/wp-json\/wp\/v2\/media\/621852"}],"wp:attachment":[{"href":"https:\/\/www.europesays.com\/fr\/wp-json\/wp\/v2\/media?parent=621851"}],"wp:term":[{"taxonomy":"category","embeddable":true,"href":"https:\/\/www.europesays.com\/fr\/wp-json\/wp\/v2\/categories?post=621851"},{"taxonomy":"post_tag","embeddable":true,"href":"https:\/\/www.europesays.com\/fr\/wp-json\/wp\/v2\/tags?post=621851"}],"curies":[{"name":"wp","href":"https:\/\/api.w.org\/{rel}","templated":true}]}}