{"id":621859,"date":"2025-12-25T16:40:17","date_gmt":"2025-12-25T16:40:17","guid":{"rendered":"https:\/\/www.europesays.com\/fr\/621859\/"},"modified":"2025-12-25T16:40:17","modified_gmt":"2025-12-25T16:40:17","slug":"apres-les-sanctions-visant-thierry-breton-des-reactions-indignees-en-france-et-en-europe","status":"publish","type":"post","link":"https:\/\/www.europesays.com\/fr\/621859\/","title":{"rendered":"Apr\u00e8s les sanctions visant Thierry Breton, des r\u00e9actions indign\u00e9es en France et en Europe"},"content":{"rendered":"<p>L\u2019administration Trump a annonc\u00e9 mardi 23\u00a0d\u00e9cembre <a target=\"_self\" href=\"https:\/\/www.lanouvellerepublique.fr\/a-la-une\/regulation-de-la-tech-thierry-breton-et-quatre-autres-personnalites-europeennes-interdites-de-sejour-aux-etats-unis-1766559997\" rel=\"noopener\">des sanctions visant cinq personnalit\u00e9s europ\u00e9ennes engag\u00e9es pour une stricte r\u00e9gulation de la technologie et contre la d\u00e9sinformation en ligne<\/a>. Un ancien commissaire europ\u00e9en Fran\u00e7ais, Thierry Breton, qui fut \u00e9galement ministre, fait partie de cette liste. Les quatre autres personnes sanctionn\u00e9es sont des repr\u00e9sentants d\u2019ONG luttant contre la d\u00e9sinformation et la haine en ligne au Royaume-Uni et en Allemagne.<\/p>\n<p>Les agissements de ces personnes, qui se voient interdites de s\u00e9jour aux \u00c9tats-Unis, s\u2019apparentent \u00e0 de la \u00ab\u00a0censure\u00a0\u00bb au d\u00e9triment des int\u00e9r\u00eats am\u00e9ricains, a justifi\u00e9 le d\u00e9partement d\u2019\u00c9tat. \u00ab\u00a0Depuis trop longtemps, les id\u00e9ologues europ\u00e9ens m\u00e8nent des actions concert\u00e9es pour contraindre les plateformes am\u00e9ricaines \u00e0 sanctionner les opinions am\u00e9ricaines auxquelles ils s\u2019opposent\u00a0\u00bb, a fustig\u00e9 le chef de la diplomatie am\u00e9ricaine, Marco Rubio, sur X.<\/p>\n<p>Thierry Breton a, lui, d\u00e9nonc\u00e9 sur X, r\u00e9seau social appartenant au milliardaire am\u00e9ricain Elon Musk, un \u00ab\u00a0vent de maccarthysme\u00a0\u00bb aux \u00c9tats-Unis, en r\u00e9f\u00e9rence \u00e0 la chasse aux sorci\u00e8res anticommuniste men\u00e9e par le s\u00e9nateur am\u00e9ricain Joseph McCarthy dans les ann\u00e9es 1950. \u00ab\u00a0La censure n\u2019est pas l\u00e0 o\u00f9 vous le pensez\u00a0\u00bb, a-t-il lanc\u00e9 aux Am\u00e9ricains.<\/p>\n<p>\u00ab\u00a0Nous ne sommes pas une colonie des \u00c9tats-Unis\u00a0!\u00a0\u00bb<\/p>\n<p>L\u2019annonce de ces sanctions a provoqu\u00e9 <a target=\"_self\" href=\"https:\/\/www.lanouvellerepublique.fr\/a-la-une\/de-l-intimidation-comment-la-classe-politique-francaise-reagit-elle-aux-sanctions-americaines-a-l-encontre-de-thierry-breton-1766591990\" rel=\"noopener\">nombre de r\u00e9actions en France<\/a>. \u00ab\u00a0Ces mesures rel\u00e8vent de l\u2019intimidation et de la coercition \u00e0 l\u2019encontre de la souverainet\u00e9 num\u00e9rique europ\u00e9enne\u00a0\u00bb, a d\u00e9nonc\u00e9 sur X Emmanuel Macron, promettant de continuer \u00e0 d\u00e9fendre \u00ab\u00a0notre autonomie r\u00e9glementaire\u00a0\u00bb. Jean-No\u00ebl Barrot, le ministre des Affaires \u00e9trang\u00e8res, a affirm\u00e9, \u00e9galement sur X, que \u00ab\u00a0les peuples de l\u2019Europe sont libres et souverains et ne sauraient se faire imposer par d\u2019autres les r\u00e8gles s\u2019appliquant \u00e0 leur espace num\u00e9rique\u00a0\u00bb.<\/p>\n<p>\u00ab\u00a0Nous ne sommes pas une colonie des \u00c9tats-Unis\u00a0! Nous sommes Europ\u00e9ens, nous devons d\u00e9fendre nos lois, nos principes, nos int\u00e9r\u00eats\u00a0\u00bb, a temp\u00eat\u00e9 le d\u00e9put\u00e9 europ\u00e9en social-d\u00e9mocrate Rapha\u00ebl Glucksmann sur X. Gabriel Attal, le secr\u00e9taire g\u00e9n\u00e9ral de Renaissance, a interpell\u00e9 son homologue du RN, Jordan Bardella\u00a0: \u00ab\u00a0Les admirateurs fran\u00e7ais de Donald Trump trouveront-ils l\u2019\u00e9nergie de r\u00e9agir face \u00e0 une nouvelle remise en cause de notre souverainet\u00e9 par un pays pourtant alli\u00e9\u00a0?\u00a0\u00bb, s\u2019est-il demand\u00e9. Au RN, justement, les avis \u00e9taient partag\u00e9s. \u00ab\u00a0L\u2019administration Trump non seulement se trompe sur le fond mais se trompe sur l\u2019image qu\u2019elle renvoie des \u00c9tats-Unis au monde entier\u00a0\u00bb, a ainsi critiqu\u00e9 son vice-pr\u00e9sident, S\u00e9bastien Chenu, sur RTL.<\/p>\n<p>L\u2019ambigu\u00eft\u00e9 du RN<\/p>\n<p>En revanche, deux eurod\u00e9put\u00e9es RN ont montr\u00e9 de la compr\u00e9hension vis-\u00e0-vis de la d\u00e9cision am\u00e9ricaine. \u00ab\u00a0Thierry Breton avait menac\u00e9 (en 2024) le propri\u00e9taire du r\u00e9seau social (X) de (faire) respecter les r\u00e9glementations de l\u2019UE.\u00a0Un visa enlev\u00e9 un an et demi apr\u00e8s, ils ont fait preuve de beaucoup de patience\u00a0!\u00a0\u00bb, a jug\u00e9 ainsi Virginie Joron en r\u00e9f\u00e9rence aux diff\u00e9rends entre Elon Musk et l\u2019UE. Les \u00c9tats-Unis \u00ab\u00a0ne se sacrifieront pas pour un continent sans libert\u00e9s o\u00f9 l\u2019on annule m\u00eame des \u00e9lections\u00a0\u00bb, en r\u00e9f\u00e9rence \u00e0 la pr\u00e9sidentielle roumaine, a rench\u00e9ri Catherine Griset.<\/p>\n<p>Plusieurs repr\u00e9sentants d\u2019institutions europ\u00e9ennes ont \u00e9galement r\u00e9agi avec vigueur \u00e0 l\u2019annonce de ces sanctions. Ursula von\u00a0der\u00a0Leyen, la pr\u00e9sidente de la Commission, a soulign\u00e9 sur X que \u00ab\u00a0la libert\u00e9 d\u2019expression est la base de notre d\u00e9mocratie europ\u00e9enne forte et vivante. Nous en sommes fiers, nous la prot\u00e9gerons\u00a0\u00bb. La pr\u00e9sidente du Parlement europ\u00e9en Roberta Metsola a qualifi\u00e9 ces sanctions \u00ab\u00a0d\u2019inacceptables\u00a0\u00bb et enjoint aux \u00c9tats-Unis de \u00ab\u00a0les annuler rapidement\u00a0\u00bb.<\/p>\n","protected":false},"excerpt":{"rendered":"L\u2019administration Trump a annonc\u00e9 mardi 23\u00a0d\u00e9cembre des sanctions visant cinq personnalit\u00e9s europ\u00e9ennes engag\u00e9es pour une stricte r\u00e9gulation de&hellip;\n","protected":false},"author":2,"featured_media":621860,"comment_status":"","ping_status":"","sticky":false,"template":"","format":"standard","meta":{"footnotes":""},"categories":[1586],"tags":[328,11,1073,73,1777,674,1011,27,329,74,12,316,25],"class_list":{"0":"post-621859","1":"post","2":"type-post","3":"status-publish","4":"format-standard","5":"has-post-thumbnail","7":"category-europe","8":"tag-a-la-une","9":"tag-actualites","10":"tag-emmanuel-macron","11":"tag-etats-unis","12":"tag-eu","13":"tag-europe","14":"tag-fr","15":"tag-france","16":"tag-france-monde","17":"tag-monde","18":"tag-news","19":"tag-politique","20":"tag-republique-francaise"},"share_on_mastodon":{"url":"https:\/\/pubeurope.com\/@fr\/115781200950028296","error":""},"_links":{"self":[{"href":"https:\/\/www.europesays.com\/fr\/wp-json\/wp\/v2\/posts\/621859","targetHints":{"allow":["GET"]}}],"collection":[{"href":"https:\/\/www.europesays.com\/fr\/wp-json\/wp\/v2\/posts"}],"about":[{"href":"https:\/\/www.europesays.com\/fr\/wp-json\/wp\/v2\/types\/post"}],"author":[{"embeddable":true,"href":"https:\/\/www.europesays.com\/fr\/wp-json\/wp\/v2\/users\/2"}],"replies":[{"embeddable":true,"href":"https:\/\/www.europesays.com\/fr\/wp-json\/wp\/v2\/comments?post=621859"}],"version-history":[{"count":0,"href":"https:\/\/www.europesays.com\/fr\/wp-json\/wp\/v2\/posts\/621859\/revisions"}],"wp:featuredmedia":[{"embeddable":true,"href":"https:\/\/www.europesays.com\/fr\/wp-json\/wp\/v2\/media\/621860"}],"wp:attachment":[{"href":"https:\/\/www.europesays.com\/fr\/wp-json\/wp\/v2\/media?parent=621859"}],"wp:term":[{"taxonomy":"category","embeddable":true,"href":"https:\/\/www.europesays.com\/fr\/wp-json\/wp\/v2\/categories?post=621859"},{"taxonomy":"post_tag","embeddable":true,"href":"https:\/\/www.europesays.com\/fr\/wp-json\/wp\/v2\/tags?post=621859"}],"curies":[{"name":"wp","href":"https:\/\/api.w.org\/{rel}","templated":true}]}}