{"id":621861,"date":"2025-12-25T16:42:46","date_gmt":"2025-12-25T16:42:46","guid":{"rendered":"https:\/\/www.europesays.com\/fr\/621861\/"},"modified":"2025-12-25T16:42:46","modified_gmt":"2025-12-25T16:42:46","slug":"la-france-et-lue-condamnent-les-sanctions-americaines-contre-cinq-personnalites-europeennes","status":"publish","type":"post","link":"https:\/\/www.europesays.com\/fr\/621861\/","title":{"rendered":"La France et l\u2019UE condamnent les sanctions am\u00e9ricaines contre cinq personnalit\u00e9s europ\u00e9ennes"},"content":{"rendered":"<p textalign=\"\" class=\"\">Emmanuel Macron et la classe politique fran\u00e7aise en g\u00e9n\u00e9ral, \u00e0 l&rsquo;exception de certaines voix au RN, ont condamn\u00e9 mercredi la d\u00e9cision de l&rsquo;administration Trump d&rsquo;interdire de s\u00e9jour l&rsquo;ancien commissaire europ\u00e9en Thierry Breton et quatre personnalit\u00e9s europ\u00e9ennes pour leur volont\u00e9 de r\u00e9guler les plateformes num\u00e9riques, y voyant une atteinte \u00e0 la souverainet\u00e9 europ\u00e9enne.<\/p>\n<p textalign=\"left\" class=\"\">\u00ab\u00a0Ces mesures rel\u00e8vent de l\u2019intimidation et de la coercition \u00e0 l\u2019encontre de la souverainet\u00e9 num\u00e9rique europ\u00e9enne\u00a0\u00bb,\u00a0 a d\u00e9nonc\u00e9 sur X le pr\u00e9sident fran\u00e7ais, promettant de continuer \u00e0 d\u00e9fendre \u00ab\u00a0notre autonomie r\u00e9glementaire\u00a0\u00bb.<\/p>\n<p textalign=\"left\" class=\"\">L&rsquo;administration Trump a annonc\u00e9 mardi des sanctions, sous la forme d&rsquo;une interdiction de s\u00e9jour aux \u00c9tats-Unis, contre cinq personnalit\u00e9s europ\u00e9ennes engag\u00e9es pour une stricte r\u00e9gulation de la tech et contre la d\u00e9sinformation en ligne, dont Thierry Breton qui a lui-m\u00eame d\u00e9nonc\u00e9 un \u00ab\u00a0vent de maccarthysme\u00a0\u00bb.<\/p>\n<p textalign=\"left\" class=\"\">Commissaire au March\u00e9 int\u00e9rieur de 2019 \u00e0 2024, le Fran\u00e7ais avait \u00e9t\u00e9 l&rsquo;artisan de la directive europ\u00e9enne sur les services num\u00e9riques (DSA) qui impose aux plateformes des r\u00e9gulations, comme le signalement de contenus probl\u00e9matiques, jug\u00e9es par les Etats-Unis comme une atteinte \u00e0 la libert\u00e9 d&rsquo;expression.<\/p>\n<p textalign=\"left\" class=\"\">Ce cadre europ\u00e9en, qui \u00ab\u00a0a \u00e9t\u00e9 adopt\u00e9 d\u00e9mocratiquement\u00a0\u00bb, \u00ab\u00a0s&rsquo;inscrit strictement dans le champ de comp\u00e9tence europ\u00e9en et ne vise aucun pays tiers\u00a0\u00bb, a rappel\u00e9 le ministre de l&rsquo;Economie, Roland Lescure, sur le r\u00e9seau Bluesky, concurrent de X.<\/p>\n<p><a data-link-preview=\"\" href=\"https:\/\/www.trtfrancais.com\/article\/18258756\" target=\"_blank\" rel=\"noopener noreferrer\" dir=\"ltr\" class=\"relative flex w-full px-4 py-3 flex-col items-start gap-6 rounded bg-[#F1F1F1] border-l-0 transition-all duration-200 ease-in-out box-border mb-4 hover:bg-[#F9F9F9] hover:shadow-[0_4px_6px_-1px_rgba(0,0,0,0.1),0_-4px_6px_-1px_rgba(0,0,0,0.06),4px_0_6px_-1px_rgba(0,0,0,0.06)] focus:bg-[#F9F9F9] focus:shadow-[0_4px_6px_-1px_rgba(0,0,0,0.1),0_-4px_6px_-1px_rgba(0,0,0,0.06),4px_0_6px_-1px_rgba(0,0,0,0.06)] before:content-[&quot;&quot;] before:absolute before:left-0 before:top-0 before:bottom-0 before:w-[3px] before:rounded-l-md before:bg-[#01ABD9]\"><img decoding=\"async\" class=\"flex justify-center items-center rounded-md !w-20 !h-20 aspect-square flex-shrink-0 sm:rounded md:rounded-md lg:!w-[84px] lg:!h-[84px] lg:rounded xl:rounded-md\" src=\"https:\/\/www.europesays.com\/fr\/wp-content\/uploads\/2025\/12\/9795568_0-272-5597-3152.jpeg\"\/><\/p>\n<p>En Relation<\/p>\n<p><\/a><\/p>\n<p textalign=\"left\" class=\"\"><strong>R\u00e9actions des politiques<\/strong><\/p>\n<p textalign=\"left\" class=\"\">Plusieurs eurod\u00e9put\u00e9s fran\u00e7ais sont \u00e9galement mont\u00e9s au cr\u00e9neau.<\/p>\n<p textalign=\"left\" class=\"\">\u00ab\u00a0Nous ne sommes pas une colonie des \u00c9tats-Unis! Nous sommes Europ\u00e9ens, nous devons d\u00e9fendre nos lois, nos principes, nos int\u00e9r\u00eats\u00a0\u00bb, a temp\u00eat\u00e9 le social-d\u00e9mocrate Rapha\u00ebl Glucksmann sur X.<\/p>\n<p textalign=\"left\" class=\"\">Pour Nathalie Loiseau (Horizons), \u00ab\u00a0ne nous y trompons pas : derri\u00e8re cette mesure, c\u2019est la souverainet\u00e9 des Europ\u00e9ens \u00e0 d\u00e9cider de leurs lois et \u00e0 les faire appliquer qui est attaqu\u00e9e\u00a0\u00bb.\u00a0<\/p>\n<p textalign=\"left\" class=\"\">Le leader du parti Renaissance, Gabriel Attal, a lanc\u00e9 une pique \u00e0 son homologue du RN, Jordan Bardella.\u00a0<\/p>\n<p textalign=\"left\" class=\"\">\u00ab\u00a0Les admirateurs fran\u00e7ais de Donald Trump trouveront-ils l&rsquo;\u00e9nergie de r\u00e9agir face \u00e0 une nouvelle remise en cause de notre souverainet\u00e9 par un pays pourtant alli\u00e9 ?\u00a0\u00bb, a-t-il lanc\u00e9, en r\u00e9f\u00e9rence \u00e0 la vid\u00e9o devenue virale dans laquelle M. Bardella se demandait o\u00f9 le pr\u00e9sident am\u00e9ricain trouvait \u00ab\u00a0toute cette \u00e9nergie\u00a0\u00bb.<\/p>\n","protected":false},"excerpt":{"rendered":"Emmanuel Macron et la classe politique fran\u00e7aise en g\u00e9n\u00e9ral, \u00e0 l&rsquo;exception de certaines voix au RN, ont condamn\u00e9&hellip;\n","protected":false},"author":2,"featured_media":621862,"comment_status":"","ping_status":"","sticky":false,"template":"","format":"standard","meta":{"footnotes":""},"categories":[1586],"tags":[11,1777,674,1779,1011,27,12,25,1778,364],"class_list":{"0":"post-621861","1":"post","2":"type-post","3":"status-publish","4":"format-standard","5":"has-post-thumbnail","7":"category-europe","8":"tag-actualites","9":"tag-eu","10":"tag-europe","11":"tag-european-union","12":"tag-fr","13":"tag-france","14":"tag-news","15":"tag-republique-francaise","16":"tag-ue","17":"tag-union-europeenne"},"share_on_mastodon":{"url":"https:\/\/pubeurope.com\/@fr\/115781214214653482","error":""},"_links":{"self":[{"href":"https:\/\/www.europesays.com\/fr\/wp-json\/wp\/v2\/posts\/621861","targetHints":{"allow":["GET"]}}],"collection":[{"href":"https:\/\/www.europesays.com\/fr\/wp-json\/wp\/v2\/posts"}],"about":[{"href":"https:\/\/www.europesays.com\/fr\/wp-json\/wp\/v2\/types\/post"}],"author":[{"embeddable":true,"href":"https:\/\/www.europesays.com\/fr\/wp-json\/wp\/v2\/users\/2"}],"replies":[{"embeddable":true,"href":"https:\/\/www.europesays.com\/fr\/wp-json\/wp\/v2\/comments?post=621861"}],"version-history":[{"count":0,"href":"https:\/\/www.europesays.com\/fr\/wp-json\/wp\/v2\/posts\/621861\/revisions"}],"wp:featuredmedia":[{"embeddable":true,"href":"https:\/\/www.europesays.com\/fr\/wp-json\/wp\/v2\/media\/621862"}],"wp:attachment":[{"href":"https:\/\/www.europesays.com\/fr\/wp-json\/wp\/v2\/media?parent=621861"}],"wp:term":[{"taxonomy":"category","embeddable":true,"href":"https:\/\/www.europesays.com\/fr\/wp-json\/wp\/v2\/categories?post=621861"},{"taxonomy":"post_tag","embeddable":true,"href":"https:\/\/www.europesays.com\/fr\/wp-json\/wp\/v2\/tags?post=621861"}],"curies":[{"name":"wp","href":"https:\/\/api.w.org\/{rel}","templated":true}]}}