{"id":621865,"date":"2025-12-25T16:45:31","date_gmt":"2025-12-25T16:45:31","guid":{"rendered":"https:\/\/www.europesays.com\/fr\/621865\/"},"modified":"2025-12-25T16:45:31","modified_gmt":"2025-12-25T16:45:31","slug":"la-femme-de-menage-debarque-sur-grand-ecran-et-cest-plutot-divertissant","status":"publish","type":"post","link":"https:\/\/www.europesays.com\/fr\/621865\/","title":{"rendered":"\u00ab\u00a0La femme de m\u00e9nage\u00a0\u00bb d\u00e9barque sur grand \u00e9cran et c&rsquo;est plut\u00f4t divertissant"},"content":{"rendered":"<p>Apr\u00e8s avoir inond\u00e9 les foyers avec plus de 7,5 millions d&rsquo;exemplaires vendus en France cette ann\u00e9e, le roman \u00ab\u00a0La Femme de m\u00e9nage\u00a0\u00bb sort au cin\u00e9ma ce mercredi 24 d\u00e9cembre. Sydney Sweeney et Amanda Seyfried incarnent les r\u00f4les phares de ce thriller psychologique qui se laisse regarder.<\/p>\n<p>Millie, jeune fille r\u00e9serv\u00e9e, mais pleine de bonne volont\u00e9, cherche un nouveau d\u00e9part, afin de ne plus dormir dans sa voiture d\u00e9glingu\u00e9e. Comme par miracle, un poste de femme de m\u00e9nage se lib\u00e8re chez les Winchester, un couple aussi riche qu&rsquo;\u00e9nigmatique. Logeant sur place, dans une chambre minuscule sous les toits, Millie d\u00e9couvre une atmosph\u00e8re tendue et oppressante derri\u00e8re le vernis parfait de ses logeurs.<\/p>\n<p>Traduit en fran\u00e7ais en 2023, \u00ab\u00a0La Femme de m\u00e9nage\u00a0\u00bb de l&rsquo;autrice am\u00e9ricaine\u00a0Freida McFadden a s\u00e9duit des milliers de lecteurs et lectrices \u00e0 travers le monde gr\u00e2ce \u00e0 son \u00e9criture efficace et son twist litt\u00e9raire redoutable. Et ceci malgr\u00e9 des personnages masculins caricaturaux (ndlr: Andrew le mari est d&rsquo;une beaut\u00e9 d\u00e9vastatrice, tout comme le jardinier, incroyablement muscl\u00e9 et tatou\u00e9), et des femmes qui apparaissent au mieux comme des \u00e9cervel\u00e9es, au pire comme des t\u00eates \u00e0 claques, voire des psychopathes.<\/p>\n<p>Contenu externe<\/p>\n<p> Ce contenu externe ne peut pas \u00eatre affich\u00e9 car il est susceptible de collecter des donn\u00e9es personnelles. Pour voir ce contenu vous devez autoriser la cat\u00e9gorie <strong>R\u00e9seaux sociaux<\/strong>. <\/p>\n<p> Accepter Plus d&rsquo;info <\/p>\n<p>    D\u00e9\u00e7ue en bien<\/p>\n<p>Adapt\u00e9 au cin\u00e9ma par le r\u00e9alisateur am\u00e9ricain Paul Feig, \u00ab\u00a0La Femme de m\u00e9nage\u00a0\u00bb peut compter sur un casting de haut vol pour le plaisir des yeux. Sydney Sweeney, que l&rsquo;on a pu voir dans les s\u00e9ries\u00a0\u00ab\u00a0Euphoria\u00a0\u00bb\u00a0et\u00a0\u00ab\u00a0The White Lotus\u00a0\u00bb incarne Millie. Dans les r\u00f4les sexy du mari et du jardinier, on retrouve Brandon Sklenar et Michele Morrone. Quant \u00e0 Amanda Seyfried, elle interpr\u00e8te une Nina Winchester beaucoup plus svelte que celle du roman. On excusera cette incartade gr\u00e2ce \u00e0 son excellent jeu de com\u00e9dienne, incarnant une femme aussi gla\u00e7ante que chaleureuse, \u00e0 la fois touchante et inqui\u00e9tante.<\/p>\n<p>Si vous avez lu \u00ab\u00a0La Femme de m\u00e9nage\u00a0\u00bb, vous ne serez pas surpris par le film puisqu&rsquo;il en est une adaptation fid\u00e8le. Il n&#8217;emp\u00eache, on se laisse quand m\u00eame prendre par l&rsquo;ambiance malsaine, les d\u00e9cors beaux et glac\u00e9s et le c\u00f4t\u00e9 plus spectaculaire de la violence psychique et physique. Les petites touches d&rsquo;humour et le c\u00f4t\u00e9 \u00ab\u00a0revenge movie\u00a0\u00bb (film de vengeance) font qu&rsquo;au final on passe quand m\u00eame un moment divertissant.<\/p>\n<p>Note: 3\/5<\/p>\n<p> &gt;&gt; Voir aussi le sujet du 19h30 sur le film\u00a0:   <img decoding=\"async\" class=\"embed-responsive-item\" loading=\"lazy\" src=\"https:\/\/www.europesays.com\/fr\/wp-content\/uploads\/2025\/12\/7jotr3-29100264.image\" alt=\"\u00ab La femme de m\u00e9nage \u00bb : le thriller ph\u00e9nom\u00e8ne adapt\u00e9 au cin\u00e9ma\"\/>    \u00ab La femme de m\u00e9nage \u00bb : le thriller ph\u00e9nom\u00e8ne adapt\u00e9 au cin\u00e9ma \/ 19h30 \/ 1 min. \/ hier \u00e0 19:30 <\/p>\n<p class=\"sources\">Sarah Cl\u00e9ment<\/p>\n<p class=\"article-footnote\">\u00ab\u00a0La Femme de m\u00e9nage\u00a0\u00bb de Paul Feig, avec Sydney Sweeney, Amanda Seyfried, Brandon Sklenar et <br \/>Michele Morrone. Au cin\u00e9ma depuis le 24 d\u00e9cembre 2025.<\/p>\n","protected":false},"excerpt":{"rendered":"Apr\u00e8s avoir inond\u00e9 les foyers avec plus de 7,5 millions d&rsquo;exemplaires vendus en France cette ann\u00e9e, le roman&hellip;\n","protected":false},"author":2,"featured_media":621866,"comment_status":"","ping_status":"","sticky":false,"template":"","format":"standard","meta":{"footnotes":""},"categories":[2],"tags":[11,49437,1693,73148,650,2081,1011,27,24032,24562,73149,12,73150,25,2004,41445,5883],"class_list":{"0":"post-621865","1":"post","2":"type-post","3":"status-publish","4":"format-standard","5":"has-post-thumbnail","7":"category-actualites","8":"tag-actualites","9":"tag-amanda-seyfried","10":"tag-arts-et-divertissement","11":"tag-brandon-sklenar","12":"tag-cinema","13":"tag-film","14":"tag-fr","15":"tag-france","16":"tag-freida-mcfadden","17":"tag-la-femme-de-menage","18":"tag-michele-morrone","19":"tag-news","20":"tag-paul-feig","21":"tag-republique-francaise","22":"tag-roman","23":"tag-sydney-sweeney","24":"tag-thriller"},"share_on_mastodon":{"url":"https:\/\/pubeurope.com\/@fr\/115781222412850974","error":""},"_links":{"self":[{"href":"https:\/\/www.europesays.com\/fr\/wp-json\/wp\/v2\/posts\/621865","targetHints":{"allow":["GET"]}}],"collection":[{"href":"https:\/\/www.europesays.com\/fr\/wp-json\/wp\/v2\/posts"}],"about":[{"href":"https:\/\/www.europesays.com\/fr\/wp-json\/wp\/v2\/types\/post"}],"author":[{"embeddable":true,"href":"https:\/\/www.europesays.com\/fr\/wp-json\/wp\/v2\/users\/2"}],"replies":[{"embeddable":true,"href":"https:\/\/www.europesays.com\/fr\/wp-json\/wp\/v2\/comments?post=621865"}],"version-history":[{"count":0,"href":"https:\/\/www.europesays.com\/fr\/wp-json\/wp\/v2\/posts\/621865\/revisions"}],"wp:featuredmedia":[{"embeddable":true,"href":"https:\/\/www.europesays.com\/fr\/wp-json\/wp\/v2\/media\/621866"}],"wp:attachment":[{"href":"https:\/\/www.europesays.com\/fr\/wp-json\/wp\/v2\/media?parent=621865"}],"wp:term":[{"taxonomy":"category","embeddable":true,"href":"https:\/\/www.europesays.com\/fr\/wp-json\/wp\/v2\/categories?post=621865"},{"taxonomy":"post_tag","embeddable":true,"href":"https:\/\/www.europesays.com\/fr\/wp-json\/wp\/v2\/tags?post=621865"}],"curies":[{"name":"wp","href":"https:\/\/api.w.org\/{rel}","templated":true}]}}