{"id":621869,"date":"2025-12-25T16:51:19","date_gmt":"2025-12-25T16:51:19","guid":{"rendered":"https:\/\/www.europesays.com\/fr\/621869\/"},"modified":"2025-12-25T16:51:19","modified_gmt":"2025-12-25T16:51:19","slug":"transferts-top-14-pro-d2-un-international-francais-sengage-a-valence-romans","status":"publish","type":"post","link":"https:\/\/www.europesays.com\/fr\/621869\/","title":{"rendered":"Transferts. Top 14 \/ Pro D2 &#8211; Un international fran\u00e7ais s&rsquo;engage \u00e0 Valence-Romans !"},"content":{"rendered":"<p>\n                Valence-Romans vient d&rsquo;annoncer sa premi\u00e8re recrue pour la saison 2026-2027. L&rsquo;actuel troisi\u00e8me de Pro D2 r\u00e9alise un sacr\u00e9 coup en attirant le troisi\u00e8me ligne Marco Tauleigne, international fran\u00e7ais et champion de France avec Montpellier en 2022.\n            <\/p>\n<p>Un cadeau de No\u00ebl de plus sous le sapin des supporters de Valence-Romans. En ce jour du 25 d\u00e9cembre, le VRDR vient d&rsquo;annoncer la signature pour les deux prochaines saisons du troisi\u00e8me ligne Marco Tauleigne. Le Montpelli\u00e9rain, qui arrivait en fin de contrat au MHR en juin 2026, rejoindra l&rsquo;\u00e9quipe entra\u00een\u00e9e par Fabien Fortassin \u00e0 compter de l&rsquo;\u00e9t\u00e9 prochain.\u00a0<\/p>\n<blockquote data-class=\"twitter-tweet\">\n<p lang=\"fr\" dir=\"ltr\">\\u270d\\ufe0fLe ??????? ?????? ???\u0302?? ????? est fier de vous pr\u00e9senter sa premi\u00e8re recrue pour la saison 2026-2027 ! <\/p>\n<p>Tous les d\u00e9tails ici : LIEN <a href=\"https:\/\/t.co\/ePiuEeRN0f\">pic.twitter.com\/ePiuEeRN0f<\/a><\/p>\n<p>\u2014 VRDR Rugby (@VRDRrugby) <a href=\"https:\/\/twitter.com\/VRDRrugby\/status\/2004145102143299896?ref_src=twsrc%5Etfw\" target=\"_blank\" rel=\"noopener\">December 25, 2025<\/a><\/p><\/blockquote>\n<p>Un retour aux sources pour le Dr\u00f4mois \u00e2g\u00e9 de 32 ans, qui est n\u00e9 \u00e0\u00a0Mont\u00e9limar. Tauleigne a d\u00e9but\u00e9 sa carri\u00e8re professionnelle \u00e0 Bourgoin, avant de faire ses preuves \u00e0 Bordeaux-B\u00e8gles. En 2021, il rejoignait l&rsquo;H\u00e9rault et devenait champion de France avec le MHR en 2022. En s\u00e9lection, le futur joueur de Valence-Romans a port\u00e9 \u00e0 cinq reprises le maillot du XV de France. Apr\u00e8s une rencontre face aux All Blacks en 2017 \u00e0 Lyon qui ne comptait pas comme une s\u00e9lection officielle, il \u00e9tait sur le banc lors du premier match du Tournoi des 6 Nations 2018, avant d&rsquo;\u00eatre titularis\u00e9 par le s\u00e9lectionneur de l&rsquo;\u00e9poque Jacques Brunel pour les quatre matchs suivants.<\/p>\n<p>Nul doute que son exp\u00e9rience du haut niveau (135 matchs en Top 14, 44 en Coupe d&rsquo;Europe) fera progresser une \u00e9quipe de Valence-Romans r\u00e9v\u00e9lation de cette saison de Pro D2. \u00c0 mi-saison, les Damiers sont troisi\u00e8mes au classement, \u00e0 \u00e9galit\u00e9 de points avec le dauphin de Vannes, Colomiers (47).\u00a0<\/p>\n<p>                    <script async src=\"https:\/\/platform.twitter.com\/widgets.js\" charset=\"utf-8\"><\/script><\/p>\n","protected":false},"excerpt":{"rendered":"Valence-Romans vient d&rsquo;annoncer sa premi\u00e8re recrue pour la saison 2026-2027. L&rsquo;actuel troisi\u00e8me de Pro D2 r\u00e9alise un sacr\u00e9&hellip;\n","protected":false},"author":2,"featured_media":621870,"comment_status":"","ping_status":"","sticky":false,"template":"","format":"standard","meta":{"footnotes":""},"categories":[1416],"tags":[1011,27,479,1468,60,10662],"class_list":{"0":"post-621869","1":"post","2":"type-post","3":"status-publish","4":"format-standard","5":"has-post-thumbnail","7":"category-rugby","8":"tag-fr","9":"tag-france","10":"tag-rugby","11":"tag-rugby-football","12":"tag-sports","13":"tag-transferts"},"share_on_mastodon":{"url":"https:\/\/pubeurope.com\/@fr\/115781244312969152","error":""},"_links":{"self":[{"href":"https:\/\/www.europesays.com\/fr\/wp-json\/wp\/v2\/posts\/621869","targetHints":{"allow":["GET"]}}],"collection":[{"href":"https:\/\/www.europesays.com\/fr\/wp-json\/wp\/v2\/posts"}],"about":[{"href":"https:\/\/www.europesays.com\/fr\/wp-json\/wp\/v2\/types\/post"}],"author":[{"embeddable":true,"href":"https:\/\/www.europesays.com\/fr\/wp-json\/wp\/v2\/users\/2"}],"replies":[{"embeddable":true,"href":"https:\/\/www.europesays.com\/fr\/wp-json\/wp\/v2\/comments?post=621869"}],"version-history":[{"count":0,"href":"https:\/\/www.europesays.com\/fr\/wp-json\/wp\/v2\/posts\/621869\/revisions"}],"wp:featuredmedia":[{"embeddable":true,"href":"https:\/\/www.europesays.com\/fr\/wp-json\/wp\/v2\/media\/621870"}],"wp:attachment":[{"href":"https:\/\/www.europesays.com\/fr\/wp-json\/wp\/v2\/media?parent=621869"}],"wp:term":[{"taxonomy":"category","embeddable":true,"href":"https:\/\/www.europesays.com\/fr\/wp-json\/wp\/v2\/categories?post=621869"},{"taxonomy":"post_tag","embeddable":true,"href":"https:\/\/www.europesays.com\/fr\/wp-json\/wp\/v2\/tags?post=621869"}],"curies":[{"name":"wp","href":"https:\/\/api.w.org\/{rel}","templated":true}]}}