{"id":621878,"date":"2025-12-25T16:59:27","date_gmt":"2025-12-25T16:59:27","guid":{"rendered":"https:\/\/www.europesays.com\/fr\/621878\/"},"modified":"2025-12-25T16:59:27","modified_gmt":"2025-12-25T16:59:27","slug":"la-genese-du-centre-pompidou","status":"publish","type":"post","link":"https:\/\/www.europesays.com\/fr\/621878\/","title":{"rendered":"La gen\u00e8se du Centre Pompidou"},"content":{"rendered":"<p class=\"PopSlotParagraph qg-tx2 qg-xtra-lh svelte-1r0pyek\">En 1971, Claude Mollard rejoint la petite \u00e9quipe charg\u00e9e de concevoir et de b\u00e2tir le Centre Pompidou. Il y restera jusqu\u2019en 1978, soit un an apr\u00e8s l\u2019inauguration du b\u00e2timent le 31 janvier 1977. Il occupe alors le poste de secr\u00e9taire g\u00e9n\u00e9ral de cet \u00e9tablissement \u00e0 l\u2019architecture novatrice. D\u00e8s sa premi\u00e8re ann\u00e9e d\u2019ouverture, le Centre attire pr\u00e8s de dix millions de visiteurs, devenant un ph\u00e9nom\u00e8ne culturel in\u00e9dit \u00e0 l\u2019\u00e9chelle mondiale. Con\u00e7u et r\u00e9alis\u00e9 en seulement six ans, ce projet hors norme conna\u00eet un retentissement populaire et international consid\u00e9rable. Pendant sept ann\u00e9es, Claude Mollard raconte au jour le jour le d\u00e9roulement de cette aventure dans son journal. Il y est notamment question, d\u2019une architecture audacieuse, repoussant les limites du possible sur les plans technique et financier, port\u00e9e par deux architectes visionnaires encore au d\u00e9but de leur carri\u00e8re\u00a0: Renzo Piano et Richard Rogers.<\/p>\n<p class=\"PopSlotParagraph qg-tx2 qg-xtra-lh svelte-1r0pyek\">\u201cLe Centre Pompidou est \u00e0 la fois un centre qui, au double sens du mot, s&rsquo;installait en plein c\u0153ur de Paris. Donc il \u00e9tait dans la centralit\u00e9. C&rsquo;\u00e9tait m\u00eame provocateur d&rsquo;une certaine mani\u00e8re. Et en m\u00eame temps, il regroupait toute une s\u00e9rie d&rsquo;activit\u00e9s qui attiraient les jeunes, \u00e0 savoir l&rsquo;art contemporain. L&rsquo;acc\u00e8s direct aux livres, \u00e7a n&rsquo;existait pas. On entrait dans une biblioth\u00e8que. Il fallait attendre qu&rsquo;un personnel vous serve. On ne touchait pas les livres dans les biblioth\u00e8ques \u00e0 l&rsquo;\u00e9poque. C&rsquo;\u00e9tait une v\u00e9ritable r\u00e9volution. Il y avait la musique contemporaine, le design, donc c&rsquo;\u00e9tait un grand m\u00e9lange, un grand carrefour et tout cela ne pouvait que nous plaire, bien entendu, puisque nous nous aspirions \u00e0 cette \u00e9poque \u00e0 sortir des hi\u00e9rarchies, \u00e0 sortir des cloisonnements disciplinaires. L&rsquo;Universit\u00e9 \u00e9tait tr\u00e8s hi\u00e9rarchis\u00e9e et d&rsquo;ailleurs Mai 68 \u00e9tait une sorte de protestation contre ces cloisonnements universitaires. Et donc le Centre Pompidou, c&rsquo;\u00e9tait la culture \u00e0 tous les rayons et librement accessibles.\u201d<\/p>\n<p class=\"PopSlotParagraph qg-tx2 qg-xtra-lh svelte-1r0pyek\"><a href=\"https:\/\/boutique.centrepompidou.fr\/fr\/product\/42783-epopee-beaubourg-de-la-genese-ouverture-1971-1978.html\" target=\"_blank\" rel=\"noopener noreferrer\" class=\"\" data-testid=\"link\"><strong>Claude Mollard, L&rsquo;Epop\u00e9e Beaubourg,\u00a0de la gen\u00e8se \u00e0 l&rsquo;ouverture, 1971-1978<\/strong><\/a><strong>, \u00e9ditions du Centre Pompidou.<\/strong><\/p>\n<p> Les br\u00e8ves du jour\u00a0:<\/p>\n<ul>\n<li><strong>Une nouvelle tombola pour esp\u00e9rer gagner un Picasso<\/strong>\u00a0: renouvelant l\u2019op\u00e9ration de 2020, cette loterie permet d\u2019acqu\u00e9rir un tableau de grande valeur pour la somme de 100 euros et vise\u00a0cette\u00a0fois\u00a0\u00e0 verser des fonds \u00e0 la recherche contre la maladie d\u2019Alzheimer. L\u2019\u0153uvre\u00a0mise en jeu, d\u2019une valeur d\u20191 million d\u2019euros, est encore une fois un tableau de\u00a0Pablo\u00a0Picasso\u00a0:\u00a0T\u00eate de femme,\u00a0une gouache sur papier repr\u00e9sentant\u00a0un\u00a0portrait\u00a0de\u00a0sa muse\u00a0Dora Maar, r\u00e9alis\u00e9\u00a0pendant la seconde guerre mondiale\u00a0en 1941.\u00a0120 000 billets sont disponibles en ligne\u00a0et le tirage aura lieu le 14 avril 2026, chez Christie\u2019s \u00e0 Paris.<\/li>\n<li><strong>En Egypte, des arch\u00e9ologues ont mis au jour les vestiges d\u2019un temple solaire rare vieux de 4500 ans\u00a0:<\/strong>\u00a0identifi\u00e9 d\u00e8s 1901 par l\u2019arch\u00e9ologue Ludwig Borchardt,\u00a0le site n\u2019avait jamais \u00e9t\u00e9 fouill\u00e9 en raison du niveau \u00e9lev\u00e9 des nappes phr\u00e9atiques. Une mission italienne,\u00a0dirig\u00e9e par les \u00e9gyptologues Massimiliano\u00a0Nuzzolo\u00a0et\u00a0Rosanna\u00a0Pirelli\u00a0a r\u00e9v\u00e9l\u00e9 pour la premi\u00e8re fois plus de la moiti\u00e9 du temple solaire de plus de 1000 m2, longtemps enfoui sous des s\u00e9diments du Nil. Construit dans la n\u00e9cropole d\u2019Abousir\u00a0par le pharaon\u00a0Niouserr\u00ea\u00a0de la Ve dynastie, il \u00e9tait d\u00e9di\u00e9 au culte du dieu R\u00ea, principalement repr\u00e9sent\u00e9 sous la forme d&rsquo;un homme \u00e0 t\u00eate de faucon, coiff\u00e9 d&rsquo;un disque solaire prot\u00e9g\u00e9 par un cobra. Des bases de colonnes, des rev\u00eatements muraux, des seuils en granite ainsi qu\u2019une rampe inclin\u00e9e, ont \u00e9t\u00e9 identifi\u00e9s et seront analys\u00e9s dans les moindres d\u00e9tails par les experts.<\/li>\n<\/ul>\n","protected":false},"excerpt":{"rendered":"En 1971, Claude Mollard rejoint la petite \u00e9quipe charg\u00e9e de concevoir et de b\u00e2tir le Centre Pompidou. Il&hellip;\n","protected":false},"author":2,"featured_media":621879,"comment_status":"","ping_status":"","sticky":false,"template":"","format":"standard","meta":{"footnotes":""},"categories":[1358],"tags":[1348,1384,1385,1386,58,59,1011,27],"class_list":{"0":"post-621878","1":"post","2":"type-post","3":"status-publish","4":"format-standard","5":"has-post-thumbnail","7":"category-arts-et-design","8":"tag-arts","9":"tag-arts-and-design","10":"tag-arts-et-design","11":"tag-design","12":"tag-divertissement","13":"tag-entertainment","14":"tag-fr","15":"tag-france"},"share_on_mastodon":{"url":"https:\/\/pubeurope.com\/@fr\/115781275739852301","error":""},"_links":{"self":[{"href":"https:\/\/www.europesays.com\/fr\/wp-json\/wp\/v2\/posts\/621878","targetHints":{"allow":["GET"]}}],"collection":[{"href":"https:\/\/www.europesays.com\/fr\/wp-json\/wp\/v2\/posts"}],"about":[{"href":"https:\/\/www.europesays.com\/fr\/wp-json\/wp\/v2\/types\/post"}],"author":[{"embeddable":true,"href":"https:\/\/www.europesays.com\/fr\/wp-json\/wp\/v2\/users\/2"}],"replies":[{"embeddable":true,"href":"https:\/\/www.europesays.com\/fr\/wp-json\/wp\/v2\/comments?post=621878"}],"version-history":[{"count":0,"href":"https:\/\/www.europesays.com\/fr\/wp-json\/wp\/v2\/posts\/621878\/revisions"}],"wp:featuredmedia":[{"embeddable":true,"href":"https:\/\/www.europesays.com\/fr\/wp-json\/wp\/v2\/media\/621879"}],"wp:attachment":[{"href":"https:\/\/www.europesays.com\/fr\/wp-json\/wp\/v2\/media?parent=621878"}],"wp:term":[{"taxonomy":"category","embeddable":true,"href":"https:\/\/www.europesays.com\/fr\/wp-json\/wp\/v2\/categories?post=621878"},{"taxonomy":"post_tag","embeddable":true,"href":"https:\/\/www.europesays.com\/fr\/wp-json\/wp\/v2\/tags?post=621878"}],"curies":[{"name":"wp","href":"https:\/\/api.w.org\/{rel}","templated":true}]}}