{"id":621880,"date":"2025-12-25T17:01:25","date_gmt":"2025-12-25T17:01:25","guid":{"rendered":"https:\/\/www.europesays.com\/fr\/621880\/"},"modified":"2025-12-25T17:01:25","modified_gmt":"2025-12-25T17:01:25","slug":"ce-netait-pas-genereux-la-prestation-dambre-star-academy-aux-evaluations-decoit-michael-goldman-et-jonathan-jenvrin","status":"publish","type":"post","link":"https:\/\/www.europesays.com\/fr\/621880\/","title":{"rendered":"\u201cCe n\u2019\u00e9tait pas g\u00e9n\u00e9reux\u201d : La prestation d\u2019Ambre (Star Academy) aux \u00e9valuations d\u00e9\u00e7oit Michael Goldman et Jonathan Jenvrin"},"content":{"rendered":"<p>Dans la quotidienne du mercredi 24 d\u00e9cembre de la Star Academy, les acad\u00e9miciens ont d\u00fb se noter entre eux. Leurs professeurs ont suivi les \u00e9valuations depuis le salon et la performance d\u2019Ambre ne les a pas convaincus.<\/p>\n<p>Cette semaine, <a href=\"https:\/\/www.programme-tv.net\/news\/tv\/394621-on-s-est-pas-mal-rapproches-eliminee-de-star-academy-jeanne-en-dit-plus-sur-sa-relation-avec-leo\/\" data-api-deeplink=\"teleloisirs:\/\/news\/394621\" rel=\"nofollow noopener\" target=\"_blank\">les \u00e9l\u00e8ves de la Star Academy<\/a> sont mis \u00e0 rude \u00e9preuve. Lors du prime du 27 d\u00e9cembre, les nominations seront annonc\u00e9es en direct et parmi les trois candidats en danger, le public pourra n\u2019en sauver que deux. Avant ce rendez-vous d\u00e9cisif, les acad\u00e9miciens doivent passer plusieurs \u00e9valuations de danse et de chant pour esp\u00e9rer d\u00e9crocher une immunit\u00e9 et une \u00ab\u00a0carte blanche\u00a0\u00bb. Dans la quotidienne du 24 d\u00e9cembre, les r\u00e8gles \u00e9taient pour le moins particuli\u00e8res. Pour une fois, ce n\u2019\u00e9tait pas les professeurs qui jugeaient les candidats, mais les \u00e9l\u00e8ves qui devaient se noter entre eux. Les huit \u00e9l\u00e8ves prennent place comme un jury et passent chacun leur tour devant leurs camarades avant de voter, tandis que leurs professeurs sont install\u00e9s dans le canap\u00e9 du salon pour regarder chacune des prestations.<\/p>\n<p>Lorsque vient le tour d\u2019Ambre et de sa reprise de Tattoo de Loreen, les retours des professeurs se sont montr\u00e9s plus r\u00e9serv\u00e9s. Marl\u00e8ne Schaff \u00e9voque le pi\u00e8ge d\u2019interpr\u00e9ter la chanson Tattoo \u00ab\u00a0un peu en autoroute comme \u00e7a\u00a0\u00bb, tandis que Michael Goldman explique avoir eu \u00ab\u00a0l\u2019impression de voir un TGV passer et que \u00e7a ne s\u2019arr\u00eate pas c\u2019est toujours la m\u00eame voiture\u00a0\u00bb. De son c\u00f4t\u00e9, Sofia Margovi explique ne pas avoir \u00ab\u00a0l\u2019effet whaou\u00a0\u00bb pour la premi\u00e8re fois avec Ambre. Pour terminer, Jonathan Jenvrin a estim\u00e9 que la performance \u00ab\u00a0n\u2019\u00e9tait pas g\u00e9n\u00e9reuse\u00a0\u00bb et \u00ab\u00a0pas fixe sur le chant\u00a0\u00bb, il a reconnu malgr\u00e9 tout l\u2019investissement de l\u2019\u00e9tudiante sur la danse qui montre \u00ab\u00a0qu\u2019elle a vraiment boss\u00e9\u00a0\u00bb.<\/p>\n<p>Les parents des \u00e9tudiants au ch\u00e2teau de la Star Academy<\/p>\n<p>Comme cadeau pour Noel les \u00e9l\u00e8ves ont re\u00e7u la visite surprise de leurs proches au petit matin du 24 d\u00e9cembre. Tour \u00e0 tour, M\u00e9lissa, Th\u00e9o P., Bastiaan, Sarah ou encore L\u00e9a retrouvent leurs familles sous le regard des cam\u00e9ras. Mais c\u2019est surtout l\u2019arriv\u00e9e de la m\u00e8re d\u2019Ambre qui retient l\u2019attention des internautes. Apparue pour la premi\u00e8re fois dans la quotidienne, elle a imm\u00e9diatement fait r\u00e9agir le public, nombreux \u00e0 souligner sa ressemblance frappante avec la jeune acad\u00e9micienne, une \u00ab\u00a0copie conforme\u00a0\u00bb, selon plusieurs messages aper\u00e7us sur les r\u00e9seaux sociaux.<\/p>\n","protected":false},"excerpt":{"rendered":"Dans la quotidienne du mercredi 24 d\u00e9cembre de la Star Academy, les acad\u00e9miciens ont d\u00fb se noter entre&hellip;\n","protected":false},"author":2,"featured_media":621881,"comment_status":"","ping_status":"","sticky":false,"template":"","format":"standard","meta":{"footnotes":""},"categories":[1356],"tags":[66799,1695,244,58,59,1011,27,18439,1127,5095,72368,252,2175,1364],"class_list":{"0":"post-621880","1":"post","2":"type-post","3":"status-publish","4":"format-standard","5":"has-post-thumbnail","7":"category-television","8":"tag-ambre-star-academy-2025","9":"tag-chanson","10":"tag-commentaire","11":"tag-divertissement","12":"tag-entertainment","13":"tag-fr","14":"tag-france","15":"tag-michael-goldman","16":"tag-professeur","17":"tag-star-academy","18":"tag-star-academy-apru00e8s-la-vie-de-chu00e2teau-2102024-0410-pm-tf1","19":"tag-television","20":"tag-tl-story","21":"tag-tv"},"share_on_mastodon":{"url":"https:\/\/pubeurope.com\/@fr\/115781283896664390","error":""},"_links":{"self":[{"href":"https:\/\/www.europesays.com\/fr\/wp-json\/wp\/v2\/posts\/621880","targetHints":{"allow":["GET"]}}],"collection":[{"href":"https:\/\/www.europesays.com\/fr\/wp-json\/wp\/v2\/posts"}],"about":[{"href":"https:\/\/www.europesays.com\/fr\/wp-json\/wp\/v2\/types\/post"}],"author":[{"embeddable":true,"href":"https:\/\/www.europesays.com\/fr\/wp-json\/wp\/v2\/users\/2"}],"replies":[{"embeddable":true,"href":"https:\/\/www.europesays.com\/fr\/wp-json\/wp\/v2\/comments?post=621880"}],"version-history":[{"count":0,"href":"https:\/\/www.europesays.com\/fr\/wp-json\/wp\/v2\/posts\/621880\/revisions"}],"wp:featuredmedia":[{"embeddable":true,"href":"https:\/\/www.europesays.com\/fr\/wp-json\/wp\/v2\/media\/621881"}],"wp:attachment":[{"href":"https:\/\/www.europesays.com\/fr\/wp-json\/wp\/v2\/media?parent=621880"}],"wp:term":[{"taxonomy":"category","embeddable":true,"href":"https:\/\/www.europesays.com\/fr\/wp-json\/wp\/v2\/categories?post=621880"},{"taxonomy":"post_tag","embeddable":true,"href":"https:\/\/www.europesays.com\/fr\/wp-json\/wp\/v2\/tags?post=621880"}],"curies":[{"name":"wp","href":"https:\/\/api.w.org\/{rel}","templated":true}]}}