{"id":621882,"date":"2025-12-25T17:02:15","date_gmt":"2025-12-25T17:02:15","guid":{"rendered":"https:\/\/www.europesays.com\/fr\/621882\/"},"modified":"2025-12-25T17:02:15","modified_gmt":"2025-12-25T17:02:15","slug":"charlotte-cardin-invite-son-compagnon-aliocha-schneider-a-chanter-avec-elle-pour-rendre-hommage-a-son-grand-pere-decede-recemment-video","status":"publish","type":"post","link":"https:\/\/www.europesays.com\/fr\/621882\/","title":{"rendered":"Charlotte Cardin invite son compagnon Aliocha Schneider \u00e0 chanter avec elle pour rendre hommage \u00e0 son grand-p\u00e8re d\u00e9c\u00e9d\u00e9 r\u00e9cemment (vid\u00e9o)"},"content":{"rendered":"<p class=\"ap-StoryElement ap-StoryElement--mb ap-StoryText\">Aliocha \u00e0 la guitare, le regard riv\u00e9 sur sa moiti\u00e9, a chant\u00e9 avec elle les paroles de ce titre des The Everly Brothers : \u00ab\u00a0Quand je te veux dans mes bras, quand je te veux, toi et tous tes charmes. Chaque fois que je te veux, il me suffit de r\u00eaver, r\u00eaver, r\u00eaver, r\u00eaver\u2026 Quand je suis triste la nuit et que j&rsquo;ai besoin que tu me serres fort. Chaque fois que je te veux, il me suffit de r\u00eaver. Je peux te faire mienne, go\u00fbter le vin sur tes l\u00e8vres, \u00e0 tout moment, nuit ou jour. Le seul probl\u00e8me, c&rsquo;est que\u2026 mince alors, je passe ma vie \u00e0 r\u00eaver. J&rsquo;ai tellement besoin de toi que je pourrais mourir. Je t&rsquo;aime tellement et c&rsquo;est pour \u00e7a quand je te veux, il me suffit de r\u00eaver, r\u00eaver, r\u00eaver, r\u00eaver\u2026\u00a0\u00bb<\/p>\n<p><a href=\"https:\/\/www.parismatch.be\/actualites\/people\/2025\/12\/24\/jai-trop-hate-de-vous-retrouver-charlotte-cardin-sexcuse-aupres-des-eleves-de-la-star-academy-et-explique-les-raisons-de-son-absence-N2D5GY2FTRCM3N65BCCK2JEJK4\/\" target=\"_self\" class=\"ap-StoryInterstitialLink ap-StoryElement ap-StoryElement--mb\" rel=\"noopener\">\u00ab\u00a0J&rsquo;ai trop h\u00e2te de vous retrouver\u00a0\u00bb : Charlotte Cardin s&rsquo;excuse aupr\u00e8s des \u00e9l\u00e8ves de la \u00ab\u00a0Star Academy\u00a0\u00bb et explique les raisons de son absence<\/a>\u00ab\u00a0Il m&rsquo;a fait cadeau de la musique\u00a0\u00bb<\/p>\n<p class=\"ap-StoryElement ap-StoryElement--mb ap-StoryText\">Le 3 d\u00e9cembre dernier, <a href=\"https:\/\/www.parismatch.be\/actualites\/people\/2025\/11\/14\/baisers-et-tendre-complicite-charlotte-cardin-partage-des-photos-de-sa-romance-avec-aliocha-schneider-pour-leur-anniversaire-KNVO66P2Z5B5ZPCFOZXP7EHWGY\/\" target=\"_self\" rel=\"noopener\">Charlotte Cardin<\/a> avait partag\u00e9 sur Instagram, la triste nouvelle du d\u00e9c\u00e8s de son grand-p\u00e8re. Pour accompagner la photo choisie o\u00f9 elle pose avec lui et sa grande s\u0153ur Camille, elle avait \u00e9crit un texte sensible et \u00e9mouvant : \u00ab\u00a0J&rsquo;ai perdu un des hommes de ma vie hier. Mon Papi, si doux, si intelligent, si sensible. Avec ma Mamie, il m&rsquo;a fait le cadeau de la musique. \u00c0 jamais dans mon c\u0153ur. Je te retrouverai dans toutes les plus belles chansons qu\u00e9b\u00e9coises et dans les envols d&rsquo;oies blanches qui traversent le ciel.\u00a0\u00bb Une \u00e9preuve difficile pour la jeune femme de 31 ans qui peut compter sur le soutien de son amoureux Aliocha, pr\u00e9sent \u00e0 ses c\u00f4t\u00e9s.<\/p>\n<p><a href=\"https:\/\/www.parismatch.be\/actualites\/people-belgique\/2025\/12\/08\/virginie-efira-pleine-dadmiration-pour-ses-beaux-freres-aliocha-vassili-et-volodia-schneider-je-suis-trop-fiere-K4QRKP7X2JFSFBXXGKVWM5BEXM\/\" target=\"_self\" class=\"ap-StoryInterstitialLink ap-StoryElement ap-StoryElement--mb\" rel=\"noopener\">Virginie Efira pleine d&rsquo;admiration pour ses beaux-fr\u00e8res Aliocha, Vassili et Volodia Schneider : \u00ab\u00a0Je suis trop fi\u00e8re\u00a0\u00bb<\/a><\/p>\n","protected":false},"excerpt":{"rendered":"Aliocha \u00e0 la guitare, le regard riv\u00e9 sur sa moiti\u00e9, a chant\u00e9 avec elle les paroles de ce&hellip;\n","protected":false},"author":2,"featured_media":621883,"comment_status":"","ping_status":"","sticky":false,"template":"","format":"standard","meta":{"footnotes":""},"categories":[1355],"tags":[73151,30350,3983,58,59,1011,27,1302,1361,873,15830],"class_list":{"0":"post-621882","1":"post","2":"type-post","3":"status-publish","4":"format-standard","5":"has-post-thumbnail","7":"category-musique","8":"tag-aliocha-schneider","9":"tag-charlotte-cardin","10":"tag-deces","11":"tag-divertissement","12":"tag-entertainment","13":"tag-fr","14":"tag-france","15":"tag-grand-pere","16":"tag-music","17":"tag-musique","18":"tag-noel"},"share_on_mastodon":{"url":"https:\/\/pubeurope.com\/@fr\/115781287681624943","error":""},"_links":{"self":[{"href":"https:\/\/www.europesays.com\/fr\/wp-json\/wp\/v2\/posts\/621882","targetHints":{"allow":["GET"]}}],"collection":[{"href":"https:\/\/www.europesays.com\/fr\/wp-json\/wp\/v2\/posts"}],"about":[{"href":"https:\/\/www.europesays.com\/fr\/wp-json\/wp\/v2\/types\/post"}],"author":[{"embeddable":true,"href":"https:\/\/www.europesays.com\/fr\/wp-json\/wp\/v2\/users\/2"}],"replies":[{"embeddable":true,"href":"https:\/\/www.europesays.com\/fr\/wp-json\/wp\/v2\/comments?post=621882"}],"version-history":[{"count":0,"href":"https:\/\/www.europesays.com\/fr\/wp-json\/wp\/v2\/posts\/621882\/revisions"}],"wp:featuredmedia":[{"embeddable":true,"href":"https:\/\/www.europesays.com\/fr\/wp-json\/wp\/v2\/media\/621883"}],"wp:attachment":[{"href":"https:\/\/www.europesays.com\/fr\/wp-json\/wp\/v2\/media?parent=621882"}],"wp:term":[{"taxonomy":"category","embeddable":true,"href":"https:\/\/www.europesays.com\/fr\/wp-json\/wp\/v2\/categories?post=621882"},{"taxonomy":"post_tag","embeddable":true,"href":"https:\/\/www.europesays.com\/fr\/wp-json\/wp\/v2\/tags?post=621882"}],"curies":[{"name":"wp","href":"https:\/\/api.w.org\/{rel}","templated":true}]}}