{"id":621884,"date":"2025-12-25T17:03:16","date_gmt":"2025-12-25T17:03:16","guid":{"rendered":"https:\/\/www.europesays.com\/fr\/621884\/"},"modified":"2025-12-25T17:03:16","modified_gmt":"2025-12-25T17:03:16","slug":"seulement-sept-spectateurs-au-box-office-quest-ce-qu-eject-le-pire-echec-cinematographique-francais-de-lannee","status":"publish","type":"post","link":"https:\/\/www.europesays.com\/fr\/621884\/","title":{"rendered":"Seulement sept spectateurs au box-office\u00a0: qu\u2019est-ce qu\u2019\u00ab\u00a0Eject\u00a0\u00bb, le pire \u00e9chec cin\u00e9matographique fran\u00e7ais de l\u2019ann\u00e9e\u00a0?"},"content":{"rendered":"<p class=\"paragraph text_align_left lp-f-body-02\">Il est bon dernier du classement. Le film \u00ab Eject \u00bb ferme la <a href=\"https:\/\/www.leparisien.fr\/culture-loisirs\/cinema\/avatar-3-et-zootopie-2-qui-rient-jean-dujardin-qui-pleure-les-tops-et-les-flops-cinema-de-2025-24-12-2025-VPPS2UDRVFEJJKHZ7NRWLBTB3E.php\" target=\"_blank\" rel=\"noreferrer noopener\">marche de la liste des films vus dans les salles obscures<\/a> lors de cette ann\u00e9e 2025. Selon les donn\u00e9es du box-office, il n\u2019a attir\u00e9 que sept spectateurs dans l\u2019unique salle en France o\u00f9 il a \u00e9t\u00e9 projet\u00e9 entre le 5 et le 12 mars.<\/p>\n<p class=\"\">Ce long-m\u00e9trage d\u00e9peint le parcours de Fran\u00e7ois, un r\u00e9alisateur isol\u00e9 dans une maison pour \u00e9crire un film, gr\u00e2ce auquel le quinquag\u00e9naire esp\u00e8re relancer sa carri\u00e8re. Il se retrouve alors confront\u00e9 au pass\u00e9 d\u2019une femme ayant subi des violences conjugales.<\/p>\n<p class=\"\">\u00c0 l\u2019affiche, des com\u00e9diens peu voire pas connus du grand public, comme Florence Perrier, Eti\u00e8ve Lena, ou encore Laura Couturier et S\u00e9gol\u00e8ne Point. Ces derni\u00e8res sont plusieurs fois apparues <a href=\"https:\/\/www.leparisien.fr\/culture-loisirs\/la-fiction-low-cost-envahit-la-tele-22-09-2012-2175747.php\" target=\"_blank\" rel=\"noreferrer noopener\">dans des \u00ab s\u00e9ries r\u00e9alit\u00e9 \u00bb<\/a> comme \u00ab Le jour o\u00f9 tout a bascul\u00e9 \u00bb ou encore \u00ab Une histoire, une urgence \u00bb. R\u00e9alis\u00e9 et sc\u00e9naris\u00e9 par <a href=\"https:\/\/www.leparisien.fr\/seine-et-marne-77\/ce-theme-du-couple-est-bouleversant-prime-16-fois-le-realisateur-tiburce-a-seduit-melun-avec-de-lautre-cote-du-mur-22-10-2021-3PITZNO4RRFJPD7LSIZTP54XNQ.php\" target=\"_blank\" rel=\"noreferrer noopener\">Tiburce, cin\u00e9aste originaire de Melun (Seine-et-Marne)<\/a> prim\u00e9 \u00e0 de nombreuses reprises par le pass\u00e9, ce nouveau film au caract\u00e8re confidentiel n\u2019a cependant pas \u00e9t\u00e9 l\u2019\u00e9chec que ce chiffre laisse supposer.<\/p>\n<p>Des projections uniques organis\u00e9es avant et apr\u00e8s la sortie officielle en salles<\/p>\n<p class=\"\">En effet, les donn\u00e9es du box-office ne comptabilisent que les tickets vendus lors de l\u2019exploitation du film en salles et non ceux des avant-premi\u00e8res ou des \u00e9ventuelles projections uniques organis\u00e9es dans certains cin\u00e9mas. Si l\u2019on ne peut pas indiquer avec pr\u00e9cision le nombre de spectateurs qui ont effectivement vu le film, de nombreuses projections ont eu lieu avant et apr\u00e8s sa sortie dans une unique salle. Le film cumule par ailleurs 38 critiques r\u00e9dig\u00e9es sur le site AlloCin\u00e9.<\/p>\n<p class=\"\">Plusieurs avant-premi\u00e8res ont \u00e9t\u00e9 organis\u00e9es, une au Luminor \u00e0 Paris, une \u00e0 Chamb\u00e9ry (Savoie), une autre \u00e0 Melun\u2026 Des projections uniques ont \u00e9galement jalonn\u00e9 le parcours de ce long-m\u00e9trage de 1h49 tout au long de l\u2019ann\u00e9e : \u00e0 Brie-Comte-Robert (Seine-et-Marne) et Arcueil (Val-de-Marne) en mars, \u00e0 Marmande (Lot-et-Garonne) en avril, \u00e0 Merville (Nord) en mai, ou encore \u00e0 Bourg-Saint-Maurice (Savoie) en d\u00e9cembre. Sur son site Internet, Tiburce liste \u00e9galement des s\u00e9ances organis\u00e9es \u00e0 Lyon (Rh\u00f4ne), Versailles (Yvelines), Nice (Alpes-Maritimes), Damgan (Morbihan), Wittenheim (Haut-Rhin), ainsi que plusieurs villes de Seine-et-Marne.<\/p>\n<p>Au moins un millier de spectateurs selon le r\u00e9alisateur<\/p>\n<p class=\"\">Selon les d\u00e9clarations <a href=\"https:\/\/www.leparisien.fr\/seine-et-marne-77\/seine-et-marne-premieres-seances-sur-grand-ecran-du-film-de-tiburce-realisateur-autodidacte-prime-16-fois-14-10-2021-M3N3OEJ55NBMRENLJ7LYMM3SQE.php\" target=\"_blank\" rel=\"noreferrer noopener\">du r\u00e9alisateur<\/a> sur les r\u00e9seaux sociaux en juillet, \u00ab Eject \u00bb a totalis\u00e9 \u00ab une moyenne de 40 entr\u00e9es en 25 s\u00e9ances \u00bb, soit environ un millier de spectateurs. Il avance plusieurs dizaines de personnes venues aux s\u00e9ances lors des rencontres en pr\u00e9sence de l\u2019\u00e9quipe du film.<\/p>\n<p class=\"\">Pour sa toute premi\u00e8re projection en novembre 2024 \u00e0 Pontault-Combault (Seine-et-Marne), 210 personnes \u00e9taient pr\u00e9sentes dans la salle, affirme Tiburce sur <a href=\"https:\/\/tiburcereal.wixsite.com\/eject-le-film\" target=\"_blank\" rel=\"noreferrer noopener\">son site Internet<\/a>. On est donc bien loin des sept entr\u00e9es r\u00e9pertori\u00e9es lors de l\u2019unique semaine d\u2019exploitation.<\/p>\n<p class=\"\">Pour financer son film, <a href=\"https:\/\/www.leparisien.fr\/seine-et-marne-77\/le-film-de-l-autre-cote-du-mur-de-l-autodidacte-melunais-tiburce-recompense-a-l-etranger-09-04-2021-8430947.php\" target=\"_blank\" rel=\"noreferrer noopener\">Tiburce, qui avait d\u00e9j\u00e0 r\u00e9alis\u00e9 par le pass\u00e9 \u00ab De l\u2019autre c\u00f4t\u00e9 du mur \u00bb<\/a>, mais aussi <a href=\"https:\/\/www.leparisien.fr\/seine-et-marne-77\/vaux-le-penil-77000\/vaux-le-penil-decouvrez-le-film-du-realisateur-melunais-tiburce-05-04-2016-5688441.php\" target=\"_blank\" rel=\"noreferrer noopener\">\u00ab Juste apr\u00e8s les larmes \u00bb<\/a>, sorti en 2016, avait fait appel au soutien des cin\u00e9philes et ouvert une cagnotte en ligne. Il avait alors r\u00e9colt\u00e9 3 600 euros, un peu plus que les 2 500 demand\u00e9s pour mener \u00e0 bien le projet.<\/p>\n","protected":false},"excerpt":{"rendered":"Il est bon dernier du classement. Le film \u00ab Eject \u00bb ferme la marche de la liste des&hellip;\n","protected":false},"author":2,"featured_media":621885,"comment_status":"","ping_status":"","sticky":false,"template":"","format":"standard","meta":{"footnotes":""},"categories":[1354],"tags":[650,872,58,59,1346,1011,27,1360],"class_list":{"0":"post-621884","1":"post","2":"type-post","3":"status-publish","4":"format-standard","5":"has-post-thumbnail","7":"category-films","8":"tag-cinema","9":"tag-culture-et-loisirs","10":"tag-divertissement","11":"tag-entertainment","12":"tag-films","13":"tag-fr","14":"tag-france","15":"tag-movies"},"share_on_mastodon":{"url":"https:\/\/pubeurope.com\/@fr\/115781291534999068","error":""},"_links":{"self":[{"href":"https:\/\/www.europesays.com\/fr\/wp-json\/wp\/v2\/posts\/621884","targetHints":{"allow":["GET"]}}],"collection":[{"href":"https:\/\/www.europesays.com\/fr\/wp-json\/wp\/v2\/posts"}],"about":[{"href":"https:\/\/www.europesays.com\/fr\/wp-json\/wp\/v2\/types\/post"}],"author":[{"embeddable":true,"href":"https:\/\/www.europesays.com\/fr\/wp-json\/wp\/v2\/users\/2"}],"replies":[{"embeddable":true,"href":"https:\/\/www.europesays.com\/fr\/wp-json\/wp\/v2\/comments?post=621884"}],"version-history":[{"count":0,"href":"https:\/\/www.europesays.com\/fr\/wp-json\/wp\/v2\/posts\/621884\/revisions"}],"wp:featuredmedia":[{"embeddable":true,"href":"https:\/\/www.europesays.com\/fr\/wp-json\/wp\/v2\/media\/621885"}],"wp:attachment":[{"href":"https:\/\/www.europesays.com\/fr\/wp-json\/wp\/v2\/media?parent=621884"}],"wp:term":[{"taxonomy":"category","embeddable":true,"href":"https:\/\/www.europesays.com\/fr\/wp-json\/wp\/v2\/categories?post=621884"},{"taxonomy":"post_tag","embeddable":true,"href":"https:\/\/www.europesays.com\/fr\/wp-json\/wp\/v2\/tags?post=621884"}],"curies":[{"name":"wp","href":"https:\/\/api.w.org\/{rel}","templated":true}]}}