{"id":621896,"date":"2025-12-25T17:11:22","date_gmt":"2025-12-25T17:11:22","guid":{"rendered":"https:\/\/www.europesays.com\/fr\/621896\/"},"modified":"2025-12-25T17:11:22","modified_gmt":"2025-12-25T17:11:22","slug":"lhomme-politique-tarique-rahman-revient-au-bangladesh-apres-17-ans-dexil-actualites","status":"publish","type":"post","link":"https:\/\/www.europesays.com\/fr\/621896\/","title":{"rendered":"L&rsquo;homme politique Tarique Rahman revient au Bangladesh apr\u00e8s 17 ans d&rsquo;exil : Actualit\u00e9s"},"content":{"rendered":"<p class=\"lead \">Apr\u00e8s 17 ans d&rsquo;exil, Tarique Rahman, figure politique influente et candidat pressenti au poste de Premier ministre du Bangladesh, est rentr\u00e9 dans son pays jeudi, promettant s\u00e9curit\u00e9 et justice en cas de victoire aux \u00e9lections pr\u00e9vues l&rsquo;ann\u00e9e prochaine.<\/p>\n<p class=\"lead \">De tr\u00e8s nombreux partisans agitant joyeusement drapeaux, banni\u00e8res et pancartes ont accueilli l&rsquo;homme politique de 60 ans, fils de l&rsquo;ancienne cheffe du gouvernement Khaleda Zia et pr\u00e9sident par interim du populaire Parti nationaliste du Bangladesh (BNP).<\/p>\n<p class=\"lead \">\u00ab\u00a0Aujourd&rsquo;hui, je veux dire que j&rsquo;ai un projet pour mon pays (&#8230;) un pays s\u00fbr que le peuple esp\u00e8re depuis longtemps\u00a0\u00bb, a d\u00e9clar\u00e9 Tarique Rahman dans son premier discours depuis son retour.<\/p>\n<p class=\"lead \">\u00ab\u00a0Il est temps de construire un pays ensemble. Ce pays appartient au peuple des collines et des plaines, aux musulmans, bouddhistes, chr\u00e9tiens et hindous\u00a0\u00bb, a-t-il ajout\u00e9.<\/p>\n<p class=\"lead \">Visiblement \u00e9mu, il avait plus t\u00f4t retir\u00e9 ses chaussures et foul\u00e9 l&rsquo;herbe pr\u00e8s de l&rsquo;a\u00e9roport de Dacca o\u00f9 il avait atterri accompagn\u00e9 de sa femme et de sa fille, avant de ramasser de la terre en signe de respect envers son pays.<\/p>\n<p class=\"lead \">Il a salu\u00e9 ses soutiens avant de s&rsquo;engouffrer dans une voiture qui circulait dans un convoi tr\u00e8s s\u00e9curis\u00e9, selon une vid\u00e9o transmise par son parti.<\/p>\n<p class=\"lead \">Parmi la foule, Alamgir Hossain, partisan du BNP, a estim\u00e9 que le Bangladesh \u00e9tait dans une \u00ab\u00a0situation desesp\u00e9r\u00e9e\u00a0\u00bb et que seul Tarique Rahman \u00ab\u00a0peut le sortir de l\u00e0\u00a0\u00bb.<\/p>\n<p class=\"lead \">&#8211; P\u00e9riode de troubles &#8211;<\/p>\n<p class=\"lead \">Le BNP est largement consid\u00e9r\u00e9 comme le favori des \u00e9lections de f\u00e9vrier prochain, les premi\u00e8res depuis le soul\u00e8vement populaire de l&rsquo;\u00e9t\u00e9 2024.<\/p>\n<p class=\"lead \">Tarique Rahman est pressenti comme candidat au poste de Premier ministre si sa formation remporte la majorit\u00e9 lors de ce scrutin attendu avec impatience dans ce pays de 170 millions d&rsquo;habitants \u00e0 tr\u00e8s large majorit\u00e9 musulmane. <\/p>\n<p class=\"lead \">Les tensions politiques n&rsquo;y ont pas faibli depuis les manifestations de l&rsquo;an dernier, qui ont entra\u00een\u00e9 le d\u00e9part de l&rsquo;ex-Premi\u00e8re ministre Sheikh Hasina, apr\u00e8s 15 ann\u00e9es autoritaires au pouvoir.   <\/p>\n<p class=\"lead \">Tarique Rahman a assur\u00e9 que sa m\u00e8re, l&rsquo;ancienne Premi\u00e8re ministre de 80 ans Khaleda Zia (1991-1996 puis 2001-2006) actuellement hospitalis\u00e9e en soins intensifs, avait \u00ab\u00a0tout sacrifi\u00e9\u00a0\u00bb pour son pays.<\/p>\n<p class=\"lead \">Engag\u00e9 jeune en politique et pr\u00e9par\u00e9 de longue date aux responsabilit\u00e9s, Tarique Rahman avait \u00e9t\u00e9 arr\u00eat\u00e9 pour corruption en 2007. Il affirme avoir \u00e9t\u00e9 tortur\u00e9 en d\u00e9tention. <\/p>\n<p class=\"lead \">Lib\u00e9r\u00e9, il s&rsquo;\u00e9tait rendu \u00e0 Londres en 2008 pour des soins m\u00e9dicaux et n&rsquo;\u00e9tait jamais revenu. Il dit s&rsquo;\u00eatre exil\u00e9 pour fuir les pers\u00e9cutions politiques sous le gouvernement de Sheikh Hasina.<\/p>\n<p class=\"lead \">En juin, il a rencontr\u00e9 dans la capitale britannique Muhammad Yunus, prix Nobel de la paix et \u00e0 la t\u00eate du gouvernement int\u00e9rimaire. <\/p>\n<p class=\"lead \">Le retour de Tarique Rahman intervient dans une p\u00e9riode de troubles au Bangladesh. <\/p>\n<p class=\"lead \">En d\u00e9cembre, l&rsquo;assassinat par des hommes masqu\u00e9s \u00e0 Dacca du candidat aux \u00e9lections l\u00e9gislatives et critique virulent de l&rsquo;Inde Sharif Osman Hadi a d\u00e9clench\u00e9 des manifestations dans la capitale, au cours desquelles plusieurs b\u00e2timents ont \u00e9t\u00e9 incendi\u00e9s, dont ceux de deux grands journaux consid\u00e9r\u00e9s comme favorables \u00e0 l&rsquo;Inde. Le d\u00e9funt \u00e9tait une figure du soul\u00e8vement de l&rsquo;\u00e9t\u00e9 2024.<\/p>\n<p class=\"lead \">&#8211; \u00ab\u00a0Symbole d&rsquo;espoir\u00a0\u00bb &#8211;<\/p>\n<p class=\"lead \">Jahan Panna, une ex-d\u00e9put\u00e9e du BNP, a dit esp\u00e9rer que le retour de M. Rahman mettra un terme \u00e0 la \u00ab\u00a0spirale d&rsquo;anarchie\u00a0\u00bb. \u00ab\u00a0Il est le symbole de l&rsquo;espoir pour ce pays\u00a0\u00bb, a soutenu cette femme de 55 ans.<\/p>\n<p class=\"lead \">Bri\u00e8vement d\u00e9tenu enfant pendant la guerre d&rsquo;ind\u00e9pendance, endeuill\u00e9 \u00e0 l&rsquo;adolescence par l&rsquo;assassinat de son p\u00e8re Ziaur Rahman, influent commandant de l&rsquo;arm\u00e9e, Tarique Rahman a grandi dans l&rsquo;orbite politique de sa m\u00e8re, Khaleda Zia, devenue en 1991 la premi\u00e8re femme Premi\u00e8re ministre du pays et alternant ses mandats au pouvoir avec Sheikh Hasina.<\/p>\n<p class=\"lead \">Des all\u00e9gations de n\u00e9potisme et de mauvaise gestion ont \u00e9maill\u00e9 la carri\u00e8re de M. Rahman.<\/p>\n<p class=\"lead \">Depuis la chute de Sheikh Hasina en 2024, Tarique Rahman a \u00e9t\u00e9 acquitt\u00e9 du chef d&rsquo;accusation le plus grave retenu contre lui: une peine de prison \u00e0 perp\u00e9tuit\u00e9 prononc\u00e9e par contumace en 2018 pour des accusations selon lesquelles il aurait orchestr\u00e9 un attentat \u00e0 la grenade commis en 2004 lors d&rsquo;un rassemblement politique de Mme Hasina. <\/p>\n<p class=\"lead \">Il a toujours ni\u00e9 toute implication.<\/p>\n<p class=\"small font-weight-bold text-gray3 \"> publi\u00e9 le 25 d\u00e9cembre \u00e0 14h36, AFP<\/p>\n<p>                             Partager<\/p>\n","protected":false},"excerpt":{"rendered":"Apr\u00e8s 17 ans d&rsquo;exil, Tarique Rahman, figure politique influente et candidat pressenti au poste de Premier ministre du&hellip;\n","protected":false},"author":2,"featured_media":621897,"comment_status":"","ping_status":"","sticky":false,"template":"","format":"standard","meta":{"footnotes":""},"categories":[5],"tags":[11910,11,6811,1011,27,6228,14,12,316,30838,28],"class_list":{"0":"post-621896","1":"post","2":"type-post","3":"status-publish","4":"format-standard","5":"has-post-thumbnail","7":"category-international","8":"tag-lections","9":"tag-actualites","10":"tag-bangladesh","11":"tag-fr","12":"tag-france","13":"tag-gb","14":"tag-international","15":"tag-news","16":"tag-politique","17":"tag-troubles","18":"tag-world"},"share_on_mastodon":{"url":"","error":""},"_links":{"self":[{"href":"https:\/\/www.europesays.com\/fr\/wp-json\/wp\/v2\/posts\/621896","targetHints":{"allow":["GET"]}}],"collection":[{"href":"https:\/\/www.europesays.com\/fr\/wp-json\/wp\/v2\/posts"}],"about":[{"href":"https:\/\/www.europesays.com\/fr\/wp-json\/wp\/v2\/types\/post"}],"author":[{"embeddable":true,"href":"https:\/\/www.europesays.com\/fr\/wp-json\/wp\/v2\/users\/2"}],"replies":[{"embeddable":true,"href":"https:\/\/www.europesays.com\/fr\/wp-json\/wp\/v2\/comments?post=621896"}],"version-history":[{"count":0,"href":"https:\/\/www.europesays.com\/fr\/wp-json\/wp\/v2\/posts\/621896\/revisions"}],"wp:featuredmedia":[{"embeddable":true,"href":"https:\/\/www.europesays.com\/fr\/wp-json\/wp\/v2\/media\/621897"}],"wp:attachment":[{"href":"https:\/\/www.europesays.com\/fr\/wp-json\/wp\/v2\/media?parent=621896"}],"wp:term":[{"taxonomy":"category","embeddable":true,"href":"https:\/\/www.europesays.com\/fr\/wp-json\/wp\/v2\/categories?post=621896"},{"taxonomy":"post_tag","embeddable":true,"href":"https:\/\/www.europesays.com\/fr\/wp-json\/wp\/v2\/tags?post=621896"}],"curies":[{"name":"wp","href":"https:\/\/api.w.org\/{rel}","templated":true}]}}