{"id":621902,"date":"2025-12-25T17:17:30","date_gmt":"2025-12-25T17:17:30","guid":{"rendered":"https:\/\/www.europesays.com\/fr\/621902\/"},"modified":"2025-12-25T17:17:30","modified_gmt":"2025-12-25T17:17:30","slug":"8-terrains-a-vendre-dans-ce-futur-lotissement","status":"publish","type":"post","link":"https:\/\/www.europesays.com\/fr\/621902\/","title":{"rendered":"8 terrains \u00e0 vendre dans ce futur lotissement"},"content":{"rendered":"<p>                    Par<br \/>\n        <strong><br \/>\n            <a href=\"https:\/\/actu.fr\/auteur\/journaliste-lecourrierindependant\" title=\"Consulter tous les articles de R\u00e9daction Loud\u00e9ac\" target=\"_blank\" rel=\"noopener\">R\u00e9daction Loud\u00e9ac<\/a><br \/>\n                    <\/strong><\/p>\n<p>        Publi\u00e9 le<\/p>\n<p>            25 d\u00e9c. 2025 \u00e0 17h57        <\/p>\n<p>Un terrain est d\u00e9j\u00e0 retenu dans le <b>futur lotissement <\/b>de <b>Saint-\u00c9tienne-du-Gu\u00e9-de-l\u2019Isle<\/b>, pr\u00e8s de <a href=\"https:\/\/actu.fr\/bretagne\/loudeac_22136\" target=\"_blank\" rel=\"noopener\">Loud\u00e9ac<\/a> (C\u00f4tes-d\u2019Armor).<br \/><b>20\u00a0\u20ac le m\u00e8tre carr\u00e9 <\/b>pour les 7 lots restants, aux superficies diverses.<br \/><b>Lundi 15\u00a0d\u00e9cembre 2025<\/b>, les <b>travaux <\/b>de <b>viabilisation <\/b>suivaient leur cours, pour une livraison en <b>f\u00e9vrier\u00a02026.<\/b><\/p>\n<p>Travaux en cours sur le futur lotissement<\/p>\n<p class=\" wall-content\">Les \u00e9lus de <a href=\"https:\/\/actu.fr\/bretagne\/saint-etienne-du-gue-de-l-isle_22288\" target=\"_blank\" rel=\"noopener\">Saint-\u00c9tienne-du-Gu\u00e9-de-l\u2019Isle<\/a> se sont d\u00e9plac\u00e9s sur l\u2019emplacement du futur lotissement du <b>Hameau de la Prairie<\/b>, <b>lundi 15\u00a0d\u00e9cembre 2025.<\/b><\/p>\n<p class=\" wall-content\">Les <b>travaux <\/b>de <b>canalisations <\/b>des eaux pluviales et us\u00e9es sont termin\u00e9s.<\/p>\n<p class=\" wall-content\">Une seconde phase vient de d\u00e9buter avec la <b>mise en place de l\u2019eau potable<\/b>, par la soci\u00e9t\u00e9 SEEG (La Motte).<\/p>\n<p>Voies d\u2019acc\u00e8s, trottoirs\u2026<\/p>\n<p class=\" wall-content\">Dans une troisi\u00e8me phase, qui interviendra en<b> janvier\u00a02026<\/b>, les r\u00e9seaux \u00e9lectriques seront plac\u00e9s, et enfouis.<\/p>\n<p class=\" wall-content\">Apr\u00e8s cette mise en place, un <b>terrassement <\/b>sera effectu\u00e9 pour cr\u00e9er des voies d\u2019acc\u00e8s aux diff\u00e9rents lots, et pour poser des bordures de trottoirs.<\/p>\n<p class=\" wall-content\">Fin des travaux est annonc\u00e9e pour <b>f\u00e9vrier\u00a02026.<\/b><\/p>\n<p>Votre r\u00e9gion, votre actu !<\/p>\n<p>Recevez chaque jour les infos qui comptent pour vous.<\/p>\n<p>\t<a href=\"https:\/\/actu.fr\/newsletter\" class=\"ac-btn ac-btn--corner ac-btn--medium ac-btn--blue800\" target=\"_blank\" rel=\"noopener\">S&rsquo;incrire<\/a><\/p>\n<p>    <img   decoding=\"async\" loading=\"lazy\" class=\"size-large\" src=\"https:\/\/www.europesays.com\/fr\/wp-content\/uploads\/2025\/12\/184fa93d0dd86fb4fa93d0dd8ef4fav-960x640.jpg\" alt=\"Emplacement du futur lotissement\" width=\"960\" height=\"640\"\/><br \/>\n    Emplacement du futur lotissement de Saint-\u00c9tienne-du-Gu\u00e9-de-l\u2019Isle, pr\u00e8s de Loud\u00e9ac (C\u00f4tes-d\u2019Armor)\u2009; d\u00e9j\u00e0 un terrain retenu sur les huit, \u00e0 20\u00a0euros le m\u00e8tre carr\u00e9. \u00a9Le Courrier Ind\u00e9pendant archivesHuit lots de 500 \u00e0 700 m2<\/p>\n<p class=\" wall-content\"><b>Vendredi 19 d\u00e9cembre 2025<\/b>, les employ\u00e9s du service technique ont proc\u00e9d\u00e9 \u00e0 la mise en place du panneau incitant les \u00e9ventuels acheteurs \u00e0 acqu\u00e9rir une parcelle pour y construire leur maison.<\/p>\n<p class=\" wall-content\"><b>Huit lots <\/b>sont propos\u00e9s<b> \u00e0 la vente<\/b> (un lot a d\u00e9j\u00e0 \u00e9t\u00e9 retenu) d\u2019une superficie variable entre <b>500 et 700\u00a0m2.<\/b><\/p>\n<p class=\" wall-content\">De plus, la municipalit\u00e9 offre, aux futurs acqu\u00e9reurs, <a href=\"https:\/\/actu.fr\/bretagne\/saint-etienne-du-gue-de-l-isle_22288\/terrains-a-vendre-pres-de-loudeac-payez-moins-dimpots-en-construisant-ici_62118898.html\" target=\"_blank\" rel=\"noopener\">un certain nombre d\u2019avantages fiscaux non n\u00e9gligeable<\/a>.<\/p>\n<p class=\" wall-content\"><b>Le prix de vente du m\u00e8tre carr\u00e9 est de 20\u00a0\u20ac<\/b>.<\/p>\n<p class=\" wall-content\">Renseignements et r\u00e9servations se font en mairie au 02\u200996\u200926\u200971\u200922.<\/p>\n<p>    <img   decoding=\"async\" loading=\"lazy\" class=\"size-large\" src=\"https:\/\/www.europesays.com\/fr\/wp-content\/uploads\/2025\/12\/cffd726b28496d40e726b2849a80e7v-960x640.jpg\" alt=\"Le lotissement de la Prairie offre 8 lots accessible \u00e0 la vente au prix de 20 \u20ac le m2\" width=\"960\" height=\"640\"\/><br \/>\n    Le lotissement de la Prairie comprendra 8 lots accessibles \u00e0 la vente au prix de 20 \u20ac le m\u00e8tre carr\u00e9, vendredi 19 d\u00e9cembre 2025, \u00e0 Saint-\u00c9tienne-du-Gu\u00e9-de-l\u2019Isle, pr\u00e8s de Loud\u00e9ac (C\u00f4tes-d\u2019Armor). \u00a9Le Courrier Ind\u00e9pendant<\/p>\n<p class=\" wall-content\">Personnalisez votre actualit\u00e9 en ajoutant vos villes et m\u00e9dias en favori avec <a href=\"https:\/\/moncompte.actu.fr\" title=\"D\u00e9couvez Mon Actu\" rel=\"nofollow noopener\" data-trk=\"{&quot;cta&quot;:{&quot;action&quot;:&quot;https:\\\/\\\/moncompte.actu.fr&quot;,&quot;category&quot;:&quot;mon compte&quot;,&quot;from&quot;:&quot;article footer&quot;,&quot;name&quot;:&quot;Mon actu&quot;,&quot;type&quot;:&quot;cta&quot;}}\" target=\"_blank\">Mon Actu<\/a>.<\/p>\n","protected":false},"excerpt":{"rendered":"Par R\u00e9daction Loud\u00e9ac Publi\u00e9 le 25 d\u00e9c. 2025 \u00e0 17h57 Un terrain est d\u00e9j\u00e0 retenu dans le futur&hellip;\n","protected":false},"author":2,"featured_media":621903,"comment_status":"","ping_status":"","sticky":false,"template":"","format":"standard","meta":{"footnotes":""},"categories":[9653],"tags":[1111,11,2430,10721,1777,674,1011,27,1116,12,25,4001,104,2086],"class_list":{"0":"post-621902","1":"post","2":"type-post","3":"status-publish","4":"format-standard","5":"has-post-thumbnail","7":"category-saint-etienne","8":"tag-actu","9":"tag-actualites","10":"tag-auvergne-rhone-alpes","11":"tag-centre-bretagne","12":"tag-eu","13":"tag-europe","14":"tag-fr","15":"tag-france","16":"tag-immobilier","17":"tag-news","18":"tag-republique-francaise","19":"tag-saint-etienne","20":"tag-societe","21":"tag-travaux"},"share_on_mastodon":{"url":"https:\/\/pubeurope.com\/@fr\/115781348372796884","error":""},"_links":{"self":[{"href":"https:\/\/www.europesays.com\/fr\/wp-json\/wp\/v2\/posts\/621902","targetHints":{"allow":["GET"]}}],"collection":[{"href":"https:\/\/www.europesays.com\/fr\/wp-json\/wp\/v2\/posts"}],"about":[{"href":"https:\/\/www.europesays.com\/fr\/wp-json\/wp\/v2\/types\/post"}],"author":[{"embeddable":true,"href":"https:\/\/www.europesays.com\/fr\/wp-json\/wp\/v2\/users\/2"}],"replies":[{"embeddable":true,"href":"https:\/\/www.europesays.com\/fr\/wp-json\/wp\/v2\/comments?post=621902"}],"version-history":[{"count":0,"href":"https:\/\/www.europesays.com\/fr\/wp-json\/wp\/v2\/posts\/621902\/revisions"}],"wp:featuredmedia":[{"embeddable":true,"href":"https:\/\/www.europesays.com\/fr\/wp-json\/wp\/v2\/media\/621903"}],"wp:attachment":[{"href":"https:\/\/www.europesays.com\/fr\/wp-json\/wp\/v2\/media?parent=621902"}],"wp:term":[{"taxonomy":"category","embeddable":true,"href":"https:\/\/www.europesays.com\/fr\/wp-json\/wp\/v2\/categories?post=621902"},{"taxonomy":"post_tag","embeddable":true,"href":"https:\/\/www.europesays.com\/fr\/wp-json\/wp\/v2\/tags?post=621902"}],"curies":[{"name":"wp","href":"https:\/\/api.w.org\/{rel}","templated":true}]}}