{"id":621906,"date":"2025-12-25T17:23:25","date_gmt":"2025-12-25T17:23:25","guid":{"rendered":"https:\/\/www.europesays.com\/fr\/621906\/"},"modified":"2025-12-25T17:23:25","modified_gmt":"2025-12-25T17:23:25","slug":"pronostic-nancy-nanterre-betclic-elite-2","status":"publish","type":"post","link":"https:\/\/www.europesays.com\/fr\/621906\/","title":{"rendered":"Pronostic Nancy Nanterre &#8211; Betclic Elite"},"content":{"rendered":"<p class=\"text-xs leading-5 text-gray-400 mb-2\">\n                        Publi\u00e9 le 23\/12\/2025 02:36<br \/>\n                        \u00a0par<br \/>\n                                                            <a href=\"https:\/\/www.sportytrader.com\/auteur\/baptiste-couturiaux-3\/\" target=\"_blank\" rel=\"noopener\">Baptiste Couturiaux<\/a><\/p>\n<p>                                                    |<br \/>\n                            Modifi\u00e9 le<br \/>\n                                23\/12\/2025<br \/>\n                                \u00e0 12:30<\/p>\n<p>                                                                                                            dans<br \/>\n                                <a data-trans=\"tips.published.competition %competition%\" href=\"https:\/\/www.sportytrader.com\/pronostics\/basket\/france\/lnb-308\/\" target=\"_blank\" rel=\"noopener\"><br \/>\n                                    Pronostic Betclic Elite<br \/>\n                                <\/a><\/p>\n<p>De la Betclic Elite avant No\u00ebl ! Pour le compte de la 13e journ\u00e9e du championnat de France, deux \u00e9quipes avec un bilan positif ou presque se retrouvent sous les coups de 16h30. Actuellement en 8-4, Nanterre se rend dans l\u2019Est de la France pour d\u00e9fier Nancy, formation tr\u00e8s \u00e0 l\u2019aise devant son public. Et les Parisiens auront \u00e0 c\u0153ur de relancer la machine apr\u00e8s un match au sommet perdu contre Monaco en prolongation. Mais cela ne change pas le basket propos\u00e9 par Julien Mah\u00e9, tr\u00e8s attrayant depuis le d\u00e9but de saison. Les verts et blancs se sont notamment impos\u00e9s avec la mani\u00e8re face au Mans sur le score de 98-88. Face \u00e0 un adversaire qui sort \u00e9galement d\u2019un week-end difficile, le N92 ne doit pas se manquer !<\/p>\n<p>Vilaine d\u00e9faite pour les Nanc\u00e9iens\u2026 Alors qu\u2019ils \u00e9taient sur deux victoires cons\u00e9cutives, le SLUC n\u2019a rien pu faire \u00e0 Dijon en s\u2019inclinant par 15 points d\u2019\u00e9cart \u00e0 la fin des 40 minutes. Une v\u00e9ritable d\u00e9ception pour Sylvain Lauti\u00e9 et ses hommes qui retrouvent un bilan \u00e0 l\u2019\u00e9quilibre. Lors de chaque rencontre, les rouges et blancs retrouvent une certaine pression qu\u2019ils aimeraient \u00e9viter. Devant leurs supporters, les Cougars vont essayer de relancer la machine mais le moindre faux-pas contre Nanterre risque d\u2019\u00eatre fatal\u2026<\/p>\n","protected":false},"excerpt":{"rendered":"Publi\u00e9 le 23\/12\/2025 02:36 \u00a0par Baptiste Couturiaux | Modifi\u00e9 le 23\/12\/2025 \u00e0 12:30 dans Pronostic Betclic Elite De&hellip;\n","protected":false},"author":2,"featured_media":621907,"comment_status":"","ping_status":"","sticky":false,"template":"","format":"standard","meta":{"footnotes":""},"categories":[9635],"tags":[1111,11,3146,1777,674,1011,27,775,1702,10963,12,1817,1821,25],"class_list":{"0":"post-621906","1":"post","2":"type-post","3":"status-publish","4":"format-standard","5":"has-post-thumbnail","7":"category-nancy","8":"tag-actu","9":"tag-actualites","10":"tag-betclic-elite","11":"tag-eu","12":"tag-europe","13":"tag-fr","14":"tag-france","15":"tag-grand-est","16":"tag-nancy","17":"tag-nanterre","18":"tag-news","19":"tag-pronostic","20":"tag-pronostics","21":"tag-republique-francaise"},"share_on_mastodon":{"url":"https:\/\/pubeurope.com\/@fr\/115781370214001577","error":""},"_links":{"self":[{"href":"https:\/\/www.europesays.com\/fr\/wp-json\/wp\/v2\/posts\/621906","targetHints":{"allow":["GET"]}}],"collection":[{"href":"https:\/\/www.europesays.com\/fr\/wp-json\/wp\/v2\/posts"}],"about":[{"href":"https:\/\/www.europesays.com\/fr\/wp-json\/wp\/v2\/types\/post"}],"author":[{"embeddable":true,"href":"https:\/\/www.europesays.com\/fr\/wp-json\/wp\/v2\/users\/2"}],"replies":[{"embeddable":true,"href":"https:\/\/www.europesays.com\/fr\/wp-json\/wp\/v2\/comments?post=621906"}],"version-history":[{"count":0,"href":"https:\/\/www.europesays.com\/fr\/wp-json\/wp\/v2\/posts\/621906\/revisions"}],"wp:featuredmedia":[{"embeddable":true,"href":"https:\/\/www.europesays.com\/fr\/wp-json\/wp\/v2\/media\/621907"}],"wp:attachment":[{"href":"https:\/\/www.europesays.com\/fr\/wp-json\/wp\/v2\/media?parent=621906"}],"wp:term":[{"taxonomy":"category","embeddable":true,"href":"https:\/\/www.europesays.com\/fr\/wp-json\/wp\/v2\/categories?post=621906"},{"taxonomy":"post_tag","embeddable":true,"href":"https:\/\/www.europesays.com\/fr\/wp-json\/wp\/v2\/tags?post=621906"}],"curies":[{"name":"wp","href":"https:\/\/api.w.org\/{rel}","templated":true}]}}