{"id":621916,"date":"2025-12-25T17:29:14","date_gmt":"2025-12-25T17:29:14","guid":{"rendered":"https:\/\/www.europesays.com\/fr\/621916\/"},"modified":"2025-12-25T17:29:14","modified_gmt":"2025-12-25T17:29:14","slug":"des-chiens-dangereux-a-bonsecours-un-debat-sur-linsecurite-senflamme","status":"publish","type":"post","link":"https:\/\/www.europesays.com\/fr\/621916\/","title":{"rendered":"Des \u00ab\u2009chiens dangereux \u00bb ? \u00c0 Bonsecours, un d\u00e9bat sur l&rsquo;ins\u00e9curit\u00e9 s&rsquo;enflamme"},"content":{"rendered":"<p>                    Par<br \/>\n        <strong><br \/>\n            <a href=\"https:\/\/actu.fr\/auteur\/laredaction\" title=\"Consulter tous les articles de R\u00e9daction Normandie\" target=\"_blank\" rel=\"noopener\">R\u00e9daction Normandie<\/a><br \/>\n                    <\/strong><\/p>\n<p>        Publi\u00e9 le<\/p>\n<p>            25 d\u00e9c. 2025 \u00e0 17h04        <\/p>\n<p>Un <strong>conseil municipal<\/strong> s\u2019est tenu, \u00e0 <a href=\"https:\/\/actu.fr\/normandie\/bonsecours_76103\" target=\"_blank\" rel=\"noopener\">Bonsecours<\/a>, pr\u00e8s de <strong>Rouen<\/strong>, \u00e0 la mi-novembre. Cinq d\u00e9lib\u00e9rations \u00e9taient \u00e0 l\u2019ordre du jour, parmi lesquelles l\u2019adoption, malgr\u00e9 l\u2019abstention des oppositions, d\u2019un emprunt de 500\u2009000\u00a0euros. La s\u00e9ance s\u2019est conclue sur des \u00e9changes tendus entre le maire et l\u2019opposition au sujet de l\u2019ins\u00e9curit\u00e9 et de \u00ab\u2009propri\u00e9taires de <strong>chiens dangereux<\/strong>\u2009\u00bb\u2026<\/p>\n<p>\u00abL\u2019emprunt souscrit est un emprunt d\u2019\u00e9quilibre\u2009\u00bb<\/p>\n<p class=\" wall-content\">\u00ab\u2009Les investissements financ\u00e9s par l\u2019emprunt, cela n\u2019existe pas\u2009! Par principe, dans les r\u00e8gles de la comptabilit\u00e9 publique, l\u2019emprunt qui est souscrit est un emprunt d\u2019\u00e9quilibre. La r\u00e8gle de la non-affectation fait partie des quatre r\u00e8gles budg\u00e9taires des finances publiques. Globalement, il va permettre d\u2019\u00e9quilibrer notre section d\u2019investissement. Comme dans toutes les communes de France, il va r\u00e9pondre \u00e0 cette exigence\u2009\u00bb, a d\u00e9clar\u00e9 le maire Laurent Grelaud, ajoutant que ce montant d\u2019<strong>emprunt de 500\u2009000\u00a0euros<\/strong> est plut\u00f4t bas et qu\u2019il correspond \u00e0 la limite que la commune s\u2019est fix\u00e9e, hors circonstances particuli\u00e8res, \u00e0 savoir \u00ab\u2009des investissements extraordinaires comme nous avons d\u00fb le faire pour le centre de loisirs\u2009\u00bb.<\/p>\n<blockquote class=\"ac-article-quote wall-content\">\n<p>La spirale de la dette finit toujours par un naufrage.<\/p>\n<p>Laurent Grelaud<\/p><\/blockquote>\n<p class=\" wall-content\">Le maire a continu\u00e9 son intervention en expliquant que cet emprunt va permettre \u00e0 la Ville de \u00ab\u2009poursuivre <strong>notre d\u00e9sendettement<\/strong> tout en menant une politique d\u2019investissement dynamique, raisonnable et donc finan\u00e7able, sans mettre \u00e0 mal notre sant\u00e9 budg\u00e9taire et par ricochet le portefeuille des Bonauxiliens\u2009\u00bb.<\/p>\n<p class=\" wall-content\">Et, il a rappel\u00e9 que lorsqu\u2019il a \u00e9t\u00e9 \u00e9lu maire, la dette s\u2019\u00e9levait \u00e0 6\u00a0millions d\u2019euros\u2009: \u00ab\u2009elle est aujourd\u2019hui de <strong>3,9\u00a0millions d\u2019euros<\/strong>. La spirale de la dette finit toujours par un naufrage\u2009\u00bb, a lanc\u00e9 le maire Laurent Grelaud, visiblement agac\u00e9 apr\u00e8s une question sur l\u2019affectation de la somme, \u00e0 laquelle il constate devoir r\u00e9pondre tous les ans.<\/p>\n<p class=\" wall-content\">Comme bien souvent, et pas seulement \u00e0 Bonsecours, ce sont les questions diverses qui ont apport\u00e9 le plus d\u2019informations, de d\u00e9bats, voire d\u2019invectives. Une coutume respect\u00e9e lors de cette s\u00e9ance\u2009!<\/p>\n<p>Le point sur les locaux de la Caisse d\u2019\u00c9pargne<\/p>\n<p class=\" wall-content\">Apr\u00e8s avoir inform\u00e9 les \u00e9lus sur la situation des <strong>locaux de la Caisse d\u2019\u00c9pargne<\/strong> rachet\u00e9s en mai\u00a02025 par la Ville, mais inaccessibles apr\u00e8s l\u2019incendie des deux logements situ\u00e9s au-dessus (lire notre pr\u00e9c\u00e9dent article), Laurent Grelaud a indiqu\u00e9 que sept assurances interviennent, soit autant d\u2019experts.<\/p>\n<p>    <img   decoding=\"async\" loading=\"lazy\" src=\"https:\/\/www.europesays.com\/fr\/wp-content\/uploads\/2025\/12\/9e6a91dd34296068a91dd3429179a9v-960x640.jpg\" alt=\"Sept experts ont essay\u00e9 de d\u00e9terminer les causes de l'incendie des logements au-dessus de la Caisse d'\u00c9pargne.\u00a0\" width=\"960\" height=\"640\"\/><br \/>\n    Sept experts ont essay\u00e9 de d\u00e9terminer les causes de l\u2019incendie des logements au-dessus de la Caisse d\u2019\u00c9pargne. (\u00a9Le Bulletin)<\/p>\n<p>Votre r\u00e9gion, votre actu !<\/p>\n<p>Recevez chaque jour les infos qui comptent pour vous.<\/p>\n<p>\t<a href=\"https:\/\/actu.fr\/newsletter\" class=\"ac-btn ac-btn--corner ac-btn--medium ac-btn--blue800\" target=\"_blank\" rel=\"noopener\">S&rsquo;incrire<\/a><\/p>\n<p class=\" wall-content\">\u00ab\u2009Je ne dis pas que cela se passe mal. Le ma\u00eetre mot va \u00eatre la patience. La derni\u00e8re expertise contradictoire a eu lieu d\u00e9but septembre. Chaque expert a d\u00e9pos\u00e9 son dossier en sachant que pour le moment, on ne conna\u00eet toujours pas la cause de l\u2019incendie. On sait qu\u2019il a pris dans un appartement. C\u2019est compliqu\u00e9. On attend\u2009!\u2009\u00bb, a soulign\u00e9 le maire.<\/p>\n<p class=\" wall-content\">C\u2019est ensuite que les choses se sont tendues avec les oppositions qui ont d\u00e9cid\u00e9 de s\u2019allier pour les municipales 2026. Elles ont pos\u00e9 trois questions <strong>sur la s\u00e9curit\u00e9<\/strong> \u00e0 Bonsecours\u2009: \u00ab\u2009combien de cambriolages\u2009? Quelle coop\u00e9ration avec les polices municipales du secteur\u2009? Avons-nous un conseil local ou intercommunal de pr\u00e9vention de la d\u00e9linquance (CLSPD)\u2009?\u2009\u00bb<\/p>\n<p>Questions sur la s\u00e9curit\u00e9\u2009: \u00ab\u2009une pr\u00e9occupation l\u00e9gitime\u2009\u00bb<\/p>\n<p class=\" wall-content\">Laurent Grelaud a fait une r\u00e9ponse globale sur \u00ab\u2009une pr\u00e9occupation \u00e9videmment l\u00e9gitime, mais nationale. Fort heureusement, nous sommes, \u00e0 Bonsecours, une commune <strong>qui reste pr\u00e9serv\u00e9e<\/strong>. Mais nous ne sommes pas sous une cloche de verre. Elle ne peut pas l\u2019\u00eatre. Elle ne doit pas l\u2019\u00eatre. Nous avons des actes malveillants qui se r\u00e9sument \u00e0 70\u2009% de cambriolages. Depuis le d\u00e9but de l\u2019ann\u00e9e, <strong>nous en sommes \u00e0 25<\/strong>. Deux par mois. Deux de trop\u2009\u00bb, a d\u00e9taill\u00e9 l\u2019\u00e9lu, indiquant que les autres faits concernent des accidents ou encore des conflits familiaux.<\/p>\n<p class=\" wall-content\">Il a ensuite rappel\u00e9 que, non, la commune ne dispose pas de CLSPD, car elle \u00ab\u2009ne justifie pas un d\u00e9ploiement de moyens et d\u2019actions sp\u00e9cifiques. En octobre-novembre, Bonsecours a repr\u00e9sent\u00e9 au total 16\u2009% des interventions de la Police nationale. Sur ces 16\u2009%, il y a environ 30\u2009% de probl\u00e8mes familiaux. C\u2019est pour montrer qu\u2019en mati\u00e8re de s\u00e9curit\u00e9, nous sommes dans une situation plut\u00f4t enviable\u2009\u00bb, a estim\u00e9 le maire, mettant en \u00e9vidence le bon travail de la police municipale, qui conna\u00eet parfaitement son territoire, et qui travaille en collaboration avec ses coll\u00e8gues du Mesnil-Esnard.<\/p>\n<p>Le d\u00e9bat s\u2019envenime autour de mains courantes<\/p>\n<p class=\" wall-content\">Toutefois, Laurent Grelaud a ajout\u00e9 que \u00ab\u2009tout acte d\u2019incivilit\u00e9 et d\u2019ins\u00e9curit\u00e9 est un acte de trop\u2009\u00bb.\u00a0Et c\u2019est \u00e0 ce moment que les d\u00e9bats se sont, pour le moins, envenim\u00e9s. Le maire a en effet tenu \u00e0 souligner que les faits d\u2019incivilit\u00e9 ou de d\u00e9linquance ne se r\u00e9sument pas \u00e0 des cambriolages\u2009: il a ainsi \u00e9voqu\u00e9 les conflits de voisinage, les exc\u00e8s de vitesse et aussi <strong>\u00ab\u2009les propri\u00e9taires de chiens dangereux\u2009\u00bb<\/strong>, visant plus particuli\u00e8rement un conseiller municipal d\u2019opposition.<\/p>\n<p class=\" wall-content\">Le maire a alors fait r\u00e9f\u00e9rence \u00e0 <strong>quatre mains courantes<\/strong> d\u00e9pos\u00e9es \u00e0 la police municipale pour des attaques par un chien qui appartiendrait au dit conseiller municipal d\u2019opposition. Ce dernier s\u2019est alors \u00e9tonn\u00e9 que son cas soit cit\u00e9\u2009: \u00ab\u2009Qu\u2019est-ce que cela vient faire dans un conseil municipal\u2009?\u2009\u00bb, a-t-il object\u00e9.<\/p>\n<p>Une histoire de chien sans laisse ni museli\u00e8re\u2026<\/p>\n<p class=\" wall-content\">Ce \u00e0 quoi Laurent Grelaud a r\u00e9torqu\u00e9\u2009: \u00ab\u2009vous m\u2019avez pos\u00e9 une question sur l\u2019ins\u00e9curit\u00e9. C\u2019est une notion large. Je signale que vous \u00eates le seul Bonauxilien qui m\u2019a contraint \u00e0 prendre un arr\u00eat\u00e9 municipal pour vous obliger \u00e0 tenir votre chien en laisse et lui faire porter une museli\u00e8re\u2009\u00bb.<\/p>\n<p>\u00ab\u2009Il faut que vous vous acharniez sur l\u2019opposition\u2009\u00bb<\/p>\n<p class=\" wall-content\">L\u2019int\u00e9ress\u00e9 a alors encha\u00een\u00e9\u2009: \u00ab\u2009Pouvons-nous passer \u00e0 autre chose\u2009? Ce qui me fait sourire, c\u2019est la nature de votre intervention, c\u2019est qu\u2019il faut que vous vous <strong>acharniez sur l\u2019opposition<\/strong>. Il y en a toujours un avec vous. L\u00e0, vous \u00eates juge et partie. \u00cates-vous venu me rencontrer\u2009? Vous me faites des reproches sans vous renseigner. Restons en l\u00e0\u2009!\u2009\u00bb<\/p>\n<p class=\" wall-content\">Mais, pour Laurent Grelaud, pas question de clore cette affaire, sans indiquer \u00e0 l\u2019opposant que c\u2019est \u00ab\u2009son attitude\u2009\u00bb, qui l\u2019a contraint \u00e0 \u00e9voquer ce fait qu\u2019il d\u00e9plore, d\u2019autant plus quand il vient d\u2019un \u00e9lu municipal.<\/p>\n<p>Une attaque personnelle selon Guillaume Brunet<\/p>\n<p class=\" wall-content\">Guillaume Brunet, conseiller municipal d\u2019opposition et t\u00eate de liste pour les prochaines municipales, est aussi intervenu en d\u00e9plorant les faits, mais \u00e9galement pour regretter que la discussion ait \u00ab\u2009gliss\u00e9 un peu vite sur <strong>quelque chose de personnel<\/strong>. Je veux bien croire que ce n\u2019\u00e9tait pas votre intention, cependant cela devient une attaque personnelle envers un membre du conseil municipal. Ce n\u2019est pas le lieu. C\u2019est quelque chose de r\u00e9current dans ce conseil\u2009\u00bb.<\/p>\n<p>La r\u00e9action de l&rsquo;opposant Guillaume Brunet<\/p>\n<p>Au lendemain de cet \u00e9change tendu au conseil municipal, Guillaume Brunet a adress\u00e9 ce message \u00e0 la R\u00e9daction. \u00ab Le maire ayant d\u00e9cid\u00e9 de discr\u00e9diter un conseiller municipal lors du conseil municipal, je me suis \u00e9tonn\u00e9 de la divulgation du contenu de mains courantes. J&rsquo;ai donc effectu\u00e9 des recherches sur le cadre l\u00e9gal des mains courantes. Il en ressort que, dans un avis de 2014, la Commission d&rsquo;acc\u00e8s aux documents administratifs estime que les extraits du registre de main courante sont communicables aux seules personnes int\u00e9ress\u00e9es, en vertu de l&rsquo;article\u00a06 de la loi de 1978, c&rsquo;est-\u00e0-dire \u00e0 la personne qui en est \u00e0 l&rsquo;initiative ou aux personnes mises en cause \u00bb, fait valoir le conseiller municipal d&rsquo;opposition.<br \/>&#13;<br \/>\nIl poursuit : \u00ab il semble donc que, dans un but \u00e9lectoraliste pour discr\u00e9diter un membre de l&rsquo;\u00e9quipe de son (potentiel ?) adversaire, Monsieur le maire se soit mis hors la loi. J&rsquo;ignore si le conseiller municipal d\u00e9cidera de porter plainte pour atteinte \u00e0 la vie priv\u00e9e. Quoi qu&rsquo;il en soit, la pol\u00e9mique que Monsieur Grelaud a d\u00e9clench\u00e9e lui-m\u00eame lors du conseil municipal, accompagn\u00e9e d&rsquo;une indignation surjou\u00e9e du premier adjoint, d\u00e9montre une fois de plus qu&rsquo;il pr\u00e9f\u00e8re s&rsquo;attaquer aux personnes plus qu&rsquo;aux probl\u00e8mes de fond du quotidien des Bonauxiliens \u00bb.<\/p>\n<p class=\" wall-content\">Ce \u00e0 quoi Laurent Grelaud a r\u00e9torqu\u00e9 vivement\u2009: \u00ab\u2009Merci ma\u00eetre\u2009! Cette plaidoirie vise \u00e0 d\u00e9fendre un conseiller et \u00e0 me rendre responsable de ce qui se passe. Mais, comme toute plaidoirie, elle a un parti pris. Je ne vous le reproche pas. Ici, il n\u2019y a aucune attaque personnelle\u2009\u00bb, a assur\u00e9 le maire, martelant que sa r\u00e9action est la cons\u00e9quence de l\u2019attitude du conseiller municipal mis en cause\u2026<\/p>\n<p class=\" wall-content\">Personnalisez votre actualit\u00e9 en ajoutant vos villes et m\u00e9dias en favori avec <a href=\"https:\/\/moncompte.actu.fr\" title=\"D\u00e9couvez Mon Actu\" rel=\"nofollow noopener\" data-trk=\"{&quot;cta&quot;:{&quot;action&quot;:&quot;https:\\\/\\\/moncompte.actu.fr&quot;,&quot;category&quot;:&quot;mon compte&quot;,&quot;from&quot;:&quot;article footer&quot;,&quot;name&quot;:&quot;Mon actu&quot;,&quot;type&quot;:&quot;cta&quot;}}\" target=\"_blank\">Mon Actu<\/a>.<\/p>\n","protected":false},"excerpt":{"rendered":"Par R\u00e9daction Normandie Publi\u00e9 le 25 d\u00e9c. 2025 \u00e0 17h04 Un conseil municipal s\u2019est tenu, \u00e0 Bonsecours, pr\u00e8s&hellip;\n","protected":false},"author":2,"featured_media":621917,"comment_status":"","ping_status":"","sticky":false,"template":"","format":"standard","meta":{"footnotes":""},"categories":[9587],"tags":[1111,11,4850,1777,674,118,1011,27,2825,12,5161,25,9590],"class_list":{"0":"post-621916","1":"post","2":"type-post","3":"status-publish","4":"format-standard","5":"has-post-thumbnail","7":"category-rouen","8":"tag-actu","9":"tag-actualites","10":"tag-chien","11":"tag-eu","12":"tag-europe","13":"tag-faits-divers","14":"tag-fr","15":"tag-france","16":"tag-insecurite","17":"tag-news","18":"tag-normandie","19":"tag-republique-francaise","20":"tag-rouen"},"share_on_mastodon":{"url":"https:\/\/pubeurope.com\/@fr\/115781395536261349","error":""},"_links":{"self":[{"href":"https:\/\/www.europesays.com\/fr\/wp-json\/wp\/v2\/posts\/621916","targetHints":{"allow":["GET"]}}],"collection":[{"href":"https:\/\/www.europesays.com\/fr\/wp-json\/wp\/v2\/posts"}],"about":[{"href":"https:\/\/www.europesays.com\/fr\/wp-json\/wp\/v2\/types\/post"}],"author":[{"embeddable":true,"href":"https:\/\/www.europesays.com\/fr\/wp-json\/wp\/v2\/users\/2"}],"replies":[{"embeddable":true,"href":"https:\/\/www.europesays.com\/fr\/wp-json\/wp\/v2\/comments?post=621916"}],"version-history":[{"count":0,"href":"https:\/\/www.europesays.com\/fr\/wp-json\/wp\/v2\/posts\/621916\/revisions"}],"wp:featuredmedia":[{"embeddable":true,"href":"https:\/\/www.europesays.com\/fr\/wp-json\/wp\/v2\/media\/621917"}],"wp:attachment":[{"href":"https:\/\/www.europesays.com\/fr\/wp-json\/wp\/v2\/media?parent=621916"}],"wp:term":[{"taxonomy":"category","embeddable":true,"href":"https:\/\/www.europesays.com\/fr\/wp-json\/wp\/v2\/categories?post=621916"},{"taxonomy":"post_tag","embeddable":true,"href":"https:\/\/www.europesays.com\/fr\/wp-json\/wp\/v2\/tags?post=621916"}],"curies":[{"name":"wp","href":"https:\/\/api.w.org\/{rel}","templated":true}]}}