{"id":621918,"date":"2025-12-25T17:30:24","date_gmt":"2025-12-25T17:30:24","guid":{"rendered":"https:\/\/www.europesays.com\/fr\/621918\/"},"modified":"2025-12-25T17:30:24","modified_gmt":"2025-12-25T17:30:24","slug":"etudiante-bresilienne-a-rouen-elle-nous-raconte-son-noel-loin-de-sa-famille","status":"publish","type":"post","link":"https:\/\/www.europesays.com\/fr\/621918\/","title":{"rendered":"\u00c9tudiante br\u00e9silienne \u00e0 Rouen, elle nous raconte son No\u00ebl loin de sa famille"},"content":{"rendered":"<p>                    Par<br \/>\n        <strong><br \/>\n            <a href=\"https:\/\/actu.fr\/auteur\/lily-dedeye\" title=\"Consulter tous les articles de Lily Dedeye\" target=\"_blank\" rel=\"noopener\">Lily Dedeye<\/a><br \/>\n                    <\/strong><\/p>\n<p>        Publi\u00e9 le<\/p>\n<p>            25 d\u00e9c. 2025 \u00e0 18h13        <\/p>\n<p><img decoding=\"async\" loading=\"lazy\" src=\"https:\/\/www.europesays.com\/fr\/wp-content\/uploads\/2025\/12\/img-0488-960x640.jpeg\" alt=\"Pour no\u00ebl, Dominique Daria, Ibraheem et Hanane, \u00e9tudiants \u00e9trangers \u00e0 Rouen, ont d\u00e9cid\u00e9 de c\u00e9l\u00e9brer ensemble, faute de pouvoir rentrer dans leurs familles respectives.\" width=\"960\" height=\"640\"\/>Pour No\u00ebl, Dominique Daria, Ibraheem et Hanane, \u00e9tudiants \u00e9trangers \u00e0 Rouen, ont d\u00e9cid\u00e9 de passer le 24 au soir ensemble, faute de pouvoir rentrer dans leurs familles respectives. (\u00a9Photo transmise par Dominique Daria Fernandes)<\/p>\n<p class=\" wall-content\">Tous les ans, l\u2019Universit\u00e9 de <a href=\"https:\/\/actu.fr\/normandie\/rouen_76540\" target=\"_blank\" rel=\"noopener\">Rouen<\/a> accueille de nombreux \u00e9trangers pour des \u00e9changes ou des Erasmus. \u00c0 la p\u00e9riode des f\u00eates, quand certains peuvent rentrer dans leurs familles, <strong>d\u2019autres sont contraints de rester en France.<\/strong> Mais alors, que font-ils loin des leurs en cette soir\u00e9e du 24 d\u00e9cembre ? Dominique Daria Fernandes, 30 ans, \u00e9tudiante br\u00e9silienne \u00e0 Rouen, a accept\u00e9 de t\u00e9moigner.\u00a0<\/p>\n<p>Depuis trois ans, elle fait No\u00ebl autrement<\/p>\n<p class=\" wall-content\">Dominique Daria Fernandes est br\u00e9silienne. Arriv\u00e9e en France en 2023, cela fait trois ans que la jeune femme ne rentre pas dans sa famille pour les f\u00eates et <strong>fait No\u00ebl autrement.<\/strong> \u00ab\u00a0La premi\u00e8re ann\u00e9e, je suis all\u00e9e \u00e0 Tours avec des amis br\u00e9siliens et la deuxi\u00e8me ann\u00e9e, j\u2019ai \u00e9t\u00e9 accueillie sur Paris par une amie. <strong>C\u2019est diff\u00e9rent<\/strong> d\u2019un No\u00ebl classique en famille mais \u00e7a ne me d\u00e9range pas. No\u00ebl est moins important pour moi que le Nouvel an. Et faire No\u00ebl entre amis peut aussi \u00eatre fun !\u00a0\u00bb d\u00e9clare-t-elle.<\/p>\n<p>Une occasion de m\u00ealer les cultures et f\u00e9d\u00e9rer l\u2019amiti\u00e9<\/p>\n<p class=\" wall-content\">Pour cette ann\u00e9e, Dominique Daria a pr\u00e9vu de se r\u00e9unir \u00e0 Rouen avec deux autres amis \u00e9tudiants : Hanane, marocaine et Ibraheem, ivoirien. Cette p\u00e9riode de f\u00eate est l\u2019occasion pour eux de <strong>se retrouver, c\u00e9l\u00e9brer ensemble et m\u00e9langer leurs cultures.<\/strong> \u00ab\u00a0Nous allons cuisiner des sp\u00e9cialit\u00e9s de nos pays et partager ensemble. Hanane va faire un tajine, moi je vais pr\u00e9parer un flan coco et Ibraheem va s\u2019occupe du fromage et des entr\u00e9es.\u00a0\u00bb<\/p>\n<blockquote class=\"ac-article-quote wall-content\">\n<p>Le dessert que je vais pr\u00e9parer s&rsquo;appelle bolo de coco gelado, c&rsquo;est un dessert typique du Br\u00e9sil. <\/p>\n<p>    <strong>Dominique Daria Fernandes<\/strong><br \/>\n        \u00e9tudiante \u00e0 l&rsquo;universit\u00e9 de Rouen en master \u00ab\u00a0humanit\u00e9 num\u00e9rique\u00a0\u00bb     <\/p><\/blockquote>\n<p class=\" wall-content\">Apr\u00e8s le repas, un karaok\u00e9 et des jeux de soci\u00e9t\u00e9 sont programm\u00e9s. \u00ab\u00a0Et quand je rentrerai le soir <strong>j\u2019appellerai ma famille <\/strong>!\u00a0\u00bb<\/p>\n<p>Votre r\u00e9gion, votre actu !<\/p>\n<p>Recevez chaque jour les infos qui comptent pour vous.<\/p>\n<p>\t<a href=\"https:\/\/actu.fr\/newsletter\" class=\"ac-btn ac-btn--corner ac-btn--medium ac-btn--blue800\" target=\"_blank\" rel=\"noopener\">S&rsquo;incrire<\/a><br \/>\nLes No\u00ebl au Br\u00e9sil<\/p>\n<p class=\" wall-content\">Contrairement \u00e0 ses amis, Dominique Daria avait l\u2019habitude de f\u00eater No\u00ebl en famille au Br\u00e9sil. L\u00e0-bas, \u00ab\u00a0ce n\u2019est pas autant d\u00e9cor\u00e9 qu\u2019en France dans les rues mais nous faisons un repas en famille. Il y a souvent les grands-parents, les cousins\u2026 C\u2019est tr\u00e8s convivial\u00a0\u00bb.<\/p>\n<p class=\" wall-content\">Depuis trois ans, la famille de Dominique Daria se retrouve donc \u00e0 trois pour les f\u00eates de fin d\u2019ann\u00e9e. \u00ab\u00a0Il reste mon fr\u00e8re et les chiens heureusement. Mais je sens que cette situation p\u00e8se \u00e0 ma maman\u00a0\u00bb, regrette la jeune femme.<\/p>\n<blockquote class=\"ac-article-quote wall-content\">\n<p>Pour le repas de No\u00ebl au Br\u00e9sil, on fait de la dinde comme en France qu&rsquo;on sert avec du riz et une salade de pommes de terre, carottes et mayonnaise. Pour le dessert, la b\u00fbche n&rsquo;existe pas chez nous ! On fait ce que l&rsquo;on appelle un pav\u00ea. Ca se rapproche un peu du tiramisu ! Ou bien on fait des rabanada, c&rsquo;est comme des cinnamon rolls !<\/p>\n<p>    <strong>Dominique Daria Fernandes<\/strong><br \/>\n        Etudiante \u00e0 l&rsquo;universit\u00e9 de Rouen en master \u00ab\u00a0humanit\u00e9 num\u00e9rique\u00a0\u00bb     <\/p><\/blockquote>\n<p>Vivre entre deux pays<\/p>\n<p class=\" wall-content\">Pour autant, Dominique Daria ne se voit pas retourner vivre au Br\u00e9sil. \u00ab\u00a0C\u2019est <strong>tr\u00e8s dangereux<\/strong> l\u00e0 bas. Mon p\u00e8re devait venir me chercher \u00e0 l\u2019arr\u00eat de bus le soir, je ne pouvais pas sortir mon t\u00e9l\u00e9phone comme je le souhaitais dans la rue. Ici on est plus libre.\u00a0\u00bb<\/p>\n<p class=\" wall-content\">Cette situation, Dominique Daria n\u2019est pas la seule \u00e0 la vivre. Autour d\u2019elle, beaucoup d\u2019amis se r\u00e9unissent \u00e9galement pour les f\u00eates. \u00ab\u00a0J\u2019ai un ami qui va \u00e0 Caen retrouver des amis. C\u2019est une situation courante.\u00a0\u00bb<\/p>\n<p>Suivez l\u2019actualit\u00e9 de Rouen <a href=\"https:\/\/www.whatsapp.com\/channel\/0029VaKfnf99hXF2ddApFB1D\" target=\"_blank\" rel=\"noopener\">sur notre cha\u00eene WhatsApp<\/a> et <a href=\"https:\/\/www.tiktok.com\/@76actu.fr?lang=fr\" target=\"_blank\" rel=\"noopener\">sur notre compte TikTok<\/a><\/p>\n<p class=\" wall-content\">Personnalisez votre actualit\u00e9 en ajoutant vos villes et m\u00e9dias en favori avec <a href=\"https:\/\/moncompte.actu.fr\" title=\"D\u00e9couvez Mon Actu\" rel=\"nofollow noopener\" data-trk=\"{&quot;cta&quot;:{&quot;action&quot;:&quot;https:\\\/\\\/moncompte.actu.fr&quot;,&quot;category&quot;:&quot;mon compte&quot;,&quot;from&quot;:&quot;article footer&quot;,&quot;name&quot;:&quot;Mon actu&quot;,&quot;type&quot;:&quot;cta&quot;}}\" target=\"_blank\">Mon Actu<\/a>.<\/p>\n<p>                    <script async src=\"\/\/www.tiktok.com\/embed.js\"><\/script><\/p>\n","protected":false},"excerpt":{"rendered":"Par Lily Dedeye Publi\u00e9 le 25 d\u00e9c. 2025 \u00e0 18h13 Pour No\u00ebl, Dominique Daria, Ibraheem et Hanane, \u00e9tudiants&hellip;\n","protected":false},"author":2,"featured_media":621919,"comment_status":"","ping_status":"","sticky":false,"template":"","format":"standard","meta":{"footnotes":""},"categories":[9587],"tags":[1111,11,1777,674,1011,27,1757,12,5161,25,9590],"class_list":{"0":"post-621918","1":"post","2":"type-post","3":"status-publish","4":"format-standard","5":"has-post-thumbnail","7":"category-rouen","8":"tag-actu","9":"tag-actualites","10":"tag-eu","11":"tag-europe","12":"tag-fr","13":"tag-france","14":"tag-insolite","15":"tag-news","16":"tag-normandie","17":"tag-republique-francaise","18":"tag-rouen"},"share_on_mastodon":{"url":"https:\/\/pubeurope.com\/@fr\/115781397987518615","error":""},"_links":{"self":[{"href":"https:\/\/www.europesays.com\/fr\/wp-json\/wp\/v2\/posts\/621918","targetHints":{"allow":["GET"]}}],"collection":[{"href":"https:\/\/www.europesays.com\/fr\/wp-json\/wp\/v2\/posts"}],"about":[{"href":"https:\/\/www.europesays.com\/fr\/wp-json\/wp\/v2\/types\/post"}],"author":[{"embeddable":true,"href":"https:\/\/www.europesays.com\/fr\/wp-json\/wp\/v2\/users\/2"}],"replies":[{"embeddable":true,"href":"https:\/\/www.europesays.com\/fr\/wp-json\/wp\/v2\/comments?post=621918"}],"version-history":[{"count":0,"href":"https:\/\/www.europesays.com\/fr\/wp-json\/wp\/v2\/posts\/621918\/revisions"}],"wp:featuredmedia":[{"embeddable":true,"href":"https:\/\/www.europesays.com\/fr\/wp-json\/wp\/v2\/media\/621919"}],"wp:attachment":[{"href":"https:\/\/www.europesays.com\/fr\/wp-json\/wp\/v2\/media?parent=621918"}],"wp:term":[{"taxonomy":"category","embeddable":true,"href":"https:\/\/www.europesays.com\/fr\/wp-json\/wp\/v2\/categories?post=621918"},{"taxonomy":"post_tag","embeddable":true,"href":"https:\/\/www.europesays.com\/fr\/wp-json\/wp\/v2\/tags?post=621918"}],"curies":[{"name":"wp","href":"https:\/\/api.w.org\/{rel}","templated":true}]}}