{"id":621922,"date":"2025-12-25T17:36:15","date_gmt":"2025-12-25T17:36:15","guid":{"rendered":"https:\/\/www.europesays.com\/fr\/621922\/"},"modified":"2025-12-25T17:36:15","modified_gmt":"2025-12-25T17:36:15","slug":"anne-marie-quemener-elevee-au-rang-dofficier-du-merite-agricole-a-rennes","status":"publish","type":"post","link":"https:\/\/www.europesays.com\/fr\/621922\/","title":{"rendered":"Anne-Marie Qu\u00e9m\u00e9ner \u00e9lev\u00e9e au rang d\u2019officier du M\u00e9rite agricole \u00e0 Rennes"},"content":{"rendered":"<p>                    Par<br \/>\n        <strong><br \/>\n            <a href=\"https:\/\/actu.fr\/auteur\/redaction-terra\" title=\"Consulter tous les articles de R\u00e9daction Terra\" target=\"_blank\" rel=\"noopener\">R\u00e9daction Terra<\/a><br \/>\n                    <\/strong><\/p>\n<p>        Publi\u00e9 le<\/p>\n<p>            25 d\u00e9c. 2025 \u00e0 18h06        <\/p>\n<p data-end=\"870\"><b>Anne-Marie Qu\u00e9m\u00e9ner, commissaire g\u00e9n\u00e9rale du <a href=\"https:\/\/www.space.fr\" target=\"_blank\" rel=\"noopener\">SPACE<\/a><\/b>, a \u00e9t\u00e9 distingu\u00e9e par l\u2019<b>Ordre du M\u00e9rite agricole<\/b>. La c\u00e9r\u00e9monie s\u2019est tenue le 12\u00a0d\u00e9cembre dans les salons de l\u2019H\u00f4tel de Ville de <a href=\"https:\/\/actu.fr\/bretagne\/rennes_35238\" target=\"_blank\" rel=\"noopener\">Rennes<\/a>, en pr\u00e9sence de nombreux acteurs du monde agricole et institutionnel. Elle a \u00e9t\u00e9 d\u00e9cor\u00e9e par <b>Guillaume Rou\u00e9, premier vice-pr\u00e9sident de l\u2019Association des membres de l\u2019Ordre du M\u00e9rite agricole<\/b> (Amoma) nationale et lui-m\u00eame officier du M\u00e9rite agricole.<\/p>\n<p>Une reconnaissance de l\u2019engagement au service des fili\u00e8res agricoles<\/p>\n<p data-end=\"1304\" class=\" wall-content\">Cette nomination au grade d\u2019officier vient saluer l\u2019implication de longue date d\u2019Anne-Marie Qu\u00e9m\u00e9ner au service de l\u2019agriculture, en Bretagne comme \u00e0 l\u2019international. \u00c0 travers ses fonctions, elle a contribu\u00e9 \u00e0 accompagner les fili\u00e8res d\u2019\u00e9levage et \u00e0 renforcer les liens entre les diff\u00e9rents acteurs du secteur agricole.<\/p>\n<p data-end=\"1729\" class=\" wall-content\">Depuis plus de trois d\u00e9cennies, Anne-Marie Qu\u00e9m\u00e9ner \u0153uvre au d\u00e9veloppement du SPACE, l\u2019un des principaux salons europ\u00e9ens d\u00e9di\u00e9s \u00e0 l\u2019\u00e9levage. Sous sa direction, l\u2019\u00e9v\u00e9nement a renforc\u00e9 sa dimension internationale, son r\u00f4le de vitrine de l\u2019innovation et sa place de plateforme d\u2019\u00e9changes pour les professionnels du monde entier.<\/p>\n<p>Un hommage collectif lors de la c\u00e9r\u00e9monie<\/p>\n<p data-end=\"2330\" class=\" wall-content\">Lors de la remise des insignes, les qualit\u00e9s de leadership et l\u2019engagement de la commissaire g\u00e9n\u00e9rale ont \u00e9t\u00e9 soulign\u00e9s par Guillaume Rou\u00e9, ainsi que par <b>Nathalie App\u00e9r\u00e9, maire de Rennes et pr\u00e9sidente de Rennes M\u00e9tropole<\/b>. Dans son discours, Anne-Marie Qu\u00e9m\u00e9ner a tenu \u00e0 associer cette distinction \u00e0 son \u00e9quipe et \u00e0 l\u2019ensemble des femmes et des hommes qui participent chaque ann\u00e9e au succ\u00e8s du SPACE. Elle a \u00e9galement rappel\u00e9 l\u2019ancrage agricole du salon et sa vocation professionnelle, internationale et conviviale.<\/p>\n<p>Vid\u00e9os : en ce moment sur Actu<\/p>\n<p data-end=\"2650\" class=\" wall-content\">Elle a enfin d\u00e9di\u00e9 cette reconnaissance aux agriculteurs du Centre-Bretagne, tout en \u00e9voquant les difficult\u00e9s \u00e9conomiques et sanitaires qu\u2019ils traversent, et en appelant \u00e0 renforcer les coop\u00e9rations internationales, notamment avec l\u2019Afrique, face aux enjeux alimentaires mondiaux.<\/p>\n<p class=\" wall-content\">Personnalisez votre actualit\u00e9 en ajoutant vos villes et m\u00e9dias en favori avec <a href=\"https:\/\/moncompte.actu.fr\" title=\"D\u00e9couvez Mon Actu\" rel=\"nofollow noopener\" data-trk=\"{&quot;cta&quot;:{&quot;action&quot;:&quot;https:\\\/\\\/moncompte.actu.fr&quot;,&quot;category&quot;:&quot;mon compte&quot;,&quot;from&quot;:&quot;article footer&quot;,&quot;name&quot;:&quot;Mon actu&quot;,&quot;type&quot;:&quot;cta&quot;}}\" target=\"_blank\">Mon Actu<\/a>.<\/p>\n","protected":false},"excerpt":{"rendered":"Par R\u00e9daction Terra Publi\u00e9 le 25 d\u00e9c. 2025 \u00e0 18h06 Anne-Marie Qu\u00e9m\u00e9ner, commissaire g\u00e9n\u00e9rale du SPACE, a \u00e9t\u00e9&hellip;\n","protected":false},"author":2,"featured_media":621923,"comment_status":"","ping_status":"","sticky":false,"template":"","format":"standard","meta":{"footnotes":""},"categories":[2821],"tags":[1111,11,327,829,33,1777,674,1011,27,12,584,25,49243],"class_list":{"0":"post-621922","1":"post","2":"type-post","3":"status-publish","4":"format-standard","5":"has-post-thumbnail","7":"category-rennes","8":"tag-actu","9":"tag-actualites","10":"tag-agriculture","11":"tag-bretagne","12":"tag-economie","13":"tag-eu","14":"tag-europe","15":"tag-fr","16":"tag-france","17":"tag-news","18":"tag-rennes","19":"tag-republique-francaise","20":"tag-space-rennes"},"share_on_mastodon":{"url":"https:\/\/pubeurope.com\/@fr\/115781421275160768","error":""},"_links":{"self":[{"href":"https:\/\/www.europesays.com\/fr\/wp-json\/wp\/v2\/posts\/621922","targetHints":{"allow":["GET"]}}],"collection":[{"href":"https:\/\/www.europesays.com\/fr\/wp-json\/wp\/v2\/posts"}],"about":[{"href":"https:\/\/www.europesays.com\/fr\/wp-json\/wp\/v2\/types\/post"}],"author":[{"embeddable":true,"href":"https:\/\/www.europesays.com\/fr\/wp-json\/wp\/v2\/users\/2"}],"replies":[{"embeddable":true,"href":"https:\/\/www.europesays.com\/fr\/wp-json\/wp\/v2\/comments?post=621922"}],"version-history":[{"count":0,"href":"https:\/\/www.europesays.com\/fr\/wp-json\/wp\/v2\/posts\/621922\/revisions"}],"wp:featuredmedia":[{"embeddable":true,"href":"https:\/\/www.europesays.com\/fr\/wp-json\/wp\/v2\/media\/621923"}],"wp:attachment":[{"href":"https:\/\/www.europesays.com\/fr\/wp-json\/wp\/v2\/media?parent=621922"}],"wp:term":[{"taxonomy":"category","embeddable":true,"href":"https:\/\/www.europesays.com\/fr\/wp-json\/wp\/v2\/categories?post=621922"},{"taxonomy":"post_tag","embeddable":true,"href":"https:\/\/www.europesays.com\/fr\/wp-json\/wp\/v2\/tags?post=621922"}],"curies":[{"name":"wp","href":"https:\/\/api.w.org\/{rel}","templated":true}]}}