{"id":621924,"date":"2025-12-25T17:37:14","date_gmt":"2025-12-25T17:37:14","guid":{"rendered":"https:\/\/www.europesays.com\/fr\/621924\/"},"modified":"2025-12-25T17:37:14","modified_gmt":"2025-12-25T17:37:14","slug":"genoa-gronbaek-renvoye-a-rennes","status":"publish","type":"post","link":"https:\/\/www.europesays.com\/fr\/621924\/","title":{"rendered":"Genoa : Gr\u00f8nbaek renvoy\u00e9 \u00e0 Rennes ?"},"content":{"rendered":"<p>le <b>25\/12\/2025<\/b>  \u00e0 <b>18h03<\/b><\/p>\n<p>De retour d&rsquo;un pr\u00eat de six mois \u00e0 Southampton l&rsquo;\u00e9t\u00e9 dernier, Albert Gr\u00f8nb\u00e6k (24 ans, 4 apparitions en Serie A avec Genoa cette saison) avait de nouveau quitt\u00e9 Rennes pour rejoindre le Genoa dans le cadre d&rsquo;un nouveau pr\u00eat. Probl\u00e8me, le Danois joue tr\u00e8s peu en Italie. Selon le journaliste Nicolo Schira, le 16e de Serie A compte m\u00eame renvoyer le Scandinave en Bretagne cet hiver. Il sera int\u00e9ressant, si c&rsquo;est le cas, de voir si Habib Beye est pr\u00eat \u00e0 relancer le joueur chez les Rouge et Noir.<\/p>\n<p>(Par Romain Rigaux)<\/p>\n","protected":false},"excerpt":{"rendered":"le 25\/12\/2025 \u00e0 18h03 De retour d&rsquo;un pr\u00eat de six mois \u00e0 Southampton l&rsquo;\u00e9t\u00e9 dernier, Albert Gr\u00f8nb\u00e6k (24&hellip;\n","protected":false},"author":2,"featured_media":621925,"comment_status":"","ping_status":"","sticky":false,"template":"","format":"standard","meta":{"footnotes":""},"categories":[2821],"tags":[1111,11,829,1777,674,1011,27,12,584,25],"class_list":{"0":"post-621924","1":"post","2":"type-post","3":"status-publish","4":"format-standard","5":"has-post-thumbnail","7":"category-rennes","8":"tag-actu","9":"tag-actualites","10":"tag-bretagne","11":"tag-eu","12":"tag-europe","13":"tag-fr","14":"tag-france","15":"tag-news","16":"tag-rennes","17":"tag-republique-francaise"},"share_on_mastodon":{"url":"https:\/\/pubeurope.com\/@fr\/115781425216512183","error":""},"_links":{"self":[{"href":"https:\/\/www.europesays.com\/fr\/wp-json\/wp\/v2\/posts\/621924","targetHints":{"allow":["GET"]}}],"collection":[{"href":"https:\/\/www.europesays.com\/fr\/wp-json\/wp\/v2\/posts"}],"about":[{"href":"https:\/\/www.europesays.com\/fr\/wp-json\/wp\/v2\/types\/post"}],"author":[{"embeddable":true,"href":"https:\/\/www.europesays.com\/fr\/wp-json\/wp\/v2\/users\/2"}],"replies":[{"embeddable":true,"href":"https:\/\/www.europesays.com\/fr\/wp-json\/wp\/v2\/comments?post=621924"}],"version-history":[{"count":0,"href":"https:\/\/www.europesays.com\/fr\/wp-json\/wp\/v2\/posts\/621924\/revisions"}],"wp:featuredmedia":[{"embeddable":true,"href":"https:\/\/www.europesays.com\/fr\/wp-json\/wp\/v2\/media\/621925"}],"wp:attachment":[{"href":"https:\/\/www.europesays.com\/fr\/wp-json\/wp\/v2\/media?parent=621924"}],"wp:term":[{"taxonomy":"category","embeddable":true,"href":"https:\/\/www.europesays.com\/fr\/wp-json\/wp\/v2\/categories?post=621924"},{"taxonomy":"post_tag","embeddable":true,"href":"https:\/\/www.europesays.com\/fr\/wp-json\/wp\/v2\/tags?post=621924"}],"curies":[{"name":"wp","href":"https:\/\/api.w.org\/{rel}","templated":true}]}}